{"id":37623,"date":"2024-12-06T16:48:08","date_gmt":"2024-12-06T13:48:08","guid":{"rendered":"https:\/\/mersinkadingazetesi.com\/?p=37623"},"modified":"2024-12-06T16:48:09","modified_gmt":"2024-12-06T13:48:09","slug":"akdeniz-belediyesi-meclis-uyelerinden-spora-ve-sporculara-formali-destek","status":"publish","type":"post","link":"https:\/\/mersinkadingazetesi.com\/?p=37623","title":{"rendered":"AKDEN\u0130Z BELED\u0130YES\u0130 MECL\u0130S \u00dcYELER\u0130NDEN SPORA VE SPORCULARA FORMALI DESTEK"},"content":{"rendered":"\n<p>Akdeniz Belediye Meclisi\u2019nin Aral\u0131k ay\u0131 ikinci birle\u015fimi, E\u015f Ba\u015fkanlar Nuriye Arslan ve Ho\u015fyar Sar\u0131y\u0131ld\u0131z y\u00f6netiminde ger\u00e7ekle\u015fti. Komisyonlardan oybirli\u011fi ile gelen kararlar\u0131n, Meclis \u00fcyelerince de yine oybirli\u011fi ile kabul edildi\u011fi toplant\u0131da Meclis \u00fcyeleri, \u00e7ocuklar\u0131 spora te\u015fvik etmek amat\u00f6r sporcular\u0131 desteklemek ad\u0131na, Akdeniz Belediye Spor Kul\u00fcb\u00fc\u2019n\u00fcn mavi beyaz renkli formalar\u0131n\u0131 giydi.<\/p>\n\n\n\n<p>Duyarl\u0131l\u0131klar\u0131 i\u00e7in Meclis \u00fcyelerine te\u015fekk\u00fcr eden E\u015f Ba\u015fkan Sar\u0131y\u0131ld\u0131z, yak\u0131n d\u00f6nemde spora, sporculara y\u00f6nelik sportif, k\u00fclt\u00fcrel ve e\u011fitim a\u011f\u0131rl\u0131kl\u0131 tesis ve projeleri hayata ge\u00e7ireceklerinin ifade etti. Sar\u0131y\u0131ld\u0131z, kentin amat\u00f6r spor kul\u00fcplerine sa\u011flad\u0131klar\u0131 deste\u011fi de yeni y\u0131ldan sonra kat\u0131na \u00e7\u0131karacaklar\u0131n\u0131 kaydetti.<\/p>\n\n\n\n<p>\u201cPetrol dolum tesislerinin kapasite art\u0131\u015f\u0131na \u2018kar\u015f\u0131 g\u00f6r\u00fc\u015f\u2019 bildirdik\u201d<\/p>\n\n\n\n<p>CHP ve DEM Partili Meclis \u00fcyelerinin; Adanal\u0131o\u011flu\u2019nda bulunan petrol dolum tesislerinin kapasite art\u0131\u015f\u0131na ili\u015fkin projeye ili\u015fkin ele\u015ftiri ve \u00f6nerileri \u00fczerine s\u00f6z alan E\u015f Ba\u015fkan Ho\u015fyar Sar\u0131y\u0131ld\u0131z, Mersin \u00c7evre ve \u015eehircilik \u0130l M\u00fcd\u00fcrl\u00fc\u011f\u00fc\u2019nden bir s\u00fcre \u00f6nce kuruma gelen konuyla ilgili yaz\u0131ya, Akdeniz Belediyesi olarak olumsuz g\u00f6r\u00fc\u015f bildirdiklerini belirterek bunun t\u00fcm kent kamuoyunca bilinmesi gerekti\u011fini vurgulad\u0131. E\u015f Ba\u015fkan Ho\u015fyar Sar\u0131y\u0131ld\u0131z; \u201cBelediyemizin, gerek yer alt\u0131, gerek yer \u00fcst\u00fc canl\u0131 habitat\u0131na kar\u015f\u0131 en ufak bir zarar\u0131n, ekosistemimizde yarat\u0131labilecek en ufak bir tahribat\u0131n \u00f6n\u00fcnde durdu\u011fumuzu, \u00e7ok yak\u0131n zamanda d\u00fczenledi\u011fimiz iklim krizi \u00e7al\u0131\u015ftay\u0131m\u0131zda da bu mesajlar\u0131 net bir \u015fekilde verdi\u011fimizi belirterek, bu konuda olumsuz de\u011ferlendirmemizi ilgili kurumlara iletti\u011fimizi k\u0131ymetli kamuoyu ile payla\u015fm\u0131\u015f olal\u0131m. Biz, Akdeniz\u2019in do\u011fas\u0131na, denizine ve burada ya\u015fayan her bir canl\u0131s\u0131na kar\u015f\u0131 do\u011fabilecek en ufak bir&nbsp; sorunun yan\u0131nda yer almay\u0131z, kar\u015f\u0131s\u0131nda dururuz. Hukuken ve siyaseten \u00fczerimize d\u00fc\u015fen sorumlulu\u011fu eksiksiz yerine getiririz\u201d dedi.<\/p>\n\n\n\n<p>\u201cTesisin kapasite art\u0131\u015f\u0131na kar\u015f\u0131 \u2018olumsuz\u2019 g\u00f6r\u00fc\u015f\u00fcm\u00fcz\u00fc bildirdik\u201d<\/p>\n\n\n\n<p>Konuya dair s\u00f6z alan Ba\u015fkan Yard\u0131mc\u0131s\u0131 ve DEM Partili Meclis \u00dcyesi \u00d6zg\u00fcr \u00c7a\u011flar ise, konunun; baz\u0131 yerel gazetelerde Akdeniz Belediyesi\u2019nin aleyhinde haberle\u015ftirilip kamuoyunun yan\u0131lt\u0131ld\u0131\u011f\u0131n\u0131 s\u00f6yledi. \u00c7a\u011flar; \u201c\u00c7evre ve \u015eehircilik \u0130l M\u00fcd\u00fcrl\u00fc\u011f\u00fc taraf\u0131ndan belediyemize bir yaz\u0131 yaz\u0131l\u0131p g\u00f6r\u00fc\u015f sorulmu\u015f. Yaz\u0131da \u2018b\u00f6yle bir dolum tesis yap\u0131lacak, tesisin kapasite art\u0131\u015f\u0131 da var\u2019 diyor. Biz de 21 May\u0131s 2024 tarihinde dolum tesisinin kapasite art\u0131\u015f\u0131na ili\u015fkin g\u00f6r\u00fc\u015f\u00fcm\u00fcz\u00fcn \u201columsuz oldu\u011funu\u201d belirtip ilgili kurumlara g\u00f6ndermi\u015fiz. Fakat 3 g\u00fcnd\u00fcr yerel bas\u0131nda DEM Partili Akdeniz Belediyesi\u2019nin Adanal\u0131o\u011flu halk\u0131n\u0131n sesini duymad\u0131\u011f\u0131na dair aleyhe bir propaganda yap\u0131l\u0131yor. Adanal\u0131o\u011flu Mahallesi ba\u015fta olmak \u00fczere, t\u00fcm Akdeniz kamuoyuna s\u00f6ylemek istiyoruz ki; Akdeniz Belediyesi olarak, burada yap\u0131lmak istenen dolum tesisinin kapasite art\u0131\u015f\u0131na y\u00f6nelik olumsuz g\u00f6r\u00fc\u015f yaz\u0131p resmi olarak ilgili t\u00fcm kurumlara ilettik. \u00dczerimize d\u00fc\u015fen g\u00f6revi yerine getirdik\u201d diye konu\u015ftu.<\/p>\n\n\n\n<p>E\u015f Ba\u015fkan Sar\u0131y\u0131ld\u0131z\u2019a yetki verildi<\/p>\n\n\n\n<p>Meclis\u2019te ayr\u0131ca 5620 Say\u0131l\u0131 Yasan\u0131n Ge\u00e7ici 1. maddesi gere\u011fince, Belediyede ge\u00e7ici i\u015f\u00e7i stat\u00fcs\u00fcnde \u00e7al\u0131\u015fmakta olan personellerin 2025 y\u0131l\u0131nda da \u00e7al\u0131\u015ft\u0131r\u0131labilmesi i\u00e7in haz\u0131rlanan Ge\u00e7ici \u0130\u015f\u00e7i Vize Cetveline ili\u015fkin Plan ve B\u00fct\u00e7e Komisyon raporu oy birli\u011fi ile kabul edildi. Yine 4857 Say\u0131l\u0131 Yasa kapsam\u0131nda \u00e7al\u0131\u015fmakta olan 21 kadrolu i\u015f\u00e7inin emeklilik talebinde bulunmalar\u0131 nedeniyle tahakkuk eden ihbar ve k\u0131dem tazminat tutarlar\u0131n\u0131n \u00f6denebilmesi i\u00e7in \u0130ller Bankas\u0131\u2019ndan kredi kullan\u0131lmas\u0131 noktas\u0131nda E\u015f Ba\u015fkan Sar\u0131y\u0131ld\u0131z\u2019a yetki verilmesini i\u00e7eren Plan ve B\u00fct\u00e7e ile Hukuk ve Toplumsal Adalet Komisyon raporlar\u0131 Meclis \u00fcyelerinin oybirli\u011fi ile kabul edildi.<\/p>\n\n\n\n<p>E\u015f Ba\u015fkanlardan yeni y\u0131l mesaj\u0131\u2026<\/p>\n\n\n\n<p>G\u00fcndem maddelerinin konu\u015fulmas\u0131n\u0131n ard\u0131ndan Akdeniz Belediyesi E\u015f Ba\u015fkanlar\u0131 Nuriye Arslan ve Ho\u015fyar Sar\u0131y\u0131ld\u0131z ele\u015ftirilere yan\u0131t verdi. Yeni y\u0131l\u0131n son Meclisi\u2019ni yapt\u0131klar\u0131n\u0131 hat\u0131rlatan E\u015f Ba\u015fkanlar yeni y\u0131lda ba\u015fta Ortado\u011fu co\u011frafyas\u0131 olmak \u00fczere t\u00fcm insanl\u0131\u011f\u0131 bar\u0131\u015f, huzur ve karde\u015flik temennilerini ifade etti.<\/p>\n\n\n\n<p>E\u015f Ba\u015fkan Nuriye Arslan, Meclis\u2019te dile getirilen ele\u015ftirilerin yap\u0131c\u0131 olmas\u0131 gerekti\u011finin de alt\u0131n\u0131 \u00e7izerek; \u201cHer arkada\u015f\u0131m\u0131za bir telefon mesafesi uzakl\u0131\u011f\u0131nday\u0131z. Olumlu ele\u015ftirilerle \u00f6rnek bir belediye olabiliriz. Bir sonraki Meclisimizi de yeni y\u0131lda yapm\u0131\u015f olaca\u011f\u0131z. \u00d6zellikle, Ortado\u011fu\u2019da ortaya \u00e7\u0131kan sava\u015f halinin ve ya\u015fanan ac\u0131lar\u0131n durmas\u0131n\u0131 temenni ediyorum. Bu topraklarda bar\u0131\u015f\u0131n h\u00fckmedece\u011fi ortak bir d\u00fcnya, hepimizin huzur i\u00e7inde ya\u015fayabilece\u011fi bir gelecek dile\u011fiyle, Meclis \u00fcyelerimizin ve t\u00fcm halk\u0131m\u0131z\u0131n yeni y\u0131l\u0131 kutlu olsun\u201d ifadelerini kulland\u0131.<\/p>\n\n\n\n<p>Akdeniz Belediye Meclisi\u2019nin, yeni y\u0131ldaki ilk toplant\u0131s\u0131 6 Ocak 2025 Pazartesi g\u00fcn\u00fc saat 14:00\u2019te yap\u0131lacak.<\/p>\n","protected":false},"excerpt":{"rendered":"<p>Akdeniz Belediye Meclisi\u2019nin Aral\u0131k ay\u0131 ikinci birle\u015fimi, E\u015f Ba\u015fkanlar Nuriye Arslan ve Ho\u015fyar Sar\u0131y\u0131ld\u0131z y\u00f6netiminde ger\u00e7ekle\u015fti. Komisyonlardan oybirli\u011fi ile gelen kararlar\u0131n, Meclis \u00fcyelerince de yine oybirli\u011fi ile kabul edildi\u011fi toplant\u0131da Meclis \u00fcyeleri, \u00e7ocuklar\u0131 spora te\u015fvik etmek amat\u00f6r sporcular\u0131 desteklemek ad\u0131na, Akdeniz Belediye Spor Kul\u00fcb\u00fc\u2019n\u00fcn mavi beyaz renkli formalar\u0131n\u0131 giydi. Duyarl\u0131l\u0131klar\u0131 i\u00e7in Meclis \u00fcyelerine te\u015fekk\u00fcr eden [&hellip;]<\/p>\n","protected":false},"author":2,"featured_media":37624,"comment_status":"closed","ping_status":"closed","sticky":false,"template":"","format":"standard","meta":{"footnotes":""},"categories":[3],"tags":[],"class_list":["post-37623","post","type-post","status-publish","format-standard","has-post-thumbnail","hentry","category-manset"],"views":2,"_links":{"self":[{"href":"https:\/\/mersinkadingazetesi.com\/index.php?rest_route=\/wp\/v2\/posts\/37623"}],"collection":[{"href":"https:\/\/mersinkadingazetesi.com\/index.php?rest_route=\/wp\/v2\/posts"}],"about":[{"href":"https:\/\/mersinkadingazetesi.com\/index.php?rest_route=\/wp\/v2\/types\/post"}],"author":[{"embeddable":true,"href":"https:\/\/mersinkadingazetesi.com\/index.php?rest_route=\/wp\/v2\/users\/2"}],"replies":[{"embeddable":true,"href":"https:\/\/mersinkadingazetesi.com\/index.php?rest_route=%2Fwp%2Fv2%2Fcomments&post=37623"}],"version-history":[{"count":1,"href":"https:\/\/mersinkadingazetesi.com\/index.php?rest_route=\/wp\/v2\/posts\/37623\/revisions"}],"predecessor-version":[{"id":37625,"href":"https:\/\/mersinkadingazetesi.com\/index.php?rest_route=\/wp\/v2\/posts\/37623\/revisions\/37625"}],"wp:featuredmedia":[{"embeddable":true,"href":"https:\/\/mersinkadingazetesi.com\/index.php?rest_route=\/wp\/v2\/media\/37624"}],"wp:attachment":[{"href":"https:\/\/mersinkadingazetesi.com\/index.php?rest_route=%2Fwp%2Fv2%2Fmedia&parent=37623"}],"wp:term":[{"taxonomy":"category","embeddable":true,"href":"https:\/\/mersinkadingazetesi.com\/index.php?rest_route=%2Fwp%2Fv2%2Fcategories&post=37623"},{"taxonomy":"post_tag","embeddable":true,"href":"https:\/\/mersinkadingazetesi.com\/index.php?rest_route=%2Fwp%2Fv2%2Ftags&post=37623"}],"curies":[{"name":"wp","href":"https:\/\/api.w.org\/{rel}","templated":true}]}}