{"id":37626,"date":"2024-12-08T10:49:27","date_gmt":"2024-12-08T07:49:27","guid":{"rendered":"https:\/\/mersinkadingazetesi.com\/?p=37626"},"modified":"2024-12-08T10:49:27","modified_gmt":"2024-12-08T07:49:27","slug":"yildiz-toroslarda-pandemi-mi-var","status":"publish","type":"post","link":"https:\/\/mersinkadingazetesi.com\/?p=37626","title":{"rendered":"-YILDIZ: TOROSLAR&#8217;DA PANDEM\u0130 M\u0130 VAR?"},"content":{"rendered":"\n<p>Toroslar Belediye Ba\u015fkan\u0131 Abdurrahman Y\u0131ld\u0131z, belediyedeki baz\u0131 personelin s\u00fcrekli rapor alarak i\u015fe gelmedi\u011fini, bu ki\u015filerin aralar\u0131nda 160 g\u00fcnd\u00fcr rapor alanlar oldu\u011funu s\u00f6yledi. Y\u0131ld\u0131z, rapor alarak 160 g\u00fcnd\u00fcr i\u015fe gelmeyen personelin malulen emekli edilmesi i\u00e7in giri\u015fimlere ba\u015flad\u0131klar\u0131n\u0131, ayr\u0131ca ayn\u0131 i\u015f\u00e7ilere s\u00fcrekli rapor veren 2 hekim hakk\u0131nda da \u0130l Sa\u011fl\u0131k M\u00fcd\u00fcrl\u00fc\u011f\u00fcne ba\u015fvurduklar\u0131n\u0131 s\u00f6yledi.<\/p>\n\n\n\n<p>Toroslar Belediye Meclisinin aral\u0131k ay\u0131 ola\u011fan toplant\u0131s\u0131n\u0131n ikinci birle\u015fimi Toroslar Belediye Ba\u015fkan\u0131 Abdurrahman Y\u0131ld\u0131z ba\u015fkanl\u0131\u011f\u0131nda yap\u0131ld\u0131.<\/p>\n\n\n\n<p>Toplant\u0131da baz\u0131 belediye meclis \u00fcyelerinin, i\u015f\u00e7ilerin izinleriyle ilgili s\u00f6z almas\u0131 \u00fczerine a\u00e7\u0131klamalarda bulunan Ba\u015fkan Y\u0131ld\u0131z, izinlerin, i\u015f yo\u011funlu\u011funun daha d\u00fc\u015f\u00fck oldu\u011fu aylarda kulland\u0131r\u0131lmas\u0131n\u0131 planlad\u0131klar\u0131n\u0131 s\u00f6yledi.<\/p>\n\n\n\n<p><strong>&#8220;TOROSLAR&#8217;DA PANDEM\u0130 M\u0130 VAR?&#8221;<\/strong><\/p>\n\n\n\n<p>\u0130\u015fe gelmemeyi al\u0131\u015fkanl\u0131k haline getiren ve sa\u011fl\u0131k raporlar\u0131n\u0131 suistimal eden i\u015f\u00e7ilerin, belediyenin i\u015f ak\u0131\u015f\u0131n\u0131n aksamas\u0131na neden oldu\u011funa de\u011finen Y\u0131ld\u0131z, &#8220;Bizim, ayda belediyeye yakla\u015f\u0131k 80 bin lira maliyeti olan ve an itibar\u0131yla 150, 160 g\u00fcnd\u00fcr i\u015fe gelmeyen arkada\u015flar\u0131m\u0131z var. S\u00fcrekli rapor al\u0131yorlar. Bu durumla ilgili gerekli giri\u015fimleri ba\u015flatt\u0131k. \u0130\u015f Kanunu&#8217;na \u00e7ok h\u00e2kim de\u011fildim ama \u00f6\u011frendi\u011fim kadar\u0131yla, 150 g\u00fcnden fazla raporlu olan \u00e7al\u0131\u015fanlar\u0131n malulen emekli edilmesi gerekiyor. Bununla ilgili hukuki s\u00fcre\u00e7 ba\u015flatt\u0131k. \u00c7\u00fcnk\u00fc bir insan\u0131n 150 g\u00fcnden fazla i\u015fe gelmemesi i\u00e7in ya fel\u00e7 olmas\u0131 ya da t\u00fcm kemiklerinin k\u0131r\u0131lmas\u0131 ve bir daha yerine gelmemesi gerekiyor. Ama bu arkada\u015flar ne \u00f6yle bir durumda g\u00f6r\u00fcn\u00fcyor ne de ba\u015fka bir a\u011f\u0131r sa\u011fl\u0131k sorunu var gibi. \u00d6zellikle, bu raporlar\u0131n s\u00fcrekli ayn\u0131 hastane ve ayn\u0131 doktordan al\u0131nd\u0131\u011f\u0131n\u0131 g\u00f6z \u00f6n\u00fcnde bulundurursak, durum daha manidar hale geliyor. Muhtemelen yak\u0131n zamanda bu arkada\u015flar\u0131m\u0131z\u0131 emekli edece\u011fiz. Belli ki ciddi rahats\u0131zl\u0131klar\u0131 var. Buradan bir kez daha ge\u00e7mi\u015f olsun dileklerimi iletiyorum. Ancak Toroslar&#8217;da daha \u00f6nce de dile getirmi\u015ftim; tekrar s\u00f6yl\u00fcyorum: Bir salg\u0131n hastal\u0131k var gibi g\u00f6r\u00fcn\u00fcyor. Fakat bu salg\u0131n hastal\u0131\u011f\u0131 tespit edebilen sadece iki doktor var. Biri bir aile hekimi arkada\u015f\u0131m\u0131z, di\u011feri ise \u00f6zel bir hastanede \u00e7al\u0131\u015fan bir hekim arkada\u015f\u0131m\u0131z. Bu iki doktor, Toroslar&#8217;daki belediye \u00e7al\u0131\u015fanlar\u0131na s\u00fcrekli rapor veriyor. Bu durum beni \u00fcz\u00fcyor. Toroslar Belediyesi i\u015f\u00e7ilerine b\u00f6yle bir pandemi denk gelmi\u015f gibi g\u00f6r\u00fcn\u00fcyor ve bu pandemiyi tespit eden sadece iki doktor var. Di\u011fer doktor arkada\u015flar\u0131m\u0131z\u0131 g\u00f6reve davet ediyorum. Hatta Mersin Tabip Odas\u0131&#8217;n\u0131 g\u00f6reve davet ediyorum. Hem meslekta\u015flar\u0131n\u0131n mesleki yeterlilikleri konusunda bir \u00e7al\u0131\u015fma yapmalar\u0131n\u0131 hem de Toroslar&#8217;daki bu pandemi ile ilgili bir inceleme ba\u015flatmalar\u0131n\u0131 istiyorum. Hepsinin \u00e7olu\u011fu \u00e7ocu\u011fu, evi bark\u0131 var. E\u011fer bu arkada\u015flar hastal\u0131\u011f\u0131n pen\u00e7esindelerse, bir aile hekimi ve bir dahiliye uzman\u0131yla bu i\u015f \u00e7\u00f6z\u00fclemez. Toroslar&#8217;daki bu salg\u0131n\u0131n dindirilmesi i\u00e7in daha geni\u015f \u00e7apl\u0131 bir \u00e7al\u0131\u015fma yap\u0131lmas\u0131 \u015fart. S\u00fcrekli rapor veren bu hekim arkada\u015flarla ilgili olarak Mersin Tabip Odas\u0131na ve \u0130l Sa\u011fl\u0131k M\u00fcd\u00fcrl\u00fc\u011f\u00fcne ba\u015fvurumuzu yapt\u0131k&#8221; dedi.<\/p>\n\n\n\n<p><strong>&#8220;TAHS\u0130SLERDE KAMU YARARINI G\u00d6ZET\u0130YORUZ&#8221;<\/strong><\/p>\n\n\n\n<p>Toroslar Belediye Meclisi toplant\u0131s\u0131nda, Adnan Kahveci Park\u0131n\u0131n Mersin B\u00fcy\u00fck\u015fehir Belediyesine tahsis edilmesine ili\u015fkin teklif oy \u00e7oklu\u011fuyla kabul edildi.<\/p>\n\n\n\n<p>Tahsislerle ilgili meclise bilgi veren Ba\u015fkan Y\u0131ld\u0131z \u015funlar\u0131 s\u00f6yledi:<\/p>\n\n\n\n<p>&#8220;B\u00fcy\u00fck\u015fehir Belediyesi&#8217;ne bug\u00fcne kadar yapt\u0131\u011f\u0131m\u0131z ilk tahsis bu. Yani yakla\u015f\u0131k yedi ya da sekiz ayd\u0131r belediyeyi y\u00f6netiyoruz ve bu, yapt\u0131\u011f\u0131m\u0131z ilk tahsis. \u00d6ncesinde Komisyona gelen bir \u00dc\u00e7 Ocak Stadyumu meselesi vard\u0131. Arkada\u015flar\u0131m\u0131z\u0131n genel talebi \u00fczerine o konuda fazla tart\u0131\u015fma yapmad\u0131k ve meclise getirmedik.&nbsp; Tabii ki B\u00fcy\u00fck\u015fehir&#8217;e bu yerleri tahsis etti\u011fimiz zaman B\u00fcy\u00fck\u015fehir Belediye Ba\u015fkan\u0131 ya da idaresi bu yerleri omzuna al\u0131p g\u00f6t\u00fcrm\u00fcyor. Biz, tahsis edilen bu t\u00fcr yerlerde onlar\u0131n b\u00fct\u00e7e olanaklar\u0131ndan ve g\u00fcc\u00fcnden faydalanarak Toroslar halk\u0131na hizmet sunmaya \u00e7al\u0131\u015f\u0131yoruz. Mesela, \u00dc\u00e7 Ocak Park\u0131 ya da stadyumunun tahsisi yap\u0131lm\u0131\u015f olsayd\u0131, bu alanlar \u00c7a\u011fda\u015fkent Mahallesi&#8217;nden, hemen a\u015fa\u011f\u0131s\u0131ndaki Mevlana Mahallesi&#8217;nden ve yan\u0131ndaki G\u00fcneykent Mahallesi&#8217;nden hem\u015fehrilerimizin kullan\u0131m\u0131na sunulacakt\u0131. Fuat Morel Mahallesi&#8217;nden ya da Mezitli&#8217;deki bir mahalleden insanlar buraya gelip futbol, tenis, basketbol oynayacak de\u011fil. Yine buralar\u0131, tahsis yap\u0131ld\u0131ktan sonra bu mahallelerdeki hem\u015fehrilerimiz kullanacakt\u0131. Ayr\u0131ca B\u00fcy\u00fck\u015fehir Belediyesi, buran\u0131n kap\u0131s\u0131na bilet kul\u00fcbesi koyup girenden para kesmeyecek. Sonu\u00e7ta, bizim b\u00fct\u00e7e olanaklar\u0131m\u0131z belli. Biz, ge\u00e7mi\u015fte oldu\u011fu gibi bir z\u00fcmrenin konforu i\u00e7in bu tahsisleri yapm\u0131yoruz. Biz, o mahallede ya\u015fayan insanlar\u0131n hizmetine sunulmas\u0131 amac\u0131yla, B\u00fcy\u00fck\u015fehir Belediyesi&#8217;nin b\u00fct\u00e7esinden ve teknik olanaklar\u0131ndan faydalanarak bu i\u015fleri yap\u0131yoruz. Dolay\u0131s\u0131yla, bizim tahsislerimizle ge\u00e7mi\u015fte yap\u0131lan tahsisler aras\u0131ndaki temel fark budur. Biz, kamu yarar\u0131n\u0131 ve halk\u0131n genel ihtiya\u00e7lar\u0131n\u0131 g\u00f6zetiyoruz. Adnan Kahveci Park\u0131&#8217;na gelince, buras\u0131 \u00e7ok b\u00fcy\u00fck olmayan ve fazla bak\u0131m yap\u0131lmam\u0131\u015f bir park. B\u00fcy\u00fck\u015fehir Belediyesi, burada 20-25 metrekarelik bir bina oldu\u011funu ve bunu kamu yarar\u0131na faaliyet g\u00f6steren bir gruba tahsis etmek istediklerini s\u00f6yledi. Bu bina tadilat yap\u0131larak teslim edilecek. Sonu\u00e7 olarak, mesele bireysel \u00e7\u0131kar sa\u011flamak de\u011fil. Hem\u015fehrilerimizin daha konforlu, kaliteli ve temiz bir ortamda hizmet almas\u0131n\u0131 sa\u011flamak i\u00e7in \u00e7al\u0131\u015f\u0131yoruz.&#8221;<\/p>\n\n\n\n<p><strong>&#8220;ASGAR\u0130 \u00dcCRETE YAPILAN ZAM ORANINDA ZAM YAPACA\u011eIZ&#8221;<\/strong><\/p>\n\n\n\n<p>Toroslar Belediye Ba\u015fkan\u0131 Abdurrahman Y\u0131ld\u0131z, belediye meclisi toplant\u0131s\u0131nda, i\u015f\u00e7i \u00fccretleriyle ilgili sorular\u0131 da yan\u0131tlad\u0131:<\/p>\n\n\n\n<p>Y\u0131ld\u0131z,&nbsp; &#8220;B\u00fcy\u00fcklerimiz asgari \u00fccrete hangi oranda zam yaparsa, biz de \u00e7al\u0131\u015fan arkada\u015flar\u0131m\u0131za ayn\u0131 oranda zam yapaca\u011f\u0131z diye aylar \u00f6ncesinden niyetimizi beyan ettik. Bu durumdan memnun de\u011fillerse, bizimle de\u011fil, m\u00fccadelelerini Ankara&#8217;da vermeleri laz\u0131m. \u00c7\u00fcnk\u00fc asgari \u00fccretin zam oran\u0131n\u0131n y\u00fcksek olmas\u0131 i\u00e7in \u00e7aba sarf etmeleri gerekiyor. \u015eu anda y\u00fczde 25 oran\u0131nda zam konu\u015fuluyor. E\u011fer bu oranda bir zam gelirse, biz de y\u00fczde 25 zam yapaca\u011f\u0131z. Onlar y\u00fczde 35 ya da 45 al\u0131rsa, biz de ayn\u0131 oran\u0131 veririz.&#8221;<\/p>\n","protected":false},"excerpt":{"rendered":"<p>Toroslar Belediye Ba\u015fkan\u0131 Abdurrahman Y\u0131ld\u0131z, belediyedeki baz\u0131 personelin s\u00fcrekli rapor alarak i\u015fe gelmedi\u011fini, bu ki\u015filerin aralar\u0131nda 160 g\u00fcnd\u00fcr rapor alanlar oldu\u011funu s\u00f6yledi. Y\u0131ld\u0131z, rapor alarak 160 g\u00fcnd\u00fcr i\u015fe gelmeyen personelin malulen emekli edilmesi i\u00e7in giri\u015fimlere ba\u015flad\u0131klar\u0131n\u0131, ayr\u0131ca ayn\u0131 i\u015f\u00e7ilere s\u00fcrekli rapor veren 2 hekim hakk\u0131nda da \u0130l Sa\u011fl\u0131k M\u00fcd\u00fcrl\u00fc\u011f\u00fcne ba\u015fvurduklar\u0131n\u0131 s\u00f6yledi. Toroslar Belediye Meclisinin aral\u0131k [&hellip;]<\/p>\n","protected":false},"author":2,"featured_media":37627,"comment_status":"closed","ping_status":"closed","sticky":false,"template":"","format":"standard","meta":{"footnotes":""},"categories":[3,5],"tags":[],"class_list":["post-37626","post","type-post","status-publish","format-standard","has-post-thumbnail","hentry","category-manset","category-mersin"],"views":6,"_links":{"self":[{"href":"https:\/\/mersinkadingazetesi.com\/index.php?rest_route=\/wp\/v2\/posts\/37626"}],"collection":[{"href":"https:\/\/mersinkadingazetesi.com\/index.php?rest_route=\/wp\/v2\/posts"}],"about":[{"href":"https:\/\/mersinkadingazetesi.com\/index.php?rest_route=\/wp\/v2\/types\/post"}],"author":[{"embeddable":true,"href":"https:\/\/mersinkadingazetesi.com\/index.php?rest_route=\/wp\/v2\/users\/2"}],"replies":[{"embeddable":true,"href":"https:\/\/mersinkadingazetesi.com\/index.php?rest_route=%2Fwp%2Fv2%2Fcomments&post=37626"}],"version-history":[{"count":1,"href":"https:\/\/mersinkadingazetesi.com\/index.php?rest_route=\/wp\/v2\/posts\/37626\/revisions"}],"predecessor-version":[{"id":37628,"href":"https:\/\/mersinkadingazetesi.com\/index.php?rest_route=\/wp\/v2\/posts\/37626\/revisions\/37628"}],"wp:featuredmedia":[{"embeddable":true,"href":"https:\/\/mersinkadingazetesi.com\/index.php?rest_route=\/wp\/v2\/media\/37627"}],"wp:attachment":[{"href":"https:\/\/mersinkadingazetesi.com\/index.php?rest_route=%2Fwp%2Fv2%2Fmedia&parent=37626"}],"wp:term":[{"taxonomy":"category","embeddable":true,"href":"https:\/\/mersinkadingazetesi.com\/index.php?rest_route=%2Fwp%2Fv2%2Fcategories&post=37626"},{"taxonomy":"post_tag","embeddable":true,"href":"https:\/\/mersinkadingazetesi.com\/index.php?rest_route=%2Fwp%2Fv2%2Ftags&post=37626"}],"curies":[{"name":"wp","href":"https:\/\/api.w.org\/{rel}","templated":true}]}}