{"id":37629,"date":"2024-12-08T10:50:43","date_gmt":"2024-12-08T07:50:43","guid":{"rendered":"https:\/\/mersinkadingazetesi.com\/?p=37629"},"modified":"2024-12-08T10:50:44","modified_gmt":"2024-12-08T07:50:44","slug":"buyuksehir-270-kulube-toplam-11-milyon-740-bin-500-tl-nakdi-destek-sagliyor","status":"publish","type":"post","link":"https:\/\/mersinkadingazetesi.com\/?p=37629","title":{"rendered":"B\u00dcY\u00dcK\u015eEH\u0130R, 270 KUL\u00dcBE TOPLAM 11 M\u0130LYON 740 B\u0130N 500 TL NAKD\u0130 DESTEK SA\u011eLIYOR"},"content":{"rendered":"\n<p>Mersin B\u00fcy\u00fck\u015fehir Belediye Ba\u015fkan\u0131 Vahap Se\u00e7er,&nbsp;<strong><em>&#8216;Amat\u00f6r Spora Desteksin Mersin!&#8217;<\/em><\/strong>&nbsp;slogan\u0131yla, Mersin B\u00fcy\u00fck\u015fehir Belediyesi Gen\u00e7lik ve Spor Hizmetleri Dairesi Ba\u015fkanl\u0131\u011f\u0131 taraf\u0131ndan ger\u00e7ekle\u015ftirilen ve Mersin&#8217;in amat\u00f6r spor kul\u00fcplerinin verilen destekle b\u00fcy\u00fct\u00fclmesinin ama\u00e7land\u0131\u011f\u0131&nbsp;<strong><em>&#8216;Amat\u00f6r Spor Kul\u00fcplerine Nakdi Destek T\u00f6reni&#8217;<\/em><\/strong>ne kat\u0131ld\u0131. D\u00fczenlenen t\u00f6ren kapsam\u0131nda bu y\u0131l toplam 270 kul\u00fcbe toplam 11 milyon 740 bin 500 TL nakdi destek sa\u011fland\u0131.<\/p>\n\n\n\n<p><strong>Ba\u015fkan Se\u00e7er, sportif faaliyetlere verdikleri destekleri anlatt\u0131<\/strong><\/p>\n\n\n\n<p>Program; sayg\u0131 duru\u015fu ve \u0130stiklal Mar\u015f\u0131&#8217;n\u0131n ard\u0131ndan&nbsp;<strong><em>&#8216;Memnuniyetle Sporcu&#8217;<\/em><\/strong>&nbsp;video g\u00f6sterimi ile ba\u015flad\u0131. Mersin B\u00fcy\u00fck\u015fehir Belediyesi Kongre ve Sergi Saray\u0131&#8217;nda d\u00fczenlenen programda konu\u015fan Ba\u015fkan Vahap Se\u00e7er, amat\u00f6r spor kul\u00fcplerine her y\u0131l geleneksel olarak destek verdiklerinden s\u00f6z ederek, bu y\u0131lki ba\u015fvuru tarihini ka\u00e7\u0131ran 28 kul\u00fcbe de bir kereye mahsus olmak \u00fczere destek vereceklerini duyurdu.<\/p>\n\n\n\n<p>Bu y\u0131la kadar kul\u00fcplere toplam 14 milyon 641 bin TL nakdi destek verdiklerinden bahseden Se\u00e7er, 28 kul\u00fcp hari\u00e7 olmak \u00fczere bu y\u0131l da 270 kul\u00fcbe 11 milyon 740 bin 500 TL&#8217;lik bir nakdi destek verdiklerinden s\u00f6z etti. Se\u00e7er b\u00f6ylelikle bug\u00fcne kadar amat\u00f6r spor kul\u00fcplerine 27 milyon TL&#8217;yi a\u015fan bir maddi destek sa\u011flam\u0131\u015f olacaklar\u0131n\u0131 ifade etti. Mersin B\u00fcy\u00fck\u015fehir olarak 200 sporcu ve bunun yan\u0131nda da 124 antren\u00f6re 4,5 milyon lira gibi bir maddi katk\u0131 sa\u011flayacaklar\u0131n\u0131 da duyuran Se\u00e7er, Mersin&#8217;de sporu sevdirecek ve yayg\u0131nla\u015ft\u0131racak her t\u00fcrl\u00fc faaliyet i\u00e7erisinde olduklar\u0131n\u0131 belirtti.<\/p>\n\n\n\n<p><strong>Se\u00e7er&#8217;den f\u0131rsat e\u015fitli\u011fi vurgusu: &#8220;K\u00f6ydeki \u00e7ocukla, merkezdeki \u00e7ocuk imk\u00e2nlara e\u015fit ula\u015f\u0131m hakk\u0131na sahip olmal\u0131&#8221;<\/strong><\/p>\n\n\n\n<p>2023 y\u0131l\u0131nda ba\u015flatt\u0131klar\u0131&nbsp;<strong><em>&#8216;Y\u00fczde 100 Cumhuriyet, Y\u00fczde 100 Spor&#8217;<\/em><\/strong>&nbsp;Projesi kapsam\u0131nda da Sporb\u00fcs arac\u0131n\u0131n k\u00f6y k\u00f6y gezdi\u011finden bahseden Se\u00e7er, her alanda f\u0131rsat e\u015fitli\u011fi vurgusu yapt\u0131. Se\u00e7er, proje kapsam\u0131nda 200 mahallede yakla\u015f\u0131k 10 bin \u00e7ocu\u011fa ula\u015ft\u0131klar\u0131ndan s\u00f6z ederek,<strong>&nbsp;&#8220;K\u00f6ydeki \u00e7ocukla, merkezdeki \u00e7ocuk devletin sa\u011flad\u0131\u011f\u0131 imk\u00e2nlara e\u015fit ula\u015f\u0131m hakk\u0131na sahip olmal\u0131. Okul, e\u011fitim ya da spor, k\u00fclt\u00fcr ve sanat faaliyetleri olmak \u00fczere akl\u0131n\u0131za ne gelirse hepsine e\u015fit ula\u015fabilmeli&#8221;&nbsp;<\/strong>dedi.&nbsp;<strong><em>&#8216;K\u0131r \u00c7i\u00e7ekleri&#8217;<\/em><\/strong>&nbsp;projesinden de s\u00f6z ederek konu\u015fmas\u0131n\u0131 s\u00fcrd\u00fcren Se\u00e7er,&nbsp;<strong>&#8221;&nbsp;<em>&#8216;Merkezdeki \u00e7ocuk bir spor bran\u015f\u0131nda kabiliyetliyse ve y\u00fckselme ihtimali varsa; k\u0131rsaldaki \u00e7ocu\u011fun da olmas\u0131 laz\u0131m&#8217;<\/em>&nbsp;felsefesi ile o projeyi ba\u015flatt\u0131k ve s\u00fcrd\u00fcr\u00fcyoruz&#8221;&nbsp;<\/strong>dedi.<\/p>\n\n\n\n<p><strong>&#8220;Mersin bir spor kenti olsun istiyoruz&#8221;<\/strong><\/p>\n\n\n\n<p>Ulusal ve uluslararas\u0131 bir\u00e7ok farkl\u0131 bran\u015fta farkl\u0131 organizasyonu hayata ge\u00e7irmeye devam edeceklerini s\u00f6yleyen Se\u00e7er, Mersin&#8217;in co\u011frafi olarak da insanlar\u0131n yap\u0131s\u0131 olarak da spor kenti olmaya \u00e7ok m\u00fcsait oldu\u011funu dile getirdi. Se\u00e7er,&nbsp;<strong>&#8220;Mersin bir spor kenti olsun istiyoruz. Mersin co\u011frafya, konum, topografya olarak ve insan kitlesi a\u00e7\u0131s\u0131ndan da buna m\u00fcsait. Mersin bir g\u00f6\u00e7men kenti. Burada her k\u00fclt\u00fcr ve b\u00fct\u00fcn etnik yap\u0131lar\u0131n kar\u0131\u015f\u0131m\u0131 var. Neden Mersin bir spor kenti olmas\u0131n?&#8221;<\/strong>&nbsp;diye konu\u015ftu.<\/p>\n\n\n\n<p><strong>&#8220;Amat\u00f6r spora destek olmaya devam edece\u011fiz&#8221;<\/strong><\/p>\n\n\n\n<p>Spor kul\u00fcplerine ve sporculara il i\u00e7erisinde oldu\u011fu gibi il d\u0131\u015f\u0131 faaliyetlerinde de destek olduklar\u0131n\u0131 belirten Se\u00e7er,&nbsp;<strong>&#8220;Bu katk\u0131lar\u0131m\u0131z\u0131 ve tesislerimizin kullan\u0131m iznini hi\u00e7bir zorluk \u00e7\u0131karmadan sa\u011flamaya devam edece\u011fiz. Yeni tesisler konusunda da baz\u0131 il\u00e7e belediyelerimiz ile temaslar\u0131m\u0131z var. \u00c7ok efektif kullan\u0131lmayan tesisler var. Onlar\u0131 biz rehabilite edip daha etkin kullan\u0131m\u0131n\u0131 sa\u011flayabiliriz. Yeni d\u00f6nemde de mantalitemiz ayn\u0131; spora ve amat\u00f6r spora destek olmaya devam edece\u011fiz&#8221;<\/strong>&nbsp;dedi. Kentin farkl\u0131 b\u00f6lgelerinde projeksiyonlar yapt\u0131klar\u0131n\u0131 ve s\u00f6z konusu b\u00f6lgelerde&nbsp;<strong><em>&#8216;Gen\u00e7lik Kamp\u00fcs\u00fc&#8217;<\/em><\/strong>&nbsp;olu\u015fturmay\u0131 planlad\u0131klar\u0131n\u0131 dile getiren Se\u00e7er, bu kamp\u00fcslerde gen\u00e7ler i\u00e7in sosyal, k\u00fclt\u00fcrel ve sportif etkinlik e\u011fitimleri ile kurslar vermeyi hedeflediklerini s\u00f6yledi. Se\u00e7er, Mersinlilere s\u00f6z\u00fcn\u00fc verdi\u011fi yakla\u015f\u0131k 500 d\u00f6n\u00fcml\u00fck&nbsp;<strong><em>&#8216;M\u00fcft\u00fc Deresi Ya\u015fam Vadisi Projesi&#8217;<\/em><\/strong>&nbsp;i\u00e7erisinde de sportif faaliyetlerin ger\u00e7ekle\u015ftirilebilece\u011fi alanlar\u0131n olaca\u011f\u0131n\u0131 aktard\u0131.<\/p>\n\n\n\n<p><strong>&#8220;Spor kul\u00fcplerimizin ba\u015far\u0131s\u0131, kente farkl\u0131 bir hava kat\u0131yor&#8221;<\/strong><\/p>\n\n\n\n<p>Spor turizminin geli\u015fmesine \u00f6nem verdiklerini ve B\u00fcy\u00fck\u015fehir Belediyesi olarak yapt\u0131klar\u0131 her etkinli\u011fin Mersin&#8217;de spor turizminin geli\u015fmesine katk\u0131 sundu\u011funa dikkat \u00e7eken Se\u00e7er,&nbsp;<strong>&#8220;Burada faaliyet g\u00f6steren spor kul\u00fcplerimizin ba\u015far\u0131s\u0131 kente farkl\u0131 bir hava kat\u0131yor. Bu konuda, as\u0131l ilgili olan Spor Bakanl\u0131\u011f\u0131&#8217;n\u0131n uhdesinde, b\u00fcy\u00fck spor tesislerinin in\u015fa edilip, \u00f6zellikle ulusal ve uluslararas\u0131 tak\u0131mlar\u0131n gelip burada kamp yapmalar\u0131n\u0131 sa\u011flayacak projeler geli\u015ftirmek gerekiyor. \u00d6rne\u011fin biz \u015fu anda Turizm Bakanl\u0131\u011f\u0131 ile e\u015f g\u00fcd\u00fcml\u00fc olarak Karbo\u011faz\u0131 Kayak Merkezi&#8217;nin proje \u00e7al\u0131\u015fmas\u0131na devam ediyoruz&#8221;<\/strong>&nbsp;ifadelerini kulland\u0131.<\/p>\n\n\n\n<p><strong>&#8220;Mersin EuroVelo&#8217;ya d\u00e2hil oluyor&#8221;<\/strong><\/p>\n\n\n\n<p>Yap\u0131lan \u00e7al\u0131\u015fmalar\u0131n ard\u0131ndan Mersin&#8217;in, Avrupa \u00fclkelerini birbirine ba\u011flayan bisiklet rotas\u0131 olan EuroVelo&#8217;ya d\u00e2hil edilme a\u015famas\u0131na gelindi\u011fini aktaran Se\u00e7er,&nbsp;<strong>&#8220;Bu da spor turizminin bir par\u00e7as\u0131. Mersin, d\u00fcnyan\u0131n muhtelif yerlerinden bisiklet\u00e7ilerin Akdeniz rotas\u0131 i\u00e7erisinde olacak. O rota i\u00e7erisinde Mersin&#8217;den de ge\u00e7i\u015flerini sa\u011flayan bir \u00e7al\u0131\u015fma. M\u00fcracaat\u0131m\u0131z\u0131 yapt\u0131k. Her \u015fey olumlu gidiyor. Art\u0131k son a\u015famaday\u0131z, EeuroVelo&#8217;ya kabul edilece\u011fiz. Bu Mersin i\u00e7in \u00e7ok b\u00fcy\u00fck bir geli\u015fme olacak&#8221;<\/strong>&nbsp;s\u00f6zlerine yer verdi.<\/p>\n\n\n\n<p><strong>&#8220;Mersin her alanda rekorlar kenti olsun istiyoruz&#8221;<\/strong><\/p>\n\n\n\n<p>15 Aral\u0131k Pazar g\u00fcn\u00fc ger\u00e7ekle\u015ftirilecek&nbsp;<strong><em>&#8216;6. Uluslararas\u0131 Mersin Maratonu&#8217;<\/em><\/strong>nun slogan\u0131n\u0131n&nbsp;<strong><em>&#8216;Rekorlar \u015eehrinde Rekorlara Ko\u015fuyoruz!&#8217;<\/em><\/strong>&nbsp;oldu\u011funu hat\u0131rlatan Se\u00e7er, Mersin&#8217;in her konuda rekorlar\u0131 hak etti\u011fini s\u00f6yledi. Se\u00e7er \u015funlar\u0131 kaydetti:<\/p>\n\n\n\n<p><strong>&#8220;Mersin her alanda rekorlar kenti olsun istiyoruz. Son se\u00e7imde rekor oyla rekor bir se\u00e7im sonucu elde edildi. Her alanda rekor bizde olsun. Mersin; sportif faaliyetlerde, geli\u015fmi\u015flikte, vatanda\u015f\u0131n huzurunda, birli\u011finde, beraberli\u011finde ve karde\u015fli\u011finde rekor bir \u015fehir olsun. Mersin mutlulukla ve karde\u015flikle an\u0131ls\u0131n. Mersin&#8217;i hep&nbsp;<em>&#8216;K\u00fc\u00e7\u00fck T\u00fcrkiye&#8217;<\/em>&nbsp;diye tan\u0131mlar\u0131m. \u00c7\u00fcnk\u00fc T\u00fcrkiye burada ve Mersin bir g\u00f6\u00e7men kenti. Mersin&#8217;de her renk var. Mersin&#8217;de huzur, karde\u015flik, bir arada olma ve bir arada ya\u015fama k\u00fclt\u00fcr\u00fc var. Biz de T\u00fcrkiye b\u00f6yle olsun istiyoruz. Bar\u0131\u015f ve karde\u015flik olsun, kavga ve g\u00f6zya\u015f\u0131 olmas\u0131n. Vergilerimiz gereksiz yerlere harcanmas\u0131n. Biz birlik ve huzur i\u00e7erisinde ya\u015famak istiyoruz.&#8221;<\/strong><\/p>\n\n\n\n<p><strong>Se\u00e7er t\u00fcm yurtta\u015flar\u0131 6. Uluslararas\u0131 Mersin Maratonu&#8217;na davet etti<\/strong><\/p>\n\n\n\n<p>Konu\u015fmas\u0131nda t\u00fcm yurtta\u015flar\u0131&nbsp;<strong><em>&#8216;6. Uluslararas\u0131 Mersin Maratonu&#8217;<\/em><\/strong>nda yer almaya davet eden Se\u00e7er,&nbsp;<strong>&#8220;Sadece profesyonel sporcular\u0131n kat\u0131ld\u0131\u011f\u0131 42 kilometrelik bir yar\u0131\u015f de\u011fil. 10 kilometrelik ve 3 kilometrelik Halk Ko\u015fusu olacak. T\u00fcm Mersinlileri bekliyoruz. Maratonumuz, D\u00fcnya Atletizm Birli\u011fi taraf\u0131ndan da&nbsp;<em>&#8216;Elit Label&#8217;<\/em>&nbsp;kategorisine al\u0131nd\u0131.&nbsp;&nbsp;Maraton i\u00e7in 11 Aral\u0131k 2024 tarihine kadar&nbsp;<em>mbbspor.org<\/em>&#8216;dan kay\u0131tlar ger\u00e7ekle\u015ftirilebilir. Herkesi 15 Aral\u0131k&#8217;ta \u00d6zgecan Aslan Bar\u0131\u015f Meydan\u0131&#8217;nda ba\u015flayacak olan 42 kilometre, 10 kilometre ve 3 kilometrelik Halk Ko\u015fusu&#8217;na bekliyoruz&#8221;<\/strong>&nbsp;dedi.<\/p>\n\n\n\n<p><strong>&#8220;Amat\u00f6r spor kul\u00fcpleri ba\u015f\u0131m\u0131z\u0131n tac\u0131d\u0131r&#8221;<\/strong><\/p>\n\n\n\n<p>Mersin B\u00fcy\u00fck\u015fehir olarak mevzuat gere\u011fi katk\u0131 sunacaklar\u0131 bran\u015flar\u0131n amat\u00f6r bran\u015flar oldu\u011fundan s\u00f6z eden Se\u00e7er, yapt\u0131klar\u0131 her hizmetin kayna\u011f\u0131n\u0131n vatanda\u015f\u0131n paras\u0131 oldu\u011funu ifade etti. Amat\u00f6r spor kul\u00fcplerinin ba\u015flar\u0131n\u0131n tac\u0131 oldu\u011funu s\u00f6zlerine ekleyen Se\u00e7er,&nbsp;<strong>&#8220;\u00c7\u00fcnk\u00fc kaynaklar\u0131 yok, profesyonel de\u011filler ve kar amac\u0131 da g\u00fctm\u00fcyorlar. Antren\u00f6r, sporcu ve y\u00f6netici zaman\u0131ndan ve cebinden harc\u0131yor. B\u00fct\u00fcn kul\u00fcpler ba\u015f\u0131m\u0131z\u0131n tac\u0131d\u0131r. Bu destekler resmi olarak Meclis karar\u0131yla size aktar\u0131lan desteklerdir&#8221;&nbsp;<\/strong>dedi ve seneye de ayn\u0131 destek kapsam\u0131nda bir arada bulunmay\u0131 dileyerek, eme\u011fi ge\u00e7enlere te\u015fekk\u00fcrlerini iletti.<\/p>\n\n\n\n<p>\u2060<\/p>\n\n\n\n<p><strong>Erta\u015f&#8217;tan Ba\u015fkan Se\u00e7er&#8217;e:<\/strong>&nbsp;<strong>&#8220;Spor ve kent ad\u0131na iyi ki vars\u0131n\u0131z!&#8221;<\/strong><\/p>\n\n\n\n<p>Mersin Amat\u00f6r Spor Kul\u00fcpleri Federasyonu (ASKF) Genel Ba\u015fkan\u0131 Mithat Erta\u015f ise konu\u015fmas\u0131nda,&nbsp;<strong>&#8220;Bu yard\u0131mlar her y\u0131l artarak devam ediyor&#8221;&nbsp;<\/strong>dedi. Ba\u015fkan Se\u00e7er&#8217;e;&nbsp;<strong>&#8220;Spor ve kent ad\u0131na iyi ki vars\u0131n\u0131z!&#8221;&nbsp;<\/strong>diyen Erta\u015f,&nbsp;<strong>&#8220;Mersin&#8217;de spor ad\u0131na g\u00fczel \u015feyler oluyor ve olmaya da devam edecek. Bu yapt\u0131klar\u0131n\u0131z\u0131n l\u00fctuf olmad\u0131\u011f\u0131n\u0131 ve amat\u00f6rlerin hakk\u0131n\u0131n amat\u00f6rlere verilece\u011fini hep s\u00f6yl\u00fcyorsunuz ve veriyorsunuz da&#8221;&nbsp;<\/strong>dedi.&nbsp;&nbsp;Amat\u00f6r kul\u00fcp\u00e7\u00fcl\u00fc\u011f\u00fcn bir g\u00f6n\u00fcl i\u015fi oldu\u011funun da alt\u0131n\u0131 \u00e7izen Erta\u015f,&nbsp;<strong>&#8220;Say\u0131n Vahap Ba\u015fkan\u0131m;&nbsp;<em>&#8216;Memnuniyetle Mersin!&#8217;<\/em>&nbsp;diye bir slogan\u0131n\u0131z var ve slogan\u0131n\u0131za can\u0131 g\u00f6n\u00fclden kat\u0131l\u0131yoruz. Ben de&nbsp;<em>&#8216;Memnuniyetle Spor!&#8217;<\/em>&nbsp;diyorum&#8221;&nbsp;<\/strong>ifadelerini kulland\u0131.<\/p>\n\n\n\n<p>Konu\u015fmalar\u0131n ard\u0131ndan Mersin ASKF Genel Ba\u015fkan\u0131 \u2060Mithat Erta\u015f taraf\u0131ndan Ba\u015fkan Se\u00e7er&#8217;e plaket takdimi yap\u0131ld\u0131. Toplu foto\u011fraf \u00e7ekiminin ard\u0131ndan program sona erdi.<\/p>\n\n\n\n<p><strong>Amat\u00f6r spor kul\u00fcpleri verilen destekten memnun<\/strong><\/p>\n\n\n\n<p>Alper Y\u00fczme Spor Kul\u00fcb\u00fc ad\u0131na konu\u015fan Alper Batuhan \u00d6zer, nakdi yard\u0131mlar\u0131n spor kul\u00fcpleri i\u00e7in \u00f6nemli oldu\u011funun alt\u0131n\u0131 \u00e7izerek,&nbsp;<strong>&#8220;Her spor kul\u00fcb\u00fc baz\u0131 zorlu s\u00fcre\u00e7lerden ge\u00e7iyor. Yeti\u015femedi\u011fimiz ve destek olamad\u0131\u011f\u0131m\u0131z noktalardan dolay\u0131 nakdi destekler spor kul\u00fcplerinin olmazsa olmaz\u0131d\u0131r&#8221;<\/strong>&nbsp;ifadelerine yer verdi. Mersin Ala S\u0131gun Atl\u0131 Ok\u00e7uluk Spor Kul\u00fcb\u00fc ad\u0131na konu\u015fan ve T\u00fcrkiye Geleneksel T\u00fcrk Ok\u00e7uluk Federasyonu Mersin \u0130l Temsilcisi Ercan Bozkurt,&nbsp;<strong>&#8220;Bu desteklerin bize \u00e7ok fazla katk\u0131s\u0131 oluyor. Bu imkanlar sayesinde kendi malzemelerimizi temin ediyoruz&#8221;<\/strong>&nbsp;dedi. Erdemli Spor Kul\u00fcb\u00fc Antren\u00f6r\u00fc Metin Dikel de katk\u0131lar sayesinde kul\u00fcplerin ekipmanlar\u0131n\u0131 ve sporcular\u0131n ula\u015f\u0131m \u00fccretlerini kar\u015f\u0131layabildiklerini s\u00f6yleyerek,&nbsp;<strong>&#8220;B\u00fcy\u00fck\u015fehir Belediyemizden memnunuz ve katk\u0131lar\u0131ndan dolay\u0131 da te\u015fekk\u00fcr ediyoruz. Maddi destek sayesinde malzeme ve ula\u015f\u0131m \u00fccretlerini kar\u015f\u0131layabiliyoruz. Bu sayede de spor kul\u00fcplerimiz b\u00fcy\u00fcyor&#8221;<\/strong>&nbsp;diye konu\u015ftu.<\/p>\n","protected":false},"excerpt":{"rendered":"<p>Mersin B\u00fcy\u00fck\u015fehir Belediye Ba\u015fkan\u0131 Vahap Se\u00e7er,&nbsp;&#8216;Amat\u00f6r Spora Desteksin Mersin!&#8217;&nbsp;slogan\u0131yla, Mersin B\u00fcy\u00fck\u015fehir Belediyesi Gen\u00e7lik ve Spor Hizmetleri Dairesi Ba\u015fkanl\u0131\u011f\u0131 taraf\u0131ndan ger\u00e7ekle\u015ftirilen ve Mersin&#8217;in amat\u00f6r spor kul\u00fcplerinin verilen destekle b\u00fcy\u00fct\u00fclmesinin ama\u00e7land\u0131\u011f\u0131&nbsp;&#8216;Amat\u00f6r Spor Kul\u00fcplerine Nakdi Destek T\u00f6reni&#8217;ne kat\u0131ld\u0131. D\u00fczenlenen t\u00f6ren kapsam\u0131nda bu y\u0131l toplam 270 kul\u00fcbe toplam 11 milyon 740 bin 500 TL nakdi destek sa\u011fland\u0131. Ba\u015fkan Se\u00e7er, [&hellip;]<\/p>\n","protected":false},"author":2,"featured_media":37630,"comment_status":"closed","ping_status":"closed","sticky":false,"template":"","format":"standard","meta":{"footnotes":""},"categories":[34,3,10],"tags":[],"class_list":["post-37629","post","type-post","status-publish","format-standard","has-post-thumbnail","hentry","category-flas-haber","category-manset","category-spor"],"views":8,"_links":{"self":[{"href":"https:\/\/mersinkadingazetesi.com\/index.php?rest_route=\/wp\/v2\/posts\/37629"}],"collection":[{"href":"https:\/\/mersinkadingazetesi.com\/index.php?rest_route=\/wp\/v2\/posts"}],"about":[{"href":"https:\/\/mersinkadingazetesi.com\/index.php?rest_route=\/wp\/v2\/types\/post"}],"author":[{"embeddable":true,"href":"https:\/\/mersinkadingazetesi.com\/index.php?rest_route=\/wp\/v2\/users\/2"}],"replies":[{"embeddable":true,"href":"https:\/\/mersinkadingazetesi.com\/index.php?rest_route=%2Fwp%2Fv2%2Fcomments&post=37629"}],"version-history":[{"count":1,"href":"https:\/\/mersinkadingazetesi.com\/index.php?rest_route=\/wp\/v2\/posts\/37629\/revisions"}],"predecessor-version":[{"id":37631,"href":"https:\/\/mersinkadingazetesi.com\/index.php?rest_route=\/wp\/v2\/posts\/37629\/revisions\/37631"}],"wp:featuredmedia":[{"embeddable":true,"href":"https:\/\/mersinkadingazetesi.com\/index.php?rest_route=\/wp\/v2\/media\/37630"}],"wp:attachment":[{"href":"https:\/\/mersinkadingazetesi.com\/index.php?rest_route=%2Fwp%2Fv2%2Fmedia&parent=37629"}],"wp:term":[{"taxonomy":"category","embeddable":true,"href":"https:\/\/mersinkadingazetesi.com\/index.php?rest_route=%2Fwp%2Fv2%2Fcategories&post=37629"},{"taxonomy":"post_tag","embeddable":true,"href":"https:\/\/mersinkadingazetesi.com\/index.php?rest_route=%2Fwp%2Fv2%2Ftags&post=37629"}],"curies":[{"name":"wp","href":"https:\/\/api.w.org\/{rel}","templated":true}]}}