{"id":37632,"date":"2024-12-08T10:51:50","date_gmt":"2024-12-08T07:51:50","guid":{"rendered":"https:\/\/mersinkadingazetesi.com\/?p=37632"},"modified":"2024-12-08T10:51:50","modified_gmt":"2024-12-08T07:51:50","slug":"kasim-ayi-ukome-toplantisinda-emekli-olan-il-emniyet-muduru-yardimcisina-jest","status":"publish","type":"post","link":"https:\/\/mersinkadingazetesi.com\/?p=37632","title":{"rendered":"KASIM AYI UKOME TOPLANTISI&#8217;NDA EMEKL\u0130 OLAN \u0130L EMN\u0130YET M\u00dcD\u00dcR\u00dc YARDIMCISINA JEST"},"content":{"rendered":"\n<p>Mersin B\u00fcy\u00fck\u015fehir Belediyesi Ula\u015f\u0131m Dairesi Ba\u015fkanl\u0131\u011f\u0131 Ula\u015f\u0131m Koordinasyon Merkezi&#8217;nin (UKOME) Kas\u0131m ay\u0131 11. Genel Kurul Toplant\u0131s\u0131 ger\u00e7ekle\u015ftirildi.<\/p>\n\n\n\n<p>Mersin B\u00fcy\u00fck\u015fehir Belediyesi Genel Sekreter Yard\u0131mc\u0131s\u0131 Tar\u0131k \u0130rde ba\u015fkanl\u0131\u011f\u0131nda Kongre ve Sergi Saray\u0131&#8217;nda ger\u00e7ekle\u015ftirilen toplant\u0131da belirlenen g\u00fcndem maddeleri konu\u015fuldu. Toplant\u0131da ayr\u0131ca, g\u00f6revinin son g\u00fcn\u00fc olan Mersin \u0130l Emniyet M\u00fcd\u00fcr Yard\u0131mc\u0131s\u0131 Ali Garanl\u0131 i\u00e7in k\u00fc\u00e7\u00fck bir s\u00fcrpriz yap\u0131ld\u0131. Trafik sorunlar\u0131n\u0131n \u00e7\u00f6z\u00fclmesi i\u00e7in uzun y\u0131llar Mersin&#8217;e hizmet eden ve UKOME&#8217;de de g\u00f6rev yapan Garanl\u0131&#8217;ya hizmetleri i\u00e7in te\u015fekk\u00fcr edilerek hediye verildi.<\/p>\n\n\n\n<p><strong>\u0130rde: &#8220;Kurula yapt\u0131\u011f\u0131 katk\u0131lardan dolay\u0131 kendisine \u00e7ok te\u015fekk\u00fcr ediyoruz&#8221;<\/strong><\/p>\n\n\n\n<p>Toplant\u0131da Ba\u015fkan Vahap Se\u00e7er ad\u0131na hediyeleri veren \u0130rde, verdi\u011fi hizmetler dolay\u0131s\u0131yla Garanl\u0131&#8217;ya te\u015fekk\u00fcr ederek,&nbsp;<strong>&#8220;Bug\u00fcne kadar kurula yapt\u0131\u011f\u0131 katk\u0131lardan dolay\u0131 kendisine \u00e7ok te\u015fekk\u00fcr ediyoruz. Bundan sonraki sivil ya\u015fam\u0131nda sa\u011fl\u0131kl\u0131, mutlu, huzurlu bir ya\u015fam diliyoruz&#8221;<\/strong>&nbsp;dedi.<\/p>\n\n\n\n<p><strong>Garanl\u0131: &#8220;Bu jesti unutmayaca\u011f\u0131m&#8221;<\/strong><\/p>\n\n\n\n<p>Kendisine yap\u0131lan jest i\u00e7in te\u015fekk\u00fcr eden Ali Garanl\u0131,&nbsp;<strong>&#8220;G\u00fczel bir s\u00fcrpriz oldu. Yakla\u015f\u0131k 38 y\u0131l bir fiil \u00e7al\u0131\u015fm\u0131\u015fl\u0131\u011f\u0131n son noktas\u0131n\u0131 bug\u00fcn koyuyorum. Son noktada sizlerle bir arada olmaktan ayr\u0131 bir heyecan duyuyorum. Meslek hayat\u0131m\u0131z burada bitiyor, ikinci bir ya\u015fama ba\u015flayaca\u011f\u0131z. \u0130n\u015fallah yeni ya\u015fam\u0131m\u0131z bizlere sa\u011fl\u0131k, huzur getirsin. Hepimizin ortak paydas\u0131 Mersin. Mersin&#8217;e bir \u015feyler katt\u0131ysak ne mutlu bize. Hepinize \u00e7ok te\u015fekk\u00fcr ediyorum. Bu jesti unutmayaca\u011f\u0131m&#8221;<\/strong>&nbsp;diye konu\u015ftu. Konu\u015fmalar\u0131n ard\u0131ndan Garanl\u0131&#8217;ya hediyeleri verildi.<\/p>\n","protected":false},"excerpt":{"rendered":"<p>Mersin B\u00fcy\u00fck\u015fehir Belediyesi Ula\u015f\u0131m Dairesi Ba\u015fkanl\u0131\u011f\u0131 Ula\u015f\u0131m Koordinasyon Merkezi&#8217;nin (UKOME) Kas\u0131m ay\u0131 11. Genel Kurul Toplant\u0131s\u0131 ger\u00e7ekle\u015ftirildi. Mersin B\u00fcy\u00fck\u015fehir Belediyesi Genel Sekreter Yard\u0131mc\u0131s\u0131 Tar\u0131k \u0130rde ba\u015fkanl\u0131\u011f\u0131nda Kongre ve Sergi Saray\u0131&#8217;nda ger\u00e7ekle\u015ftirilen toplant\u0131da belirlenen g\u00fcndem maddeleri konu\u015fuldu. Toplant\u0131da ayr\u0131ca, g\u00f6revinin son g\u00fcn\u00fc olan Mersin \u0130l Emniyet M\u00fcd\u00fcr Yard\u0131mc\u0131s\u0131 Ali Garanl\u0131 i\u00e7in k\u00fc\u00e7\u00fck bir s\u00fcrpriz yap\u0131ld\u0131. Trafik [&hellip;]<\/p>\n","protected":false},"author":2,"featured_media":37633,"comment_status":"closed","ping_status":"closed","sticky":false,"template":"","format":"standard","meta":{"footnotes":""},"categories":[3],"tags":[],"class_list":["post-37632","post","type-post","status-publish","format-standard","has-post-thumbnail","hentry","category-manset"],"views":10,"_links":{"self":[{"href":"https:\/\/mersinkadingazetesi.com\/index.php?rest_route=\/wp\/v2\/posts\/37632"}],"collection":[{"href":"https:\/\/mersinkadingazetesi.com\/index.php?rest_route=\/wp\/v2\/posts"}],"about":[{"href":"https:\/\/mersinkadingazetesi.com\/index.php?rest_route=\/wp\/v2\/types\/post"}],"author":[{"embeddable":true,"href":"https:\/\/mersinkadingazetesi.com\/index.php?rest_route=\/wp\/v2\/users\/2"}],"replies":[{"embeddable":true,"href":"https:\/\/mersinkadingazetesi.com\/index.php?rest_route=%2Fwp%2Fv2%2Fcomments&post=37632"}],"version-history":[{"count":1,"href":"https:\/\/mersinkadingazetesi.com\/index.php?rest_route=\/wp\/v2\/posts\/37632\/revisions"}],"predecessor-version":[{"id":37634,"href":"https:\/\/mersinkadingazetesi.com\/index.php?rest_route=\/wp\/v2\/posts\/37632\/revisions\/37634"}],"wp:featuredmedia":[{"embeddable":true,"href":"https:\/\/mersinkadingazetesi.com\/index.php?rest_route=\/wp\/v2\/media\/37633"}],"wp:attachment":[{"href":"https:\/\/mersinkadingazetesi.com\/index.php?rest_route=%2Fwp%2Fv2%2Fmedia&parent=37632"}],"wp:term":[{"taxonomy":"category","embeddable":true,"href":"https:\/\/mersinkadingazetesi.com\/index.php?rest_route=%2Fwp%2Fv2%2Fcategories&post=37632"},{"taxonomy":"post_tag","embeddable":true,"href":"https:\/\/mersinkadingazetesi.com\/index.php?rest_route=%2Fwp%2Fv2%2Ftags&post=37632"}],"curies":[{"name":"wp","href":"https:\/\/api.w.org\/{rel}","templated":true}]}}