{"id":37638,"date":"2024-12-08T10:55:27","date_gmt":"2024-12-08T07:55:27","guid":{"rendered":"https:\/\/mersinkadingazetesi.com\/?p=37638"},"modified":"2024-12-08T10:55:28","modified_gmt":"2024-12-08T07:55:28","slug":"gelecege-hazir-nesiller-genc-istihdamin-yol-haritasi-paneli-yapildi","status":"publish","type":"post","link":"https:\/\/mersinkadingazetesi.com\/?p=37638","title":{"rendered":"&#8216;GELECE\u011eE HAZIR NES\u0130LLER GEN\u00c7 \u0130ST\u0130HDAMIN YOL HAR\u0130TASI&#8217; PANEL\u0130 YAPILDI"},"content":{"rendered":"\n<p>Mersin B\u00fcy\u00fck\u015fehir Belediyesi Kariyer Merkezi, son d\u00f6nemde \u00f6\u011frencilere y\u00f6nelik \u00e7al\u0131\u015fmalar\u0131 ile \u00f6n plana \u00e7\u0131k\u0131yor.<\/p>\n\n\n\n<p>Akademik takvimin ba\u015flamas\u0131 ile birlikte Mersin&#8217;de bulunan \u00fcniversitelerde stant \u00e7al\u0131\u015fmas\u0131 yaparak \u00f6\u011frencilere y\u00f6nelik kurumsal hizmetlerin tan\u0131t\u0131m\u0131n\u0131 ger\u00e7ekle\u015ftiren Kariyer Merkezi, bunun yan\u0131 s\u0131ra \u00fcniversiteler taraf\u0131ndan d\u00fczenlenen&nbsp;<strong><em>&#8216;Kariyer G\u00fcnleri&#8217;<\/em><\/strong>&nbsp;etkinliklerine kat\u0131l\u0131m sa\u011fl\u0131yor ve ger\u00e7ekle\u015ftirdi\u011fi panellerle de \u00fcniversite \u00f6\u011frencilerinin kariyer yolculuklar\u0131na destek sunuyor.<\/p>\n\n\n\n<p><strong>\u00dcniversitelilerin rehberi B\u00fcy\u00fck\u015fehir Kariyer Merkezi<\/strong><\/p>\n\n\n\n<p>Mersin \u00dcniversitesi \u0130ktisadi \u0130dari Bilimler Fak\u00fcltesi ev sahipli\u011finde, Mersin \u00dcniversitesi Ekonomi Toplulu\u011fu koordinasyonunda&nbsp;<strong>&#8216;<em>Gelece\u011fe Haz\u0131r Nesiller: Gen\u00e7 \u0130stihdam\u0131n Yol Haritas\u0131&#8217;<\/em><\/strong>&nbsp;paneli, Kariyer Merkezi M\u00fcd\u00fcr\u00fc Serkan \u00d6zada moderat\u00f6rl\u00fc\u011f\u00fcnde d\u00fczenlendi. \u00c7imsa Saha \u0130nsan Kaynaklar\u0131 \u0130\u015f Orta\u011f\u0131 Ahmet Can Ocako\u011flu ve BN Hotel \u0130nsan Kaynaklar\u0131 M\u00fcd\u00fcr\u00fc Ebru Boymulun&#8217;un da i\u015ftirak etti\u011fi panelde, Mersin \u00dcniversitesi Kamu Denet\u00e7ili\u011fi Toplulu\u011fu ve Uluslararas\u0131 \u0130li\u015fkiler Toplulu\u011fu da yerini ald\u0131.<\/p>\n\n\n\n<p><strong>Gen\u00e7 istihdam\u0131n yol haritas\u0131 konu\u015fuldu<\/strong><\/p>\n\n\n\n<p>Panelde; \u00fcniversite \u00f6\u011frencilerinin istihdam edilebilirli\u011fine katk\u0131 sunacak&nbsp;<strong><em>&#8216;kariyer planlaman\u0131n \u00f6nemi, dijital i\u015f arama kanallar\u0131, linkedIn kullan\u0131m\u0131, mentorluk, dijital \u00f6zge\u00e7mi\u015f olu\u015fturma, online m\u00fclakat teknikleri&#8217;&nbsp;<\/em><\/strong>gibi konularda deneyim payla\u015f\u0131m\u0131 ger\u00e7ekle\u015ftirildi. Ayr\u0131ca panele kat\u0131l\u0131m sa\u011flayan firmalar\u0131n i\u015f ve staj olanaklar\u0131 \u00fcniversite \u00f6\u011frencileri ile payla\u015f\u0131l\u0131rken, panel sonunda \u00f6\u011frencilerin sorular\u0131 uzmanlar taraf\u0131ndan cevapland\u0131.<\/p>\n\n\n\n<p><strong>Yeni y\u0131lla birlikte Kamp\u00fcs MERS\u0130N ve Garaj MERS\u0130N projeleri hayata ge\u00e7ecek<\/strong><\/p>\n\n\n\n<p>Mersin B\u00fcy\u00fck\u015fehir Belediyesi Kariyer Merkezi M\u00fcd\u00fcr\u00fc Serkan \u00d6zada, \u00f6\u011frenci kul\u00fcpleri taraf\u0131ndan tasarlanan panele \u00f6\u011frencilerin yo\u011fun ilgi g\u00f6stermesinden duydu\u011fu memnuniyeti dile getirdi. \u00dcniversite \u00f6\u011frencilerinin kariyer planlamalar\u0131n\u0131 en do\u011fru \u015fekilde yapmalar\u0131n\u0131 sa\u011flamak \u00fczere, B\u00fcy\u00fck\u015fehir Kariyer Merkezi olarak bir\u00e7ok hizmet sunduklar\u0131n\u0131 belirten \u00d6zada, 2025 d\u00f6neminde de \u00fcniversite \u00f6\u011frencilerine y\u00f6nelik Kamp\u00fcs MERS\u0130N ve Garaj MERS\u0130N projelerini hayata ge\u00e7ireceklerini s\u00f6yledi.<\/p>\n\n\n\n<p>\u00d6zada, \u00f6zellikle kurumsal marka ve profesyonel y\u00f6neticilerin \u00fcniversite \u00f6\u011frencileri ile bulu\u015fmas\u0131n\u0131n, \u00f6\u011frencilerin network kurmas\u0131 ve kurumsal firmalar\u0131n kariyer f\u0131rsatlar\u0131n\u0131 ilk elden \u00f6\u011frenmeleri a\u00e7\u0131s\u0131ndan \u00f6nemli oldu\u011funun alt\u0131n\u0131 \u00e7izdi.<\/p>\n","protected":false},"excerpt":{"rendered":"<p>Mersin B\u00fcy\u00fck\u015fehir Belediyesi Kariyer Merkezi, son d\u00f6nemde \u00f6\u011frencilere y\u00f6nelik \u00e7al\u0131\u015fmalar\u0131 ile \u00f6n plana \u00e7\u0131k\u0131yor. Akademik takvimin ba\u015flamas\u0131 ile birlikte Mersin&#8217;de bulunan \u00fcniversitelerde stant \u00e7al\u0131\u015fmas\u0131 yaparak \u00f6\u011frencilere y\u00f6nelik kurumsal hizmetlerin tan\u0131t\u0131m\u0131n\u0131 ger\u00e7ekle\u015ftiren Kariyer Merkezi, bunun yan\u0131 s\u0131ra \u00fcniversiteler taraf\u0131ndan d\u00fczenlenen&nbsp;&#8216;Kariyer G\u00fcnleri&#8217;&nbsp;etkinliklerine kat\u0131l\u0131m sa\u011fl\u0131yor ve ger\u00e7ekle\u015ftirdi\u011fi panellerle de \u00fcniversite \u00f6\u011frencilerinin kariyer yolculuklar\u0131na destek sunuyor. \u00dcniversitelilerin rehberi B\u00fcy\u00fck\u015fehir [&hellip;]<\/p>\n","protected":false},"author":2,"featured_media":37639,"comment_status":"closed","ping_status":"closed","sticky":false,"template":"","format":"standard","meta":{"footnotes":""},"categories":[3,5],"tags":[],"class_list":["post-37638","post","type-post","status-publish","format-standard","has-post-thumbnail","hentry","category-manset","category-mersin"],"views":5,"_links":{"self":[{"href":"https:\/\/mersinkadingazetesi.com\/index.php?rest_route=\/wp\/v2\/posts\/37638"}],"collection":[{"href":"https:\/\/mersinkadingazetesi.com\/index.php?rest_route=\/wp\/v2\/posts"}],"about":[{"href":"https:\/\/mersinkadingazetesi.com\/index.php?rest_route=\/wp\/v2\/types\/post"}],"author":[{"embeddable":true,"href":"https:\/\/mersinkadingazetesi.com\/index.php?rest_route=\/wp\/v2\/users\/2"}],"replies":[{"embeddable":true,"href":"https:\/\/mersinkadingazetesi.com\/index.php?rest_route=%2Fwp%2Fv2%2Fcomments&post=37638"}],"version-history":[{"count":1,"href":"https:\/\/mersinkadingazetesi.com\/index.php?rest_route=\/wp\/v2\/posts\/37638\/revisions"}],"predecessor-version":[{"id":37640,"href":"https:\/\/mersinkadingazetesi.com\/index.php?rest_route=\/wp\/v2\/posts\/37638\/revisions\/37640"}],"wp:featuredmedia":[{"embeddable":true,"href":"https:\/\/mersinkadingazetesi.com\/index.php?rest_route=\/wp\/v2\/media\/37639"}],"wp:attachment":[{"href":"https:\/\/mersinkadingazetesi.com\/index.php?rest_route=%2Fwp%2Fv2%2Fmedia&parent=37638"}],"wp:term":[{"taxonomy":"category","embeddable":true,"href":"https:\/\/mersinkadingazetesi.com\/index.php?rest_route=%2Fwp%2Fv2%2Fcategories&post=37638"},{"taxonomy":"post_tag","embeddable":true,"href":"https:\/\/mersinkadingazetesi.com\/index.php?rest_route=%2Fwp%2Fv2%2Ftags&post=37638"}],"curies":[{"name":"wp","href":"https:\/\/api.w.org\/{rel}","templated":true}]}}