{"id":37641,"date":"2024-12-08T10:56:31","date_gmt":"2024-12-08T07:56:31","guid":{"rendered":"https:\/\/mersinkadingazetesi.com\/?p=37641"},"modified":"2024-12-08T10:56:32","modified_gmt":"2024-12-08T07:56:32","slug":"6-uluslararasi-mersin-maratonu-icin-geri-sayim-basladi","status":"publish","type":"post","link":"https:\/\/mersinkadingazetesi.com\/?p=37641","title":{"rendered":"6. ULUSLARARASI MERS\u0130N MARATONU \u0130\u00c7\u0130N GER\u0130 SAYIM BA\u015eLADI"},"content":{"rendered":"\n<p>Mersin B\u00fcy\u00fck\u015fehir Belediye Ba\u015fkan\u0131 Vahap Se\u00e7er, D\u00fcnya Atletizm Birli\u011fi taraf\u0131ndan&nbsp;<strong>&#8216;Elite Label&#8217;<\/strong>&nbsp;kategorisine al\u0131nan&nbsp;ve&nbsp;15 Aral\u0131k Pazar g\u00fcn\u00fc&nbsp;<strong>&#8216;Rekorlar \u015eehrinde Rekorlara Ko\u015fuyoruz&#8217;<\/strong>&nbsp;slogan\u0131yla ger\u00e7ekle\u015fecek olan&nbsp;<strong>&#8216;6. Uluslararas\u0131 Mersin Maratonu&#8217;<\/strong>&nbsp;i\u00e7in&nbsp;vatanda\u015flara&nbsp;kat\u0131l\u0131m davetinde bulundu.&nbsp;<strong>&#8217;42K, 10K ve Halk Ko\u015fusu (3K)&#8217;<\/strong>parkurlar\u0131yla her ya\u015f grubunun yar\u0131\u015fabilece\u011fi maraton heyecan\u0131 ise 14 Aral\u0131k&#8217;ta \u00d6zgecan Aslan Meydan\u0131&#8217;nda fuarla ba\u015flayacak.<\/p>\n\n\n\n<p><strong>Ba\u015fkan Se\u00e7er: &#8220;Rekorlar \u015fehri Mersin&#8217;de rekorlara ko\u015faca\u011f\u0131z&#8221;<\/strong><\/p>\n\n\n\n<p>Ba\u015fkan Se\u00e7er sabah sporunun ard\u0131ndan&nbsp;Uluslararas\u0131 Mersin Maratonu i\u00e7in kayd\u0131n\u0131 yapt\u0131rd\u0131 ve vatanda\u015flara&nbsp;maratona kat\u0131lmalar\u0131 i\u00e7in \u00e7a\u011fr\u0131da bulundu.&nbsp;Se\u00e7er,&nbsp;<strong>&#8220;15 Aral\u0131k&#8217;ta Uluslararas\u0131 Mersin Maratonu&#8217;nun 6.&#8217;s\u0131n\u0131 yapaca\u011f\u0131z. Rekorlar \u015fehri Mersin&#8217;de rekora ko\u015faca\u011f\u0131z. Yeni bir rekorun ortaya \u00e7\u0131kmas\u0131 i\u00e7in \u00e7aba g\u00f6sterece\u011fiz&#8221;<\/strong>&nbsp;dedi. Maraton parkurlar\u0131yla ilgili de bilgi veren Se\u00e7er,&nbsp;<strong>&#8220;Kay\u0131tlar\u0131m\u0131z 11 Aral\u0131k tarihine kadar devam ediyor. mbbspor.org adresinden kay\u0131tlar\u0131n\u0131z\u0131 yapabilirsiniz. M\u00fcsabakalar 42K, 10K ve 3K Halk Ko\u015fusu olmak \u00fczere 3 kategoride ger\u00e7ekle\u015fecek. Rekorlar \u015fehri Mersin&#8217;de rekorlara ko\u015fmak i\u00e7in sizleri de bekliyoruz&#8221;&nbsp;<\/strong>ifadelerine yer verdi.<\/p>\n","protected":false},"excerpt":{"rendered":"<p>Mersin B\u00fcy\u00fck\u015fehir Belediye Ba\u015fkan\u0131 Vahap Se\u00e7er, D\u00fcnya Atletizm Birli\u011fi taraf\u0131ndan&nbsp;&#8216;Elite Label&#8217;&nbsp;kategorisine al\u0131nan&nbsp;ve&nbsp;15 Aral\u0131k Pazar g\u00fcn\u00fc&nbsp;&#8216;Rekorlar \u015eehrinde Rekorlara Ko\u015fuyoruz&#8217;&nbsp;slogan\u0131yla ger\u00e7ekle\u015fecek olan&nbsp;&#8216;6. Uluslararas\u0131 Mersin Maratonu&#8217;&nbsp;i\u00e7in&nbsp;vatanda\u015flara&nbsp;kat\u0131l\u0131m davetinde bulundu.&nbsp;&#8217;42K, 10K ve Halk Ko\u015fusu (3K)&#8217;parkurlar\u0131yla her ya\u015f grubunun yar\u0131\u015fabilece\u011fi maraton heyecan\u0131 ise 14 Aral\u0131k&#8217;ta \u00d6zgecan Aslan Meydan\u0131&#8217;nda fuarla ba\u015flayacak. Ba\u015fkan Se\u00e7er: &#8220;Rekorlar \u015fehri Mersin&#8217;de rekorlara ko\u015faca\u011f\u0131z&#8221; Ba\u015fkan Se\u00e7er sabah sporunun [&hellip;]<\/p>\n","protected":false},"author":2,"featured_media":37642,"comment_status":"closed","ping_status":"closed","sticky":false,"template":"","format":"standard","meta":{"footnotes":""},"categories":[3,10],"tags":[],"class_list":["post-37641","post","type-post","status-publish","format-standard","has-post-thumbnail","hentry","category-manset","category-spor"],"views":12,"_links":{"self":[{"href":"https:\/\/mersinkadingazetesi.com\/index.php?rest_route=\/wp\/v2\/posts\/37641"}],"collection":[{"href":"https:\/\/mersinkadingazetesi.com\/index.php?rest_route=\/wp\/v2\/posts"}],"about":[{"href":"https:\/\/mersinkadingazetesi.com\/index.php?rest_route=\/wp\/v2\/types\/post"}],"author":[{"embeddable":true,"href":"https:\/\/mersinkadingazetesi.com\/index.php?rest_route=\/wp\/v2\/users\/2"}],"replies":[{"embeddable":true,"href":"https:\/\/mersinkadingazetesi.com\/index.php?rest_route=%2Fwp%2Fv2%2Fcomments&post=37641"}],"version-history":[{"count":1,"href":"https:\/\/mersinkadingazetesi.com\/index.php?rest_route=\/wp\/v2\/posts\/37641\/revisions"}],"predecessor-version":[{"id":37643,"href":"https:\/\/mersinkadingazetesi.com\/index.php?rest_route=\/wp\/v2\/posts\/37641\/revisions\/37643"}],"wp:featuredmedia":[{"embeddable":true,"href":"https:\/\/mersinkadingazetesi.com\/index.php?rest_route=\/wp\/v2\/media\/37642"}],"wp:attachment":[{"href":"https:\/\/mersinkadingazetesi.com\/index.php?rest_route=%2Fwp%2Fv2%2Fmedia&parent=37641"}],"wp:term":[{"taxonomy":"category","embeddable":true,"href":"https:\/\/mersinkadingazetesi.com\/index.php?rest_route=%2Fwp%2Fv2%2Fcategories&post=37641"},{"taxonomy":"post_tag","embeddable":true,"href":"https:\/\/mersinkadingazetesi.com\/index.php?rest_route=%2Fwp%2Fv2%2Ftags&post=37641"}],"curies":[{"name":"wp","href":"https:\/\/api.w.org\/{rel}","templated":true}]}}