{"id":37644,"date":"2024-12-08T10:58:10","date_gmt":"2024-12-08T07:58:10","guid":{"rendered":"https:\/\/mersinkadingazetesi.com\/?p=37644"},"modified":"2024-12-08T10:58:11","modified_gmt":"2024-12-08T07:58:11","slug":"ekmen-hukuk-egitimi-sos-veriyor","status":"publish","type":"post","link":"https:\/\/mersinkadingazetesi.com\/?p=37644","title":{"rendered":"EKMEN: HUKUK E\u011e\u0130T\u0130M\u0130 SOS VER\u0130YOR\u00a0"},"content":{"rendered":"\n<p><strong>Hukuk mesle\u011fine giri\u015f s\u0131nav sonu\u00e7lar\u0131n\u0131n tedirginli\u011fe sebep oldu\u011funun alt\u0131n\u0131 \u00e7izen Ekmen, son 20 y\u0131ld\u0131r her \u00f6zel \u00fcniversiteye a\u00e7\u0131lan hukuk fak\u00fcltelerinin yanl\u0131\u015f bir politika oldu\u011funa dikkat \u00e7ekerek, \u201cS\u0131nav sonu\u00e7lar\u0131 g\u00f6steriyor ki; hukuk mezunu \u00f6\u011frenciler iyi bir e\u011fitim almam\u0131\u015f. Bu hukuk\u00e7ular mesle\u011fe, memlekete, \u00f6zellikle yarg\u0131ya ve adalet sistemine nas\u0131l hizmet edecekler? Hukuk fak\u00fcltelerinin birtak\u0131m minimum kriterleri kar\u015f\u0131lamamalar\u0131 h\u00e2linde kapat\u0131lmalar\u0131 gerekiyor\u201d dedi.&nbsp;<\/strong><\/p>\n\n\n\n<p>DEVA Partisi Genel Ba\u015fkan Yard\u0131mc\u0131s\u0131 ve Mersin Milletvekili Mehmet Emin Ekmen, TBMM Plan ve B\u00fct\u00e7e Komisyonu\u2019nda Adalet Bakanl\u0131\u011f\u0131\u2019n\u0131n 2025 b\u00fct\u00e7esi \u00fczerinde de\u011ferlendirmelerde bulundu.&nbsp;<\/p>\n\n\n\n<p><strong>KR\u0130TERLER\u0130 KAR\u015eILAMAYAN HUKUK FAK\u00dcLTELER\u0130 KAPATILSIN!<\/strong><\/p>\n\n\n\n<p>Hukukun, adalet ve yarg\u0131 hizmetlerinin performans\u0131n\u0131n bir \u015fekilde \u00f6l\u00e7\u00fclebilmesi gerekti\u011fini ifade eden Ekmen, Anayasa Mahkemesi ihlal kararlar\u0131 gibi, hukuk mesle\u011fine giri\u015f s\u0131nav sonu\u00e7lar\u0131n\u0131n da&nbsp; tedirginlik olu\u015fturdu\u011funu vurgulayarak, \u201cBilmiyorum, sizin cephenizde nas\u0131l kar\u015f\u0131land\u0131? Son yirmi y\u0131l\u0131n en \u00f6nemli yanl\u0131\u015flar\u0131ndan biri b\u00fct\u00fcn \u00f6zel \u00fcniversitelere birer hukuk fak\u00fcltesi a\u00e7t\u0131rmak oldu. Uzunca bir s\u00fcre herhangi bir limit olmadan 300 bininci, 400 bininci \u00e7ocuklar dahi hukuk fak\u00fcltelerine girebildiler. O zaman giri\u015fte sorun vard\u0131, sonra baz\u0131 limitler konuldu ama bu s\u0131nav sonu\u00e7lar\u0131 g\u00f6steriyor ki yeterli bir e\u011fitim almam\u0131\u015flar. \u0130yi bir e\u011fitim almam\u0131\u015f hukuk\u00e7ular mesle\u011fe, memlekete, \u00f6zellikle yarg\u0131ya ve adalete nas\u0131l hizmet edecekler. Hukuk fak\u00fcltelerinin birtak\u0131m minimum kriterleri kar\u015f\u0131lamamalar\u0131 h\u00e2linde kapat\u0131lmalar\u0131 gereklili\u011fini tart\u0131\u015fmaya a\u00e7man\u0131z\u0131 bekliyorum. Hukuk fak\u00fcltelerinin e\u011fitim kalitesini g\u00fc\u00e7lendirmek b\u00fcy\u00fck bir hizmet olacakt\u0131r\u201d de\u011ferlendirmesinde bulundu.&nbsp;<\/p>\n\n\n\n<p><strong>UYAP YAPAY ZEKA \u0130LE DESTEKLENMEL\u0130<\/strong><\/p>\n\n\n\n<p>UYAP\u2019\u0131n d\u00fcnyadaki ba\u015far\u0131l\u0131 \u00f6rneklerden birisi oldu\u011funu s\u00f6yleyen Ekmen, h\u00e2kimlerin karar alma s\u00fcre\u00e7lerinin yapay zek\u00e2yla desteklenmesi hususunda baz\u0131 \u00e7al\u0131\u015fmalar oldu\u011funu duyduklar\u0131n\u0131 ifade ederek, \u015funlar\u0131 kaydetti; \u201cBunlar\u0131n yap\u0131lmas\u0131n\u0131 rica ediyoruz yak\u0131n zamanda facia niteli\u011finde kararlarla kar\u015f\u0131la\u015f\u0131yoruz; mesela bir ki\u015fi hakk\u0131nda tahliye karar\u0131 verilecek, kiraya kefil olan \u015fah\u0131s i\u00e7in tahliye karar\u0131 veriliyor. L\u00fctfen UYAP sistemini bir an \u00f6nce yapay zek\u00e2yla destekleyerek bu konuda adalete eri\u015fimi kolayla\u015ft\u0131r\u0131n\u0131z diyorum.\u201d<\/p>\n","protected":false},"excerpt":{"rendered":"<p>Hukuk mesle\u011fine giri\u015f s\u0131nav sonu\u00e7lar\u0131n\u0131n tedirginli\u011fe sebep oldu\u011funun alt\u0131n\u0131 \u00e7izen Ekmen, son 20 y\u0131ld\u0131r her \u00f6zel \u00fcniversiteye a\u00e7\u0131lan hukuk fak\u00fcltelerinin yanl\u0131\u015f bir politika oldu\u011funa dikkat \u00e7ekerek, \u201cS\u0131nav sonu\u00e7lar\u0131 g\u00f6steriyor ki; hukuk mezunu \u00f6\u011frenciler iyi bir e\u011fitim almam\u0131\u015f. Bu hukuk\u00e7ular mesle\u011fe, memlekete, \u00f6zellikle yarg\u0131ya ve adalet sistemine nas\u0131l hizmet edecekler? Hukuk fak\u00fcltelerinin birtak\u0131m minimum kriterleri kar\u015f\u0131lamamalar\u0131 [&hellip;]<\/p>\n","protected":false},"author":2,"featured_media":37451,"comment_status":"closed","ping_status":"closed","sticky":false,"template":"","format":"standard","meta":{"footnotes":""},"categories":[3,6],"tags":[],"class_list":["post-37644","post","type-post","status-publish","format-standard","has-post-thumbnail","hentry","category-manset","category-siyaset-2"],"views":7,"_links":{"self":[{"href":"https:\/\/mersinkadingazetesi.com\/index.php?rest_route=\/wp\/v2\/posts\/37644"}],"collection":[{"href":"https:\/\/mersinkadingazetesi.com\/index.php?rest_route=\/wp\/v2\/posts"}],"about":[{"href":"https:\/\/mersinkadingazetesi.com\/index.php?rest_route=\/wp\/v2\/types\/post"}],"author":[{"embeddable":true,"href":"https:\/\/mersinkadingazetesi.com\/index.php?rest_route=\/wp\/v2\/users\/2"}],"replies":[{"embeddable":true,"href":"https:\/\/mersinkadingazetesi.com\/index.php?rest_route=%2Fwp%2Fv2%2Fcomments&post=37644"}],"version-history":[{"count":1,"href":"https:\/\/mersinkadingazetesi.com\/index.php?rest_route=\/wp\/v2\/posts\/37644\/revisions"}],"predecessor-version":[{"id":37645,"href":"https:\/\/mersinkadingazetesi.com\/index.php?rest_route=\/wp\/v2\/posts\/37644\/revisions\/37645"}],"wp:featuredmedia":[{"embeddable":true,"href":"https:\/\/mersinkadingazetesi.com\/index.php?rest_route=\/wp\/v2\/media\/37451"}],"wp:attachment":[{"href":"https:\/\/mersinkadingazetesi.com\/index.php?rest_route=%2Fwp%2Fv2%2Fmedia&parent=37644"}],"wp:term":[{"taxonomy":"category","embeddable":true,"href":"https:\/\/mersinkadingazetesi.com\/index.php?rest_route=%2Fwp%2Fv2%2Fcategories&post=37644"},{"taxonomy":"post_tag","embeddable":true,"href":"https:\/\/mersinkadingazetesi.com\/index.php?rest_route=%2Fwp%2Fv2%2Ftags&post=37644"}],"curies":[{"name":"wp","href":"https:\/\/api.w.org\/{rel}","templated":true}]}}