{"id":37646,"date":"2024-12-08T11:00:36","date_gmt":"2024-12-08T08:00:36","guid":{"rendered":"https:\/\/mersinkadingazetesi.com\/?p=37646"},"modified":"2024-12-08T11:00:36","modified_gmt":"2024-12-08T08:00:36","slug":"pazarda-ortalik-yangin-yeri-vatandas-sepetini-dolduramiyor","status":"publish","type":"post","link":"https:\/\/mersinkadingazetesi.com\/?p=37646","title":{"rendered":"&#8220;PAZARDA ORTALIK YANGIN YER\u0130, VATANDA\u015e SEPET\u0130N\u0130 DOLDURAMIYOR&#8221;"},"content":{"rendered":"\n<p>Mersin B\u00fcy\u00fck\u015fehir Belediye Ba\u015fkan\u0131 Vahap Se\u00e7er, Akdeniz \u0130l\u00e7esi&#8217;nde bulunan Hal Mahallesi 158. Cadde Pazar Yeri&#8217;ni ziyaret ederek, pazar esnaf\u0131 ve vatanda\u015flar\u0131 dinledi.<\/p>\n\n\n\n<p>Se\u00e7er, pazar esnaf\u0131 ve vatanda\u015flar taraf\u0131ndan alk\u0131\u015fla kar\u015f\u0131lan\u0131rken, vatanda\u015flardan s\u0131k s\u0131k&nbsp;<strong>&#8220;Mersin&#8217;e \u00e7ok yak\u0131\u015f\u0131yorsunuz, sizden \u00e7ok memnunuz&#8221;&nbsp;<\/strong>s\u00f6zlerini duydu.<\/p>\n\n\n\n<p><strong>Ba\u015fkan Se\u00e7er: &#8220;Pazarda<\/strong><strong>&nbsp;ortal\u0131k yang\u0131n yeri, vatanda\u015f sepetini dolduram\u0131yor&#8221;<\/strong><\/p>\n\n\n\n<p>Hal Mahallesi semt pazar\u0131nda pazarc\u0131 esnaf\u0131 ve vatanda\u015flarla bir araya gelen Se\u00e7er, ziyaretinin ard\u0131ndan de\u011ferlendirmelerde bulundu. Mersin&#8217;in \u00fcretim b\u00f6lgesi olmas\u0131na ra\u011fmen fiyatlar\u0131n y\u00fcksek olmas\u0131 noktas\u0131nda \u015fa\u015f\u0131rd\u0131\u011f\u0131n\u0131 belirten Se\u00e7er,&nbsp;<strong>&#8220;Ger\u00e7ekten ortal\u0131k yang\u0131n yeri. Mersin \u00fcretim b\u00f6lgesi ve sebzenin, meyvenin bol oldu\u011fu bir b\u00f6lge ama kentimizde \u00fcretilen bir\u00e7ok \u00fcr\u00fcn ate\u015f pahas\u0131. Burada fiyatlar bu \u015fekildeyse \u00fcretimin olmad\u0131\u011f\u0131 \u015fehirlerdeki fiyatlar\u0131 d\u00fc\u015f\u00fcnemiyorum&#8221;&nbsp;<\/strong>ifadelerini kulland\u0131. Vatanda\u015f\u0131n temel ihtiya\u00e7lar\u0131n\u0131 alamad\u0131\u011f\u0131n\u0131 da s\u00f6zlerine ekleyen Se\u00e7er,&nbsp;<strong>&#8220;Vatanda\u015f sepetini doldurma niyetiyle pazara geliyor ancak niyet etti\u011fi gibi sepetini doldurup g\u00f6t\u00fcremiyor. Bu s\u0131k\u0131nt\u0131lar\u0131 emekli vatanda\u015f\u0131m\u0131z da ya\u015f\u0131yor memur vatanda\u015f\u0131m\u0131z da ya\u015f\u0131yor&#8221;<\/strong>&nbsp;diye konu\u015ftu.<\/p>\n\n\n\n<p><strong>&#8220;T\u00fcrkiye&#8217;nin odaklanaca\u011f\u0131 konu hayat pahal\u0131l\u0131\u011f\u0131d\u0131r&#8221;<\/strong><\/p>\n\n\n\n<p>Se\u00e7er yapt\u0131\u011f\u0131 a\u00e7\u0131klamada iktidara seslenerek, tart\u0131\u015f\u0131lmas\u0131 gereken en \u00f6nemli konunun hayat pahal\u0131l\u0131\u011f\u0131 oldu\u011funu vurgulad\u0131. Vatanda\u015f\u0131n ekonomik \u015fartlar kar\u015f\u0131s\u0131nda ezildi\u011fini ifade eden Se\u00e7er,&nbsp;<strong>&#8220;T\u00fcrkiye&#8217;nin odaklanaca\u011f\u0131 konu hayat pahal\u0131l\u0131\u011f\u0131d\u0131r. Ekonomik tedbirler paketi diye tutturmu\u015flar onu uyguluyorlar ama burada halk, sabit gelirli, emekli, i\u015f\u00e7i ve \u00fcretici eziliyor<\/strong><strong>&#8221;&nbsp;<\/strong>dedi.<\/p>\n\n\n\n<p><strong>&#8220;Vatanda\u015f\u0131n ma\u011fdur oldu\u011fu t\u00fcm konular\u0131n \u00e7\u00f6z\u00fcm\u00fcnde CHP&#8217;li belediyeler var&#8221;<\/strong><\/p>\n\n\n\n<p>Mersin&#8217;de sosyal politikalara \u00f6nem verdiklerinin alt\u0131n\u0131 \u00e7izerek s\u00f6zlerini devam ettiren Se\u00e7er,&nbsp;<strong>&#8220;Mersin&#8217;de sosyal politikalara \u00f6nem vermekte ne kadar da hakl\u0131 oldu\u011fumuzu g\u00f6r\u00fcyoruz. 2019&#8217;da belediye ba\u015fkan\u0131 oldu\u011fumda, gelir da\u011f\u0131l\u0131m\u0131nda adaletsizlik oldu\u011fu ger\u00e7e\u011fini biliyorduk. Onun i\u00e7in sosyal politikalara \u00f6nem verdik. Pandemi, ekonomik krizler ve do\u011fal afetler bizi hakl\u0131 \u00e7\u0131kard\u0131. Vatanda\u015f\u0131n ma\u011fdur oldu\u011fu t\u00fcm&nbsp;<\/strong><strong>konular\u0131n&nbsp;\u00e7\u00f6z\u00fcm\u00fcnde CHP&#8217;li&nbsp;belediyeler var&#8221;<\/strong>&nbsp;ifadelerine yer verdi.<\/p>\n\n\n\n<p><strong>&#8220;Hayat pahal\u0131l\u0131\u011f\u0131ndan dolay\u0131 sosyal politikalara ay\u0131rd\u0131\u011f\u0131m\u0131z pay\u0131 1,5 milyar liraya \u00e7\u0131kard\u0131k&#8221;<\/strong><\/p>\n\n\n\n<p>2025 y\u0131l\u0131n\u0131n b\u00fct\u00e7esinin Meclis&#8217;ten ge\u00e7ti\u011fini kaydeden Se\u00e7er<strong>, &#8220;Sosyal politikalara 2025 y\u0131l\u0131 b\u00fct\u00e7esinde 1,5 milyar TL ay\u0131rd\u0131k. \u00c7\u00fcnk\u00fc ihtiya\u00e7 var. Pazar yerinde g\u00f6r\u00fcyorsunuz; insanlar temel g\u0131da maddelerine eri\u015femiyor, ula\u015fam\u0131yor. Burada h\u00fck\u00fcmetin bo\u015f b\u0131rakt\u0131\u011f\u0131 alanlar\u0131 belediyeler dolduracak. CHP&#8217;li belediyeler onun i\u00e7in 2024 se\u00e7imlerinde yo\u011fun destek ald\u0131 ve onun i\u00e7in Mersin B\u00fcy\u00fck\u015fehir Belediye Ba\u015fkan\u0131&#8217;n\u0131n oy oran\u0131 y\u00fczde 45&#8217;lerden y\u00fczde 60&#8217;lara \u00e7\u0131kt\u0131. \u00c7\u00fcnk\u00fc vatanda\u015f bu bo\u015flu\u011fu g\u00f6rd\u00fc&#8221;<\/strong>&nbsp;diyerek; siyasi, etnik ayr\u0131m yapmadan insanlara adaletli hizmet g\u00f6t\u00fcrd\u00fcklerini&nbsp;vurgulad\u0131.<\/p>\n","protected":false},"excerpt":{"rendered":"<p>Mersin B\u00fcy\u00fck\u015fehir Belediye Ba\u015fkan\u0131 Vahap Se\u00e7er, Akdeniz \u0130l\u00e7esi&#8217;nde bulunan Hal Mahallesi 158. Cadde Pazar Yeri&#8217;ni ziyaret ederek, pazar esnaf\u0131 ve vatanda\u015flar\u0131 dinledi. Se\u00e7er, pazar esnaf\u0131 ve vatanda\u015flar taraf\u0131ndan alk\u0131\u015fla kar\u015f\u0131lan\u0131rken, vatanda\u015flardan s\u0131k s\u0131k&nbsp;&#8220;Mersin&#8217;e \u00e7ok yak\u0131\u015f\u0131yorsunuz, sizden \u00e7ok memnunuz&#8221;&nbsp;s\u00f6zlerini duydu. Ba\u015fkan Se\u00e7er: &#8220;Pazarda&nbsp;ortal\u0131k yang\u0131n yeri, vatanda\u015f sepetini dolduram\u0131yor&#8221; Hal Mahallesi semt pazar\u0131nda pazarc\u0131 esnaf\u0131 ve vatanda\u015flarla [&hellip;]<\/p>\n","protected":false},"author":2,"featured_media":37647,"comment_status":"closed","ping_status":"closed","sticky":false,"template":"","format":"standard","meta":{"footnotes":""},"categories":[3],"tags":[],"class_list":["post-37646","post","type-post","status-publish","format-standard","has-post-thumbnail","hentry","category-manset"],"views":9,"_links":{"self":[{"href":"https:\/\/mersinkadingazetesi.com\/index.php?rest_route=\/wp\/v2\/posts\/37646"}],"collection":[{"href":"https:\/\/mersinkadingazetesi.com\/index.php?rest_route=\/wp\/v2\/posts"}],"about":[{"href":"https:\/\/mersinkadingazetesi.com\/index.php?rest_route=\/wp\/v2\/types\/post"}],"author":[{"embeddable":true,"href":"https:\/\/mersinkadingazetesi.com\/index.php?rest_route=\/wp\/v2\/users\/2"}],"replies":[{"embeddable":true,"href":"https:\/\/mersinkadingazetesi.com\/index.php?rest_route=%2Fwp%2Fv2%2Fcomments&post=37646"}],"version-history":[{"count":1,"href":"https:\/\/mersinkadingazetesi.com\/index.php?rest_route=\/wp\/v2\/posts\/37646\/revisions"}],"predecessor-version":[{"id":37648,"href":"https:\/\/mersinkadingazetesi.com\/index.php?rest_route=\/wp\/v2\/posts\/37646\/revisions\/37648"}],"wp:featuredmedia":[{"embeddable":true,"href":"https:\/\/mersinkadingazetesi.com\/index.php?rest_route=\/wp\/v2\/media\/37647"}],"wp:attachment":[{"href":"https:\/\/mersinkadingazetesi.com\/index.php?rest_route=%2Fwp%2Fv2%2Fmedia&parent=37646"}],"wp:term":[{"taxonomy":"category","embeddable":true,"href":"https:\/\/mersinkadingazetesi.com\/index.php?rest_route=%2Fwp%2Fv2%2Fcategories&post=37646"},{"taxonomy":"post_tag","embeddable":true,"href":"https:\/\/mersinkadingazetesi.com\/index.php?rest_route=%2Fwp%2Fv2%2Ftags&post=37646"}],"curies":[{"name":"wp","href":"https:\/\/api.w.org\/{rel}","templated":true}]}}