{"id":37654,"date":"2024-12-08T11:05:47","date_gmt":"2024-12-08T08:05:47","guid":{"rendered":"https:\/\/mersinkadingazetesi.com\/?p=37654"},"modified":"2024-12-08T11:05:47","modified_gmt":"2024-12-08T08:05:47","slug":"tarsus-genclik-kampinda-dunya-gonulluler-gunu-etkinligi","status":"publish","type":"post","link":"https:\/\/mersinkadingazetesi.com\/?p=37654","title":{"rendered":"TARSUS GEN\u00c7L\u0130K KAMPI&#8217;NDA\u00a0&#8216;D\u00dcNYA G\u00d6N\u00dcLL\u00dcLER G\u00dcN\u00dc ETK\u0130NL\u0130\u011e\u0130&#8217;"},"content":{"rendered":"\n<p>Mersin B\u00fcy\u00fck\u015fehir Belediyesi Kad\u0131n ve Aile Hizmetleri Dairesi Ba\u015fkanl\u0131\u011f\u0131&#8217;na ba\u011fl\u0131 G\u00f6n\u00fcll\u00fcler \u015eube M\u00fcd\u00fcrl\u00fc\u011f\u00fc taraf\u0131ndan Tarsus Gen\u00e7lik Kamp\u0131&#8217;nda&nbsp;<strong><em>&#8216;5 Aral\u0131k D\u00fcnya G\u00f6n\u00fcll\u00fcler G\u00fcn\u00fc Etkinli\u011fi&#8217;<\/em><\/strong>&nbsp;d\u00fczenlendi. B\u00fcy\u00fck\u015fehir Belediyesi&#8217;nin faaliyetlerine g\u00f6n\u00fcll\u00fc olarak destek veren her ya\u015f grubundan vatanda\u015flar\u0131n kat\u0131ld\u0131\u011f\u0131 program dolu dolu ge\u00e7ti.<\/p>\n\n\n\n<p>Kentin d\u00f6rt bir noktas\u0131ndan kampa gelerek programa i\u015ftirak eden B\u00fcy\u00fck\u015fehir Belediyesi g\u00f6n\u00fcll\u00fcleri, unutulmaz dakikalar ya\u015fad\u0131lar. G\u00fcn boyu s\u00fcren program dahilinde kat\u0131l\u0131mc\u0131lar \u00f6nce Tarsus&#8217;un tarihi ve turistik noktalar\u0131n\u0131 gezdiler.&nbsp;&nbsp;Tarsus Gen\u00e7lik Kamp\u0131&#8217;n\u0131n do\u011fal ortam\u0131nda d\u00fczenlenen etkinli\u011fin a\u00e7\u0131l\u0131\u015f\u0131nda ise B\u00fcy\u00fck\u015fehir Belediyesi Halk Oyunlar\u0131 ekibi sahne ald\u0131. Sayg\u0131 duru\u015fu ve \u0130stiklal Mar\u015f\u0131&#8217;n\u0131n okundu\u011fu programda Silifke Gazi \u00c7iftli\u011fi G\u00f6n\u00fcll\u00fc Korusu, Tarsus&#8217;a De\u011fer Katanlar (TADEKA) Kad\u0131n Ritim Grubu ve DJ performans\u0131 yer ald\u0131.<\/p>\n\n\n\n<p>Mersinden Kad\u0131n Kooperatifi Ba\u015fkan\u0131 ve B\u00fcy\u00fck\u015fehir Belediyesi&#8217;nin ilk g\u00f6n\u00fcll\u00fcs\u00fc Meral Se\u00e7er ile B\u00fcy\u00fck\u015fehir Belediyesi Kad\u0131n ve Aile Hizmetleri Dairesi Ba\u015fkan\u0131 \u015eerife Haso\u011flu Dokucu&#8217;nun da g\u00f6n\u00fcll\u00fcleri yaln\u0131z b\u0131rakmad\u0131\u011f\u0131 etkinlikte, t\u00fcm kat\u0131l\u0131mc\u0131lara k\u0131rm\u0131z\u0131 g\u00fcl da\u011f\u0131t\u0131ld\u0131.<\/p>\n\n\n\n<p><strong>Meral Se\u00e7er: &#8220;Mersin&#8217;in ilk g\u00f6n\u00fcll\u00fcs\u00fcy\u00fcm&#8221;<\/strong><\/p>\n\n\n\n<p>Programda konu\u015fan Mersinden Kad\u0131n Kooperatifi Ba\u015fkan\u0131 Meral Se\u00e7er, g\u00f6n\u00fcll\u00fclere yapt\u0131klar\u0131 i\u015fin ne kadar \u00f6nemli oldu\u011funu belirterek,&nbsp;<strong>&#8220;D\u00fcnya G\u00f6n\u00fcll\u00fcler G\u00fcn\u00fc, denilince ger\u00e7ekten \u00e7ok mutlu oluyorum. Ben de Mersin B\u00fcy\u00fck\u015fehir Belediyesi&#8217;nin yani Mersin&#8217;in ilk g\u00f6n\u00fcll\u00fcs\u00fcy\u00fcm. Bu \u00e7al\u0131\u015fmaya ba\u015flad\u0131\u011f\u0131m\u0131zda 13 il\u00e7eden bir\u00e7ok kad\u0131n ve erkek, g\u00f6n\u00fcll\u00fc olarak kat\u0131lmak istedi ve onlarla bir araya geldik. Bu g\u00f6n\u00fcll\u00fcl\u00fck \u00e7al\u0131\u015fmas\u0131 sonucunda \u00e7ok g\u00fczel sonu\u00e7lar \u00e7\u0131kt\u0131. G\u00f6n\u00fcll\u00fc olmak \u00e7ok kolay de\u011fil. G\u00f6n\u00fclden vermek, hi\u00e7bir beklenti i\u00e7erisinde olmamak, zaten g\u00f6n\u00fcll\u00fcl\u00fc\u011f\u00fcn temelinde maddi bir kar\u015f\u0131l\u0131k beklemeden; birine yard\u0131m etmek, toplumsal fayda elde etmek geliyor. Yap\u0131lan bu \u00e7al\u0131\u015fmalarda toplumsal fayday\u0131 \u00e7ok g\u00f6r\u00fcyoruz. Kad\u0131nlar\u0131n g\u00f6n\u00fcll\u00fcler sayesinde sosyalle\u015fti\u011fini, ekonomik anlamda kendilerine bir yol buldu\u011funu g\u00f6r\u00fcyoruz. Hepinizin eline, eme\u011fine sa\u011fl\u0131k. \u00c7ok te\u015fekk\u00fcr ediyoruz sizlere&#8221;<\/strong>&nbsp;s\u00f6zlerine yer verdi.<\/p>\n\n\n\n<p>D\u00fcnya G\u00f6n\u00fcll\u00fcler G\u00fcn\u00fc&#8217;n\u00fcn 1985 y\u0131l\u0131nda Birle\u015fmi\u015f Milletler taraf\u0131ndan kutlanmaya ba\u015flad\u0131\u011f\u0131n\u0131 hat\u0131rlatan Se\u00e7er,&nbsp;<strong>&#8220;G\u00f6n\u00fcll\u00fc\u011f\u00fcn anlat\u0131lmas\u0131, yayg\u0131nla\u015fmas\u0131 ve daha \u00e7ok g\u00f6n\u00fcll\u00fc insan\u0131n olmas\u0131 maksad\u0131yla bug\u00fcn ilan edilmi\u015f. Sizlere kendinizi ne kadar \u00f6nemli bir i\u015fi yapt\u0131\u011f\u0131n\u0131z\u0131 g\u00f6stermek i\u00e7in bunlar\u0131 anlat\u0131yorum. Asl\u0131nda son y\u0131llarda pandemi, deprem, sel felaketi gibi bir\u00e7ok olay ya\u015fad\u0131k. G\u00f6n\u00fcll\u00fcl\u00fc\u011f\u00fcn ne kadar \u00f6nemli oldu\u011funu g\u00f6rd\u00fck burada. Kimimiz depremde, pandemide ekiplere kat\u0131ld\u0131k veya bireysel olarak bir \u015feyler yapt\u0131k. Bunun hazz\u0131n\u0131, mutlulu\u011funu verecek ba\u015fka bir \u015fey yok. G\u00f6n\u00fcll\u00fclerimizin say\u0131s\u0131n\u0131n her y\u0131l artmas\u0131n\u0131 diliyorum&#8221;<\/strong>&nbsp;diye konu\u015ftu.<\/p>\n\n\n\n<p><strong>Kalayc\u0131o\u011flu: &#8220;Sayenizde evde oturmad\u0131k, sosyalle\u015fiyoruz&#8221;<\/strong><\/p>\n\n\n\n<p>Silifke Gazi \u00c7iftli\u011fi g\u00f6n\u00fcll\u00fclerinden M\u00fczeyyen Kalayc\u0131o\u011flu ise&nbsp;<strong>&#8220;Gazi \u00c7iftli\u011fi&#8217;nde ki han\u0131mlar diki\u015f, nak\u0131\u015f, mefru\u015fat kurslar\u0131na geliyorlar. \u00c7ok mutluyuz, memnunuz, iyi ki Gazi \u00c7iftli\u011fi a\u00e7\u0131lm\u0131\u015f. Deprem zaman\u0131nda g\u00f6n\u00fcll\u00fcler \u00e7ocuklar\u0131m\u0131z i\u00e7in canh\u0131ra\u015f \u00e7al\u0131\u015ft\u0131lar. Depremzedelere gece-g\u00fcnd\u00fcz yard\u0131mc\u0131 oldular. Bizlerde \u00e7ocuklara oyuncaklar yapt\u0131k. \u0130yi ki Vahap Ba\u015fkan\u0131m\u0131z var, iyi ki Meral Han\u0131m var. Onlara da \u00e7ok te\u015fekk\u00fcr ederiz. Sizin sayenizde evde oturmad\u0131k; sosyalle\u015fiyoruz, b\u00fct\u00fcn han\u0131mlar bizimle beraber oluyorlar&#8221;<\/strong>&nbsp;\u015feklinde konu\u015ftu.<\/p>\n\n\n\n<p><strong>Aksay: &#8220;T\u00fcm Mersinlileri g\u00f6n\u00fcll\u00fc olarak davet ediyorum&#8221;<\/strong><\/p>\n\n\n\n<p>Erdemli&#8217;den etkinli\u011fe kat\u0131lan g\u00f6n\u00fcll\u00fclerden Meryem Aksay&#8217;da vatanda\u015flara y\u00f6nelik y\u00fcr\u00fct\u00fclen bir\u00e7ok kursta e\u011fitmen olarak g\u00f6rev ald\u0131\u011f\u0131n\u0131 vurgulayarak,&nbsp;<strong>&#8220;Mersin B\u00fcy\u00fck\u015fehir Belediyesi&#8217;nin g\u00f6n\u00fcll\u00fcs\u00fc olarak T\u00f6m\u00fck Kad\u0131n At\u00f6lyesi&#8217;nde el sanatlar\u0131 \u00fczerine e\u011fitmenlik yap\u0131yorum. Kad\u0131nlar\u0131m\u0131za dokuma, el sanatlar\u0131 ve ba\u011flama \u00fczerine g\u00f6n\u00fcll\u00fc dersler veriyoruz; g\u00fczel zamanlar ge\u00e7iriyoruz. Onlara g\u00f6n\u00fcll\u00fc olarak destek olmaya \u00e7al\u0131\u015f\u0131yoruz&#8221;<\/strong>&nbsp;ifadelerine yer verdi.<\/p>\n\n\n\n<p><strong>\u00c7a\u011flayan: &#8220;Hayata kar\u015f\u0131 heyecan\u0131m\u0131 destekleyen \u00e7ok g\u00fczel saatler&#8221;<\/strong><\/p>\n\n\n\n<p>B\u00fcy\u00fck\u015fehir Belediyesi&#8217;nin Sanat ve Etkinlik Merkezi&#8217;nde g\u00f6n\u00fcll\u00fc olarak g\u00f6rev \u00fcstlenen g\u00f6rsel sanatlar \u00f6\u011fretmeni M\u00fccella \u00c7a\u011flayan&#8217;da,&nbsp;<strong>&#8220;Resim at\u00f6lyesine e\u015flik ediyorum. Orada \u00e7ocuklar\u0131n resim yoluyla kendilerini anlatmas\u0131, varl\u0131klar\u0131n\u0131 kan\u0131tlamas\u0131 ve kendilerini ifade etmesine destek olmaya \u00e7al\u0131\u015f\u0131yorum. Bunu hayata kar\u015f\u0131 heyecan\u0131m\u0131 destekleyen \u00e7ok g\u00fczel saatler dilimi i\u00e7erisinde olarak nitelendiriyorum&#8221;&nbsp;<\/strong>diyerek, emek veren herkese te\u015fekk\u00fcr etti.<\/p>\n\n\n\n<p>Yak\u0131lan ate\u015flerin geceyi ayd\u0131nlatt\u0131\u011f\u0131 dopdolu etkinlikte Atat\u00fcrk&#8217;\u00fcn sevdi\u011fi \u015fark\u0131lar seslendirilirken, hep birlikte s\u00f6ylenen \u0130zmir Mar\u015f\u0131&#8217;nda ise duygu dolu anlar ya\u015fand\u0131. Bir\u00e7ok ikram\u0131n yap\u0131ld\u0131\u011f\u0131&nbsp;<strong>&#8216;D\u00fcnya G\u00f6n\u00fcll\u00fcler G\u00fcn\u00fc Etkinli\u011fi&#8217;<\/strong>nin ilerleyen dakikalar\u0131nda ise \u00e7al\u0131nan m\u00fczik e\u015fli\u011finde kat\u0131l\u0131mc\u0131lar g\u00f6n\u00fcllerince e\u011flenme f\u0131rsat\u0131 yakalad\u0131lar.<\/p>\n","protected":false},"excerpt":{"rendered":"<p>Mersin B\u00fcy\u00fck\u015fehir Belediyesi Kad\u0131n ve Aile Hizmetleri Dairesi Ba\u015fkanl\u0131\u011f\u0131&#8217;na ba\u011fl\u0131 G\u00f6n\u00fcll\u00fcler \u015eube M\u00fcd\u00fcrl\u00fc\u011f\u00fc taraf\u0131ndan Tarsus Gen\u00e7lik Kamp\u0131&#8217;nda&nbsp;&#8216;5 Aral\u0131k D\u00fcnya G\u00f6n\u00fcll\u00fcler G\u00fcn\u00fc Etkinli\u011fi&#8217;&nbsp;d\u00fczenlendi. B\u00fcy\u00fck\u015fehir Belediyesi&#8217;nin faaliyetlerine g\u00f6n\u00fcll\u00fc olarak destek veren her ya\u015f grubundan vatanda\u015flar\u0131n kat\u0131ld\u0131\u011f\u0131 program dolu dolu ge\u00e7ti. Kentin d\u00f6rt bir noktas\u0131ndan kampa gelerek programa i\u015ftirak eden B\u00fcy\u00fck\u015fehir Belediyesi g\u00f6n\u00fcll\u00fcleri, unutulmaz dakikalar ya\u015fad\u0131lar. G\u00fcn boyu [&hellip;]<\/p>\n","protected":false},"author":2,"featured_media":37655,"comment_status":"closed","ping_status":"closed","sticky":false,"template":"","format":"standard","meta":{"footnotes":""},"categories":[3],"tags":[],"class_list":["post-37654","post","type-post","status-publish","format-standard","has-post-thumbnail","hentry","category-manset"],"views":5,"_links":{"self":[{"href":"https:\/\/mersinkadingazetesi.com\/index.php?rest_route=\/wp\/v2\/posts\/37654"}],"collection":[{"href":"https:\/\/mersinkadingazetesi.com\/index.php?rest_route=\/wp\/v2\/posts"}],"about":[{"href":"https:\/\/mersinkadingazetesi.com\/index.php?rest_route=\/wp\/v2\/types\/post"}],"author":[{"embeddable":true,"href":"https:\/\/mersinkadingazetesi.com\/index.php?rest_route=\/wp\/v2\/users\/2"}],"replies":[{"embeddable":true,"href":"https:\/\/mersinkadingazetesi.com\/index.php?rest_route=%2Fwp%2Fv2%2Fcomments&post=37654"}],"version-history":[{"count":1,"href":"https:\/\/mersinkadingazetesi.com\/index.php?rest_route=\/wp\/v2\/posts\/37654\/revisions"}],"predecessor-version":[{"id":37656,"href":"https:\/\/mersinkadingazetesi.com\/index.php?rest_route=\/wp\/v2\/posts\/37654\/revisions\/37656"}],"wp:featuredmedia":[{"embeddable":true,"href":"https:\/\/mersinkadingazetesi.com\/index.php?rest_route=\/wp\/v2\/media\/37655"}],"wp:attachment":[{"href":"https:\/\/mersinkadingazetesi.com\/index.php?rest_route=%2Fwp%2Fv2%2Fmedia&parent=37654"}],"wp:term":[{"taxonomy":"category","embeddable":true,"href":"https:\/\/mersinkadingazetesi.com\/index.php?rest_route=%2Fwp%2Fv2%2Fcategories&post=37654"},{"taxonomy":"post_tag","embeddable":true,"href":"https:\/\/mersinkadingazetesi.com\/index.php?rest_route=%2Fwp%2Fv2%2Ftags&post=37654"}],"curies":[{"name":"wp","href":"https:\/\/api.w.org\/{rel}","templated":true}]}}