{"id":37657,"date":"2024-12-08T11:09:43","date_gmt":"2024-12-08T08:09:43","guid":{"rendered":"https:\/\/mersinkadingazetesi.com\/?p=37657"},"modified":"2024-12-08T11:09:43","modified_gmt":"2024-12-08T08:09:43","slug":"hayvancilikta-genc-girisimcilere-destek-buyuksehirden","status":"publish","type":"post","link":"https:\/\/mersinkadingazetesi.com\/?p=37657","title":{"rendered":"HAYVANCILIKTA GEN\u00c7 G\u0130R\u0130\u015e\u0130MC\u0130LERE DESTEK B\u00dcY\u00dcK\u015eEH\u0130R&#8217;DEN"},"content":{"rendered":"\n<p>Mersin B\u00fcy\u00fck\u015fehir Belediyesi&#8217;nin; s\u00fcrd\u00fcr\u00fclebilirlik ve \u00fcreticinin desteklenmesi noktas\u0131nda T\u00fcrkiye&#8217;ye \u00f6rnek olan tar\u0131msal projelerinden&nbsp;<strong>&#8216;Hadi Gel K\u00f6y\u00fcm\u00fcze Destek Verelim&#8217;<\/strong>&nbsp;projesi bir genci daha \u00fcretime kazand\u0131rd\u0131. Silifke il\u00e7esinin \u00c7aml\u0131ca Mahallesi&#8217;nde ya\u015fayan 24 ya\u015f\u0131ndaki Hilal Do\u011fan&#8217;\u0131n hayat\u0131 da hayalleri de B\u00fcy\u00fck\u015fehir Belediyesi&#8217;nin bu projesiyle yeniden \u015fekillendi. Bir bakkalda yevmiyeci olarak \u00e7al\u0131\u015fan Do\u011fan&#8217;\u0131n art\u0131k kendi hayvanlar\u0131, kendi i\u015fi ve kendi kazanc\u0131 var.<\/p>\n\n\n\n<p><strong>T\u00fcrkiye&#8217;ye \u00f6rnek proje \u00fcretici say\u0131s\u0131n\u0131 art\u0131r\u0131yor<\/strong><\/p>\n\n\n\n<p>\u015eehirle\u015fmenin ve t\u00fcketimin her ge\u00e7en g\u00fcn h\u0131zla artt\u0131\u011f\u0131 ancak \u00fcretimin de bir o kadar d\u00fc\u015ft\u00fc\u011f\u00fc g\u00fcn\u00fcm\u00fcz T\u00fcrkiye&#8217;sinde \u00f6rnek bir proje olan&nbsp;<strong>&#8216;Hadi Gel K\u00f6y\u00fcm\u00fcze Destek Verelim Projesi&#8217;<\/strong>, \u00fcretici say\u0131s\u0131n\u0131 art\u0131rarak, k\u00f6yden kente g\u00f6\u00e7\u00fc azalt\u0131yor. Tar\u0131msal Hizmetler Dairesi Ba\u015fkanl\u0131\u011f\u0131 \u00f6nc\u00fcl\u00fc\u011f\u00fcnde ba\u015flat\u0131lan proje kapsam\u0131nda k\u00fc\u00e7\u00fckba\u015f hayvan alan Hilal Do\u011fan da o \u00fcreticilerden biri oldu. Hayvanc\u0131l\u0131\u011fa a\u015fina olan ancak \u015fartlar gere\u011fi bir bakkalda yevmiye ile \u00e7al\u0131\u015fan Do\u011fan, B\u00fcy\u00fck\u015fehir&#8217;in verdi\u011fi k\u00fc\u00e7\u00fckba\u015f hayvanlarla art\u0131k kendi i\u015finin sahibi oldu. Do\u011fan, proje sayesinde art\u0131k hayvan yeti\u015ftiricisi olarak hem ailesine hem Mersin&#8217;e hem de \u00fclkesine katk\u0131 sa\u011fl\u0131yor.<\/p>\n\n\n\n<p>T\u00fcm g\u00fcn\u00fcn\u00fc koyun ve ke\u00e7ileriyle ge\u00e7iren, onar\u0131 bebek gibi seven Do\u011fan, onlara isimler vermi\u015f. Sabah\u0131n erken saatlerinde onlar\u0131 beslemek i\u00e7in kalkan Do\u011fan, eski i\u015fine g\u00f6re hayvanlar\u0131yla ilgilenmenin kendisini \u00e7ok daha mutlu etti\u011fini ifade ediyor. Do\u011fan, kendisine bu \u015fans\u0131 veren B\u00fcy\u00fck\u015fehir Belediyesi&#8217;ne ve Ba\u015fkan Vahap Se\u00e7er&#8217;e te\u015fekk\u00fcr ediyor.<\/p>\n\n\n\n<p><strong>Do\u011fan: &#8220;\u00d6nceden yevmiyeciydim, \u015fimdi koyunlar\u0131ma bak\u0131yorum&#8221;<\/strong><\/p>\n\n\n\n<p>Kendisini&nbsp;<strong>&#8216;gen\u00e7 giri\u015fimci&#8217;<\/strong>&nbsp;olarak tan\u0131mlayan Do\u011fan, projeyle tan\u0131\u015ft\u0131ktan sonra hayat\u0131nda neler de\u011fi\u015fti\u011fini anlatt\u0131. Do\u011fan,&nbsp;<strong>&#8220;Gen\u00e7 giri\u015fimciyim. \u00d6nceden yevmiyeciydim, bakkal \u00e7al\u0131\u015ft\u0131r\u0131yordum. Vahap Ba\u015fkan\u0131m\u0131z bize bu deste\u011fi verdi. \u015eimdi koyunlar\u0131ma bak\u0131yorum&#8221;<\/strong>&nbsp;dedi. Hayvanlar\u0131n\u0131 \u00e7ok sevdi\u011fini s\u00f6yleyen Do\u011fan,&nbsp;<strong>&#8220;Bu i\u015fi yaparken \u00e7ok keyifli yap\u0131yorum. Bu daha iyi. K\u00fc\u00e7\u00fckl\u00fc\u011f\u00fcmden beri ailemle hayvanc\u0131l\u0131kla u\u011fra\u015f\u0131yorduk. \u015eimdi yine \u00f6yle. Mutluyuz. Severek yap\u0131yoruz. Ailemize katk\u0131 oldu&#8221;<\/strong>&nbsp;diye konu\u015ftu.<\/p>\n\n\n\n<p><strong>&#8220;Her kad\u0131n bu i\u015fi yapabilir&#8221;<\/strong><\/p>\n\n\n\n<p>\u00dcretici bir kad\u0131n olarak di\u011fer kad\u0131nlara da tavsiyelerde bulunan Do\u011fan,&nbsp;<strong>&#8220;Her kad\u0131n bu i\u015fi yapabilir. Herkes yapabilir. Zor bir \u015fey de\u011fil. Ben gen\u00e7 olarak bu i\u015fi yap\u0131yorum. Benden sonraki gen\u00e7lere de \u00f6neririm. Kendilerine g\u00fcvenirlerse ve hayvan\u0131 severlerse yapabilirler&#8221;<\/strong>&nbsp;ifadelerini kulland\u0131.&nbsp;<\/p>\n\n\n\n<p><strong>&#8220;Hayvanlar\u0131, \u00e7ocuk sever gibi seviyorum&#8221;<\/strong><\/p>\n\n\n\n<p>Sabah erkenden hayvanlar\u0131n\u0131 yemlemek ve sulamak i\u00e7in kakt\u0131\u011f\u0131n\u0131 s\u00f6yleyen Do\u011fan<strong>, &#8220;Hayvanlar\u0131m\u0131; boncu\u011fum, kara g\u00f6zl\u00fcm diyerek seviyorum. Hepsinin isimleri var. \u00c7ocuk sever gibi seviyorum onlar\u0131. Bu i\u015f hayvanlar\u0131 sevmekle ba\u015fl\u0131yor&#8221;<\/strong>&nbsp;dedi. Do\u011fan, ba\u015fka insanlara da umut olan projenin devam etmesini istedi\u011fini s\u00f6yledi.<\/p>\n\n\n\n<p><strong>&#8220;\u00dcreticilerden ald\u0131\u011f\u0131m\u0131z tepkiler \u00e7ok g\u00fczel&#8221;<\/strong><\/p>\n\n\n\n<p>Tar\u0131msal Hizmetler Daire Ba\u015fkanl\u0131\u011f\u0131 personelinden Ziraat M\u00fchendisi Mehmet Atl\u0131, projenin detaylar\u0131n\u0131 anlatt\u0131. Projenin 5. y\u0131l\u0131nda olduklar\u0131n\u0131 s\u00f6yleyen Atl\u0131,&nbsp;<strong>&#8220;Bu y\u0131lla beraber 300 yeti\u015ftiriciye ula\u015ft\u0131k. Toplamda 7 bin 500 dam\u0131zl\u0131k ana\u00e7 hayvan da\u011f\u0131t\u0131m yap\u0131ld\u0131&#8221;<\/strong>&nbsp;dedi.<\/p>\n\n\n\n<p>Projenin esas ama\u00e7lar\u0131 aras\u0131nda yerli dam\u0131zl\u0131k \u0131rklara sahip \u00e7\u0131kmak ve \u00fcreticiyi desteklemek oldu\u011funu kaydeden Atl\u0131, hayvanlar\u0131n verildi\u011fi \u00fcreticiyi s\u0131k s\u0131k ziyaret ettiklerini ve yanlar\u0131nda olduklar\u0131n\u0131 kaydetti. Atl\u0131, \u00fcreticilerden \u00e7ok olumlu tepkiler ald\u0131klar\u0131n\u0131 s\u00f6yleyerek,&nbsp;<strong>&#8220;Ald\u0131\u011f\u0131m\u0131z tepkiler \u00e7ok g\u00fczel. K\u0131rsaldaki yeti\u015ftiricilerimizi \u00fcretim i\u00e7erisinde tuttu\u011fumuz i\u00e7in bize d\u00f6n\u00fc\u015fler olumlu&#8221;<\/strong>&nbsp;diye belirtti. Projede \u00f6nemli kriterlerin oldu\u011funu da vurgulayan Atl\u0131,&nbsp;<strong>&#8220;Y\u0131lda 60 \u00fcreticiye hayvan teslim ediyoruz. \u00d6nceli\u011fimiz 25-45 ya\u015f aras\u0131nda olan, ikameti k\u0131rsal mahallede olan, hayvanc\u0131l\u0131kla u\u011fra\u015fm\u0131\u015f veya halihaz\u0131rda u\u011fra\u015fan, sigortal\u0131 i\u015fte \u00e7al\u0131\u015fmayan ki\u015filere hayvan veriyoruz. \u0130htiya\u00e7 sahibi olan ki\u015filere destek veriyoruz&#8221;<\/strong>&nbsp;ifadelerine yer verdi.<\/p>\n\n\n\n<p><strong>&#8220;Hadi Gel K\u00f6y\u00fcm\u00fcze destek veren projesi s\u00fcrd\u00fcr\u00fclebilir bir proje&#8221;<\/strong>&nbsp;diyen Atl\u0131, proje kapsam\u0131nda verilen hayvanlardan do\u011fan erkek ve di\u015fi bireylerden belirli say\u0131da al\u0131narak yeni \u00fcreticilere verildi\u011fini belirtti. Atl\u0131, rakamsal verileri payla\u015farak,&nbsp;<strong>&#8220;2020 y\u0131l\u0131nda ba\u015flayan projede, 2022 y\u0131l\u0131nda ilk geri \u00f6demeler ba\u015flad\u0131. 2022 y\u0131l\u0131nda 556 hayvan, 2023 y\u0131l\u0131nda ise 1180 hayvan toplad\u0131k. 2024 y\u0131l\u0131nda ise da\u011f\u0131tm\u0131\u015f oldu\u011fumuz 1500 hayvan\u0131n tamam\u0131n\u0131 daha \u00f6nceki da\u011f\u0131tt\u0131\u011f\u0131m\u0131z yeti\u015ftiricilerimizden toplad\u0131k ve yeni 60 yeti\u015ftiricimize teslime ettik&#8221;<\/strong>&nbsp;dedi.<\/p>\n","protected":false},"excerpt":{"rendered":"<p>Mersin B\u00fcy\u00fck\u015fehir Belediyesi&#8217;nin; s\u00fcrd\u00fcr\u00fclebilirlik ve \u00fcreticinin desteklenmesi noktas\u0131nda T\u00fcrkiye&#8217;ye \u00f6rnek olan tar\u0131msal projelerinden&nbsp;&#8216;Hadi Gel K\u00f6y\u00fcm\u00fcze Destek Verelim&#8217;&nbsp;projesi bir genci daha \u00fcretime kazand\u0131rd\u0131. Silifke il\u00e7esinin \u00c7aml\u0131ca Mahallesi&#8217;nde ya\u015fayan 24 ya\u015f\u0131ndaki Hilal Do\u011fan&#8217;\u0131n hayat\u0131 da hayalleri de B\u00fcy\u00fck\u015fehir Belediyesi&#8217;nin bu projesiyle yeniden \u015fekillendi. Bir bakkalda yevmiyeci olarak \u00e7al\u0131\u015fan Do\u011fan&#8217;\u0131n art\u0131k kendi hayvanlar\u0131, kendi i\u015fi ve kendi kazanc\u0131 [&hellip;]<\/p>\n","protected":false},"author":2,"featured_media":37658,"comment_status":"closed","ping_status":"closed","sticky":false,"template":"","format":"standard","meta":{"footnotes":""},"categories":[3],"tags":[],"class_list":["post-37657","post","type-post","status-publish","format-standard","has-post-thumbnail","hentry","category-manset"],"views":3,"_links":{"self":[{"href":"https:\/\/mersinkadingazetesi.com\/index.php?rest_route=\/wp\/v2\/posts\/37657"}],"collection":[{"href":"https:\/\/mersinkadingazetesi.com\/index.php?rest_route=\/wp\/v2\/posts"}],"about":[{"href":"https:\/\/mersinkadingazetesi.com\/index.php?rest_route=\/wp\/v2\/types\/post"}],"author":[{"embeddable":true,"href":"https:\/\/mersinkadingazetesi.com\/index.php?rest_route=\/wp\/v2\/users\/2"}],"replies":[{"embeddable":true,"href":"https:\/\/mersinkadingazetesi.com\/index.php?rest_route=%2Fwp%2Fv2%2Fcomments&post=37657"}],"version-history":[{"count":1,"href":"https:\/\/mersinkadingazetesi.com\/index.php?rest_route=\/wp\/v2\/posts\/37657\/revisions"}],"predecessor-version":[{"id":37659,"href":"https:\/\/mersinkadingazetesi.com\/index.php?rest_route=\/wp\/v2\/posts\/37657\/revisions\/37659"}],"wp:featuredmedia":[{"embeddable":true,"href":"https:\/\/mersinkadingazetesi.com\/index.php?rest_route=\/wp\/v2\/media\/37658"}],"wp:attachment":[{"href":"https:\/\/mersinkadingazetesi.com\/index.php?rest_route=%2Fwp%2Fv2%2Fmedia&parent=37657"}],"wp:term":[{"taxonomy":"category","embeddable":true,"href":"https:\/\/mersinkadingazetesi.com\/index.php?rest_route=%2Fwp%2Fv2%2Fcategories&post=37657"},{"taxonomy":"post_tag","embeddable":true,"href":"https:\/\/mersinkadingazetesi.com\/index.php?rest_route=%2Fwp%2Fv2%2Ftags&post=37657"}],"curies":[{"name":"wp","href":"https:\/\/api.w.org\/{rel}","templated":true}]}}