{"id":37663,"date":"2024-12-08T15:19:29","date_gmt":"2024-12-08T12:19:29","guid":{"rendered":"https:\/\/mersinkadingazetesi.com\/?p=37663"},"modified":"2024-12-08T15:19:29","modified_gmt":"2024-12-08T12:19:29","slug":"baskan-yildiz-butceyi-halkin-ihtiyaclari-icin-kullanacagiz","status":"publish","type":"post","link":"https:\/\/mersinkadingazetesi.com\/?p=37663","title":{"rendered":"BA\u015eKAN YILDIZ: B\u00dcT\u00c7EY\u0130 HALKIN \u0130HT\u0130YA\u00c7LARI \u0130\u00c7\u0130N KULLANACA\u011eIZ"},"content":{"rendered":"\n<p>Toroslar Belediye Ba\u015fkan\u0131 Abdurrahman Y\u0131ld\u0131z, belediyenin b\u00fct\u00e7esinde b\u00fct\u00fcn halk\u0131n hakk\u0131n\u0131n oldu\u011funu belirterek &#8220;Buradaki paran\u0131n nas\u0131l harcanaca\u011f\u0131 konusunda s\u00f6z sahibi olmas\u0131 gerekenler, Toroslar&#8217;da ya\u015fayan 350 bin insan olmal\u0131d\u0131r. Biz, 2025 y\u0131l\u0131 i\u00e7in 2 milyar 300 milyon liral\u0131k bir b\u00fct\u00e7e haz\u0131rlad\u0131k. Bu, ger\u00e7ekten \u00e7ok b\u00fcy\u00fck bir para. \u00d6nemli olan, bu paray\u0131 nas\u0131l harcayaca\u011f\u0131m\u0131zd\u0131r. Bu paray\u0131 har vurup harman savurabilir, ki\u015fisel ya da \u00e7evresel menfaatler do\u011frultusunda kullanabilirsiniz. Ama biz, bu b\u00fct\u00e7eyi halk\u0131n ihtiya\u00e7lar\u0131 do\u011frultusunda harcamay\u0131 se\u00e7tik&#8221; dedi. Y\u0131ld\u0131z, 2025 b\u00fct\u00e7esinin y\u00fczde 70&#8217;ine yak\u0131n dilimini temizlik, yol ve ye\u015fil alanlar i\u00e7in kullanacaklar\u0131n\u0131 vurgulad\u0131.<\/p>\n\n\n\n<p>Toroslar Belediye Ba\u015fkan\u0131 Abdurrahman Y\u0131ld\u0131z bu hafta sonunu da k\u00f6y gezilerine ay\u0131rd\u0131 ve 2025 b\u00fct\u00e7esi hedeflerini y\u0131l\u0131n 12 ay\u0131nda k\u00f6ylerde ya\u015fayan, tar\u0131msal \u00fcretim yapan vatanda\u015flarla payla\u015ft\u0131.<\/p>\n\n\n\n<p>Y\u0131ld\u0131z Alada\u011f, Yenik\u00f6y, Kayrakke\u015fli, Kerimler, Hamzabeyli, I\u015f\u0131ktepe ve Y\u00fcksekoluk k\u00f6ylerinde vatanda\u015flarla bir araya geldi.<\/p>\n\n\n\n<p>31 Mart 2024 se\u00e7imlerinden sonra Toroslar&#8217;da yeni bir d\u00f6nemin ba\u015flad\u0131\u011f\u0131na i\u015faret eden Ba\u015fkan Y\u0131ld\u0131z, yaz aylar\u0131nda il\u00e7enin t\u00fcm k\u0131rsal mahallelerini gezdiklerini s\u00f6yledi.<\/p>\n\n\n\n<p><strong>&#8220;\u00d6NCEL\u0130\u011e\u0130M\u0130Z \u00dcRET\u0130C\u0130N\u0130N HAYATINI KOLAYLA\u015eTIRMAK&#8221;<\/strong><\/p>\n\n\n\n<p>Y\u0131ld\u0131z, &#8220;Yaz\u0131n geldi\u011fimizde, ger\u00e7ekten k\u00f6yde ya\u015fayan, burada \u00fcreten ve 12 ay boyunca burada ya\u015fayan insanlar\u0131n \u00e7o\u011fu burada olmuyor. Onlar ba\u011f\u0131nda, bah\u00e7esinde, i\u015finde g\u00fcc\u00fcnde oluyor. Biz daha \u00e7ok yazl\u0131k\u00e7\u0131larla konu\u015fuyoruz, i\u015fin esas\u0131 bu. Yaz\u0131n geldi\u011fimizde genelde \u015fu t\u00fcr meselelerle kar\u015f\u0131la\u015f\u0131yoruz: &#8216;Bizim soka\u011f\u0131n suyu yok, bizim soka\u011fa araba girmiyor, yolu yok.&#8217; Ama bizim \u00f6nceli\u011fimiz bu de\u011fil. Bizim \u00f6nceli\u011fimiz, burada \u00fcretim yapan insanlar\u0131n ya\u015famlar\u0131n\u0131 kolayla\u015ft\u0131rabilecek, \u00fcretim alanlar\u0131na daha kolay ula\u015fmalar\u0131n\u0131 sa\u011flayabilecek bir hizmet g\u00f6t\u00fcrmek. Bunu da ancak burada ya\u015fayan insanlar\u0131 dinleyerek yapabiliriz. Dolay\u0131s\u0131yla dedim ki biraz k\u0131\u015f\u0131n gidelim, hem yeni b\u00fct\u00e7emizi konu\u015fal\u0131m hem de do\u011frudan orada ya\u015fayan insanlar\u0131n sorunlar\u0131n\u0131 dinleyelim ve buna ili\u015fkin bir kanaat olu\u015ftural\u0131m. Ger\u00e7ekten buran\u0131n \u00e7ilesini \u00e7eken, hayat\u0131n\u0131 buradan kazanan, buradan kuran insanlar\u0131n derdini dinleyelim. \u00d6ncelikle onlar\u0131n sorunlar\u0131na bir \u00e7\u00f6z\u00fcm arayal\u0131m. Sonra da yazl\u0131k\u00e7\u0131lar\u0131n derdine bakar\u0131z, onlar da bizim hem\u015fehrilerimiz, ba\u015f\u0131m\u0131z\u0131n tac\u0131. Ama esas sorun, buradaki \u00fcretimin devam etmesi&#8221; ifadelerini kulland\u0131.<\/p>\n\n\n\n<p><strong>&#8220;TOROSLAR TARIM YAPMAK \u0130\u00c7\u0130N D\u0130REN\u0130YOR&#8221;<\/strong><\/p>\n\n\n\n<p>T\u00fcrkiye genelinde tar\u0131mda ya\u015fanan sorunlar\u0131n Toroslar il\u00e7esinde de ya\u015fand\u0131\u011f\u0131na i\u015faret eden Ba\u015fkan Y\u0131ld\u0131z, &#8220;K\u00f6yl\u00fc n\u00fcfus oran\u0131 y\u00fczde be\u015fin alt\u0131na d\u00fc\u015fm\u00fc\u015f. Bu bizim buras\u0131 i\u00e7in daha da d\u00fc\u015f\u00fck, y\u00fczde d\u00f6rt civar\u0131nda. T\u00fcrkiye genelinde y\u00fcz ki\u015fiden doksan be\u015fi \u015fehirlerde ya\u015f\u0131yor, sadece be\u015fi k\u00f6ylerde. \u00dclkede ya\u015fayan 5 ki\u015fi, \u00fcreterek hem kendini hem de 95 ki\u015fiyi doyurmaya \u00e7al\u0131\u015f\u0131yor. Bu da m\u00fcmk\u00fcn olmad\u0131\u011f\u0131 i\u00e7in \u015fu an ya\u015fad\u0131\u011f\u0131m\u0131z sorunlarla kar\u015f\u0131la\u015f\u0131yoruz. Baz\u0131 \u015feyleri geri d\u00f6nd\u00fcrmek m\u00fcmk\u00fcn de\u011fil ama k\u00f6ylerde ya\u015famaya devam eden insanlar\u0131n hayatlar\u0131n\u0131 daha kaliteli, daha konforlu ve s\u00fcrd\u00fcr\u00fclebilir hale getirebiliriz. En az\u0131ndan bu konuda ad\u0131m atmak istedik. Toroslar \u0130l\u00e7esi, geni\u015f co\u011frafyas\u0131 ve n\u00fcfusuyla h\u00e2l\u00e2 tar\u0131m yapmak konusunda direnen bir il\u00e7e. Bu y\u00fczden de bu mesele, benim i\u00e7in ki\u015fisel olarak \u00e7ok \u00f6nemli&#8221; dedi.<\/p>\n\n\n\n<p><strong>&#8220;B\u00dcT\u00c7E KONUSUNDA VATANDA\u015e S\u00d6Z SAH\u0130B\u0130 OLMALI&#8221;<\/strong><\/p>\n\n\n\n<p>G\u00f6reve geldiklerinde \u00f6nceki y\u00f6netimin haz\u0131rlad\u0131\u011f\u0131 b\u00fct\u00e7eyle \u00e7al\u0131\u015fmak zorunda olduklar\u0131n\u0131, 2025 y\u0131l\u0131 b\u00fct\u00e7esini ise halk\u0131n \u00f6nceliklerini dikkate alarak kendilerinin yapt\u0131\u011f\u0131n\u0131 anlatan Y\u0131ld\u0131z, &#8220;Ben, &#8220;B\u00fct\u00e7ede halk\u0131n hakk\u0131 vard\u0131r&#8221; ilkesine inanan biriyim. Vatanda\u015f, kendi b\u00fct\u00e7esini kendisi belirlemelidir. Belediyenin harcad\u0131\u011f\u0131 para, benim babam\u0131n m\u00fclk\u00fc de\u011fil. Dolay\u0131s\u0131yla bu para, buradaki vatanda\u015flar\u0131n al\u0131n teriyle kazand\u0131klar\u0131 gelirden \u00f6dedi\u011fi vergilerle olu\u015fuyor. Buradaki paran\u0131n nas\u0131l harcanaca\u011f\u0131 konusunda s\u00f6z sahibi olmas\u0131 gerekenler, buradaki vatanda\u015flar, yani Toroslar&#8217;da ya\u015fayan 350 bin insan olmal\u0131d\u0131r. Biz, 2025 y\u0131l\u0131 i\u00e7in 2 milyar 300 milyon liral\u0131k bir b\u00fct\u00e7e haz\u0131rlad\u0131k. Bu, ger\u00e7ekten \u00e7ok b\u00fcy\u00fck bir para. \u00d6nemli olan, bu paray\u0131 nas\u0131l harcayaca\u011f\u0131m\u0131zd\u0131r. Bu paray\u0131 har vurup harman savurabilir, ki\u015fisel ya da \u00e7evresel menfaatler do\u011frultusunda kullanabilirsiniz. Ama biz, bu b\u00fct\u00e7eyi halk\u0131n ihtiya\u00e7lar\u0131 do\u011frultusunda harcamay\u0131 se\u00e7tik. Siyasetin, bir zenginle\u015fme arac\u0131 olmaktan \u00e7\u0131kmas\u0131 gerekti\u011fini d\u00fc\u015f\u00fcn\u00fcyoruz. B\u00fct\u00e7enin, ger\u00e7ekten sahip olan insanlar i\u00e7in harcanmas\u0131 gerekti\u011fine inan\u0131yoruz&#8221; ifadelerini kulland\u0131.<\/p>\n\n\n\n<p><strong>&#8220;B\u0130R KERE YAPACA\u011eIZ, D\u00dcZG\u00dcN VE KAL\u0130TEL\u0130 YAPACA\u011eIZ&#8221;<\/strong><\/p>\n\n\n\n<p>2025 b\u00fct\u00e7esinin y\u00fczde 70&#8217;ine yak\u0131n bir k\u0131sm\u0131n\u0131, bug\u00fcne kadar ihmal edilen belediyecilik hizmetleri i\u00e7in ay\u0131rd\u0131klar\u0131n\u0131 anlatan Ba\u015fkan Y\u0131ld\u0131z, &#8220;Bu hizmetler; fen i\u015fleri, temizlik i\u015fleri, park ve bah\u00e7eler ile Tar\u0131msal Hizmetler M\u00fcd\u00fcrl\u00fc\u011f\u00fcm\u00fcz\u00fcn \u00e7al\u0131\u015fmalar\u0131n\u0131 kaps\u0131yor. \u0130hmal edilen yollar, kald\u0131r\u0131mlar ve asfaltlar gibi sorunlar\u0131 \u00e7\u00f6zmek ad\u0131na b\u00fcy\u00fck bir at\u0131l\u0131m planlad\u0131k. \u00d6rne\u011fin, kent merkezindeki temizlik sorunlar\u0131 uzun zamand\u0131r kangren h\u00e2line gelmi\u015fti. Pazartesi itibar\u0131yla yeni 50 personel, temizlik \u00e7al\u0131\u015fmalar\u0131na ba\u015flad\u0131. \u00d6n\u00fcm\u00fczdeki d\u00f6nemde bir 50 personel daha takviye edece\u011fiz. Ocak ay\u0131ndan sonra, s\u00fcp\u00fcr\u00fclmeyen sokak kalmamas\u0131 i\u00e7in \u00e7al\u0131\u015faca\u011f\u0131z. Yollar konusunda da daha k\u00f6kl\u00fc \u00e7\u00f6z\u00fcmler ar\u0131yoruz. Kilit parke ta\u015f\u0131 konusunda da kalitesiz i\u015f\u00e7ilik yap\u0131lmamas\u0131 i\u00e7in \u00f6zen g\u00f6sterece\u011fiz. Bir k\u00f6ye her y\u0131l parke yap\u0131lmas\u0131 yerine, uzun \u00f6m\u00fcrl\u00fc bir \u00e7\u00f6z\u00fcm \u00fcretmek istiyoruz. Bir kere d\u00fczg\u00fcn ve temiz bir i\u015f yap\u0131p uzun vadeli sonu\u00e7 almak istiyoruz. Arkada\u015flar\u0131m\u0131z, k\u00f6ydeki eksiklikleri tespit edecek ve nisan ay\u0131na kadar asfalt ve parke ta\u015f\u0131yla ilgili ihaleler tamamlanacak. Acil ihtiya\u00e7lardan ba\u015flayarak k\u00f6y yollar\u0131 ve ba\u011f-bah\u00e7e yollar\u0131ndaki sorunlar\u0131 \u00e7\u00f6zmek i\u00e7in \u00e7al\u0131\u015faca\u011f\u0131z&#8221; dedi.<\/p>\n","protected":false},"excerpt":{"rendered":"<p>Toroslar Belediye Ba\u015fkan\u0131 Abdurrahman Y\u0131ld\u0131z, belediyenin b\u00fct\u00e7esinde b\u00fct\u00fcn halk\u0131n hakk\u0131n\u0131n oldu\u011funu belirterek &#8220;Buradaki paran\u0131n nas\u0131l harcanaca\u011f\u0131 konusunda s\u00f6z sahibi olmas\u0131 gerekenler, Toroslar&#8217;da ya\u015fayan 350 bin insan olmal\u0131d\u0131r. Biz, 2025 y\u0131l\u0131 i\u00e7in 2 milyar 300 milyon liral\u0131k bir b\u00fct\u00e7e haz\u0131rlad\u0131k. Bu, ger\u00e7ekten \u00e7ok b\u00fcy\u00fck bir para. \u00d6nemli olan, bu paray\u0131 nas\u0131l harcayaca\u011f\u0131m\u0131zd\u0131r. Bu paray\u0131 har vurup [&hellip;]<\/p>\n","protected":false},"author":2,"featured_media":37664,"comment_status":"closed","ping_status":"closed","sticky":false,"template":"","format":"standard","meta":{"footnotes":""},"categories":[3,5],"tags":[],"class_list":["post-37663","post","type-post","status-publish","format-standard","has-post-thumbnail","hentry","category-manset","category-mersin"],"views":7,"_links":{"self":[{"href":"https:\/\/mersinkadingazetesi.com\/index.php?rest_route=\/wp\/v2\/posts\/37663"}],"collection":[{"href":"https:\/\/mersinkadingazetesi.com\/index.php?rest_route=\/wp\/v2\/posts"}],"about":[{"href":"https:\/\/mersinkadingazetesi.com\/index.php?rest_route=\/wp\/v2\/types\/post"}],"author":[{"embeddable":true,"href":"https:\/\/mersinkadingazetesi.com\/index.php?rest_route=\/wp\/v2\/users\/2"}],"replies":[{"embeddable":true,"href":"https:\/\/mersinkadingazetesi.com\/index.php?rest_route=%2Fwp%2Fv2%2Fcomments&post=37663"}],"version-history":[{"count":1,"href":"https:\/\/mersinkadingazetesi.com\/index.php?rest_route=\/wp\/v2\/posts\/37663\/revisions"}],"predecessor-version":[{"id":37665,"href":"https:\/\/mersinkadingazetesi.com\/index.php?rest_route=\/wp\/v2\/posts\/37663\/revisions\/37665"}],"wp:featuredmedia":[{"embeddable":true,"href":"https:\/\/mersinkadingazetesi.com\/index.php?rest_route=\/wp\/v2\/media\/37664"}],"wp:attachment":[{"href":"https:\/\/mersinkadingazetesi.com\/index.php?rest_route=%2Fwp%2Fv2%2Fmedia&parent=37663"}],"wp:term":[{"taxonomy":"category","embeddable":true,"href":"https:\/\/mersinkadingazetesi.com\/index.php?rest_route=%2Fwp%2Fv2%2Fcategories&post=37663"},{"taxonomy":"post_tag","embeddable":true,"href":"https:\/\/mersinkadingazetesi.com\/index.php?rest_route=%2Fwp%2Fv2%2Ftags&post=37663"}],"curies":[{"name":"wp","href":"https:\/\/api.w.org\/{rel}","templated":true}]}}