{"id":37673,"date":"2024-12-09T11:49:06","date_gmt":"2024-12-09T08:49:06","guid":{"rendered":"https:\/\/mersinkadingazetesi.com\/?p=37673"},"modified":"2024-12-09T11:49:07","modified_gmt":"2024-12-09T08:49:07","slug":"chp-mersin-milletvekili-gulcan-kistan-doviz-burolarindaki-firsatciliga-tepki","status":"publish","type":"post","link":"https:\/\/mersinkadingazetesi.com\/?p=37673","title":{"rendered":"CHP Mersin Milletvekili G\u00fclcan K\u0131\u015f&#8217;tan D\u00f6viz B\u00fcrolar\u0131ndaki F\u0131rsat\u00e7\u0131l\u0131\u011fa Tepki"},"content":{"rendered":"\n<p>CHP Mersin Milletvekili G\u00fclcan K\u0131\u015f, son d\u00f6nemde kamuoyunda tart\u0131\u015fma yaratan sahte dolar krizi ve d\u00f6viz b\u00fcrolar\u0131ndaki y\u00fcksek komisyon uygulamalar\u0131yla ilgili Hazine ve Maliye Bakan\u0131 Mehmet \u015eim\u015fek&#8217;in yan\u0131tlamas\u0131 istemiyle T\u00fcrkiye B\u00fcy\u00fck Millet Meclisi&#8217;ne yaz\u0131l\u0131 bir \u00f6nerge sundu. D\u00f6viz b\u00fcrolar\u0131n\u0131n 50 ve 100 dolarl\u0131k banknotlar i\u00e7in y\u00fcksek komisyon talep etmesinin vatanda\u015f\u0131 ma\u011fdur etti\u011fine dikkat \u00e7eken&nbsp;<strong>CHP Mersin Milletvekili G\u00fclcan K\u0131\u015f<\/strong>, konuya ili\u015fkin denetim ve d\u00fczenleme eksikliklerini g\u00fcndeme ta\u015f\u0131d\u0131.<\/p>\n\n\n\n<p><strong>&#8220;F\u0131rsat\u00e7\u0131l\u0131k Vatanda\u015flar\u0131 Ma\u011fdur Ediyor&#8221;<\/strong><\/p>\n\n\n\n<p>G\u00fclcan K\u0131\u015f, \u00f6nergesinde sahte dolarlar\u0131n nas\u0131l \u00fclkeye girdi\u011fi, hangi illerde yo\u011funla\u015ft\u0131\u011f\u0131 ve d\u00f6viz b\u00fcrolar\u0131ndaki f\u0131rsat\u00e7\u0131l\u0131\u011fa kar\u015f\u0131 al\u0131nan \u00f6nlemlerin yetersizli\u011fi konular\u0131na dikkat \u00e7ekti. D\u00f6viz b\u00fcrolar\u0131n\u0131n sahte para riski bahanesiyle y\u00fcksek komisyon talep etmesinin hukuki dayana\u011f\u0131n\u0131 sorgulayan G\u00fclcan K\u0131\u015f, Bakanl\u0131k&#8217;tan vatanda\u015f\u0131 koruyacak ad\u0131mlar at\u0131lmas\u0131n\u0131 istedi.<\/p>\n\n\n\n<p><strong>G\u00fclcan K\u0131\u015f&#8217;\u0131n \u00d6nergesinde \u00d6ne \u00c7\u0131kan Sorular:<\/strong><\/p>\n\n\n\n<p>&nbsp;&nbsp;&nbsp;\u2022&nbsp;&nbsp;&nbsp;&nbsp;&nbsp;D\u00f6viz b\u00fcrolar\u0131n\u0131n komisyon uygulamalar\u0131n\u0131n yasal dayana\u011f\u0131 nedir ve bu oranlar\u0131n \u00fcst s\u0131n\u0131r\u0131 var m\u0131d\u0131r?<\/p>\n\n\n\n<p>&nbsp;&nbsp;&nbsp;\u2022&nbsp;&nbsp;&nbsp;&nbsp;&nbsp;Sahte dolar kriziyle m\u00fccadele i\u00e7in Bakanl\u0131k taraf\u0131ndan ne t\u00fcr \u00f6nlemler al\u0131nmaktad\u0131r?<\/p>\n\n\n\n<p>&nbsp;&nbsp;&nbsp;\u2022&nbsp;&nbsp;&nbsp;&nbsp;&nbsp;Vatanda\u015flar\u0131n ma\u011fduriyetini gidermek i\u00e7in etkin bir \u015fik\u00e2yet ve \u00e7\u00f6z\u00fcm mekanizmas\u0131 olu\u015fturulmu\u015f mudur?<\/p>\n\n\n\n<p>&nbsp;&nbsp;&nbsp;\u2022&nbsp;&nbsp;&nbsp;&nbsp;&nbsp;Son bir y\u0131l i\u00e7inde ele ge\u00e7irilen sahte d\u00f6viz miktar\u0131 ve illere g\u00f6re da\u011f\u0131l\u0131m\u0131 nedir?<\/p>\n\n\n\n<p><strong>&#8220;Vatanda\u015f ve Esnaf Korunmal\u0131&#8221;<\/strong><\/p>\n\n\n\n<p>G\u00fclcan K\u0131\u015f, sahte para krizinin yaln\u0131zca d\u00f6viz b\u00fcrolar\u0131nda de\u011fil, ticari hayatta da b\u00fcy\u00fck sorunlara yol a\u00e7t\u0131\u011f\u0131n\u0131 belirterek, &#8220;Hem vatanda\u015flar\u0131m\u0131z hem de esnaf\u0131m\u0131z ma\u011fdur durumda. Bakanl\u0131\u011f\u0131n etkin denetim mekanizmalar\u0131 olu\u015fturmas\u0131 ve vatanda\u015flar\u0131n ma\u011fduriyetini giderecek \u00e7\u00f6z\u00fcm yollar\u0131n\u0131 hayata ge\u00e7irmesi gerekiyor,&#8221; dedi.<\/p>\n\n\n\n<p><strong>&#8220;CHP Mersin Milletvekili G\u00fclcan K\u0131\u015f: Ekonomik G\u00fcven Sa\u011flanmal\u0131&#8221;<\/strong><\/p>\n\n\n\n<p>Ekonomik sorunlar\u0131n vatanda\u015flar\u0131n al\u0131m g\u00fcc\u00fcn\u00fc ve g\u00fcvenli\u011fini zedeledi\u011fini ifade eden CHP&#8217;li G\u00fclcan K\u0131\u015f, sahte para ve komisyon krizine kar\u015f\u0131 kapsaml\u0131 bir m\u00fccadele politikas\u0131 gerekti\u011fini vurgulad\u0131. D\u00f6viz b\u00fcrolar\u0131n\u0131n faaliyetlerinin s\u0131k\u0131 denetlenmesi gerekti\u011fini belirten G\u00fclcan K\u0131\u015f, &#8220;E\u011fer ge\u00e7im yoksa, se\u00e7im vard\u0131r&#8221; diyerek ekonomik politikalarda reform \u00e7a\u011fr\u0131s\u0131nda bulundu.<\/p>\n\n\n\n<p>CHP Mersin Milletvekili G\u00fclcan K\u0131\u015f&#8217;\u0131n \u00f6nergesi, d\u00f6viz b\u00fcrolar\u0131ndaki y\u00fcksek komisyon uygulamalar\u0131na kar\u015f\u0131 vatanda\u015flar\u0131n sesini Meclis&#8217;e ta\u015f\u0131mas\u0131 a\u00e7\u0131s\u0131ndan b\u00fcy\u00fck \u00f6nem ta\u015f\u0131yor. Bakan \u015eim\u015fek&#8217;in bu sorulara verece\u011fi yan\u0131tlar merakla bekleniyor.<\/p>\n","protected":false},"excerpt":{"rendered":"<p>CHP Mersin Milletvekili G\u00fclcan K\u0131\u015f, son d\u00f6nemde kamuoyunda tart\u0131\u015fma yaratan sahte dolar krizi ve d\u00f6viz b\u00fcrolar\u0131ndaki y\u00fcksek komisyon uygulamalar\u0131yla ilgili Hazine ve Maliye Bakan\u0131 Mehmet \u015eim\u015fek&#8217;in yan\u0131tlamas\u0131 istemiyle T\u00fcrkiye B\u00fcy\u00fck Millet Meclisi&#8217;ne yaz\u0131l\u0131 bir \u00f6nerge sundu. D\u00f6viz b\u00fcrolar\u0131n\u0131n 50 ve 100 dolarl\u0131k banknotlar i\u00e7in y\u00fcksek komisyon talep etmesinin vatanda\u015f\u0131 ma\u011fdur etti\u011fine dikkat \u00e7eken&nbsp;CHP Mersin Milletvekili [&hellip;]<\/p>\n","protected":false},"author":2,"featured_media":37309,"comment_status":"closed","ping_status":"closed","sticky":false,"template":"","format":"standard","meta":{"footnotes":""},"categories":[3],"tags":[],"class_list":["post-37673","post","type-post","status-publish","format-standard","has-post-thumbnail","hentry","category-manset"],"views":3,"_links":{"self":[{"href":"https:\/\/mersinkadingazetesi.com\/index.php?rest_route=\/wp\/v2\/posts\/37673"}],"collection":[{"href":"https:\/\/mersinkadingazetesi.com\/index.php?rest_route=\/wp\/v2\/posts"}],"about":[{"href":"https:\/\/mersinkadingazetesi.com\/index.php?rest_route=\/wp\/v2\/types\/post"}],"author":[{"embeddable":true,"href":"https:\/\/mersinkadingazetesi.com\/index.php?rest_route=\/wp\/v2\/users\/2"}],"replies":[{"embeddable":true,"href":"https:\/\/mersinkadingazetesi.com\/index.php?rest_route=%2Fwp%2Fv2%2Fcomments&post=37673"}],"version-history":[{"count":1,"href":"https:\/\/mersinkadingazetesi.com\/index.php?rest_route=\/wp\/v2\/posts\/37673\/revisions"}],"predecessor-version":[{"id":37674,"href":"https:\/\/mersinkadingazetesi.com\/index.php?rest_route=\/wp\/v2\/posts\/37673\/revisions\/37674"}],"wp:featuredmedia":[{"embeddable":true,"href":"https:\/\/mersinkadingazetesi.com\/index.php?rest_route=\/wp\/v2\/media\/37309"}],"wp:attachment":[{"href":"https:\/\/mersinkadingazetesi.com\/index.php?rest_route=%2Fwp%2Fv2%2Fmedia&parent=37673"}],"wp:term":[{"taxonomy":"category","embeddable":true,"href":"https:\/\/mersinkadingazetesi.com\/index.php?rest_route=%2Fwp%2Fv2%2Fcategories&post=37673"},{"taxonomy":"post_tag","embeddable":true,"href":"https:\/\/mersinkadingazetesi.com\/index.php?rest_route=%2Fwp%2Fv2%2Ftags&post=37673"}],"curies":[{"name":"wp","href":"https:\/\/api.w.org\/{rel}","templated":true}]}}