{"id":37675,"date":"2024-12-09T11:50:17","date_gmt":"2024-12-09T08:50:17","guid":{"rendered":"https:\/\/mersinkadingazetesi.com\/?p=37675"},"modified":"2024-12-09T11:50:18","modified_gmt":"2024-12-09T08:50:18","slug":"il-milli-egitim-muduru-fazilet-durmus-ahilik-kulturu-kutlamalari-programina-katildi","status":"publish","type":"post","link":"https:\/\/mersinkadingazetesi.com\/?p=37675","title":{"rendered":"\u0130L M\u0130LL\u00ce E\u011e\u0130T\u0130M M\u00dcD\u00dcR\u00dc FAZ\u0130LET DURMU\u015e, &#8220;AH\u0130L\u0130K K\u00dcLT\u00dcR\u00dc KUTLAMALARI&#8221; PROGRAMINA KATILDI\u00a0"},"content":{"rendered":"\n<p>\u0130l Mill\u00ee E\u011fitim M\u00fcd\u00fcr\u00fc Fazilet Durmu\u015f, Erdemli Mesleki E\u011fitim Merkezinin ev sahipli\u011fini yapt\u0131\u011f\u0131 &#8220;Ahilik K\u00fclt\u00fcr\u00fc Kutlamalar\u0131&#8221; program\u0131na kat\u0131ld\u0131.<\/p>\n\n\n\n<p>Sayg\u0131 duru\u015funda bulunulmas\u0131 ve \u0130stiklal Mar\u015f\u0131&#8217;n\u0131n okunmas\u0131 ile ba\u015flayan programda bir konu\u015fma ger\u00e7ekle\u015ftiren \u0130l Mill\u00ee E\u011fitim M\u00fcd\u00fcr\u00fc Fazilet Durmu\u015f: &#8220;F\u00fct\u00fcvvet; gen\u00e7, yi\u011fit ve c\u00f6mert anlam\u0131na gelen fet\u00e2 s\u00f6z\u00fcnden t\u00fcremi\u015ftir. Ahili\u011fin karde\u015flik ruhu, f\u00fct\u00fcvvetin gen\u00e7lik, yi\u011fitlik ve c\u00f6mertlik duygular\u0131yla harmanland\u0131\u011f\u0131 zaman, ortaya topluma y\u00f6n veren toplumun t\u00fcm dinamiklerini b\u00fcnyesinde ta\u015f\u0131yan bir zanaatk\u00e2r ordusu ortaya \u00e7\u0131k\u0131yor.&nbsp;<\/p>\n\n\n\n<p>F\u00fct\u00fcvvet; yard\u0131m isteyenlerin geldi\u011fini g\u00f6r\u00fcnce ka\u00e7mamakt\u0131r. \u0130nsanlara eziyet etmekten ka\u00e7\u0131n\u0131p bol bol ikramda bulunmakt\u0131r. H\u00fclasa b\u00fct\u00fcn bunlar\u0131 toplad\u0131\u011f\u0131m\u0131z zaman<\/p>\n\n\n\n<p>&#8220;F\u00fct\u00fcvvet s\u00fcnnete uymakt\u0131r.&#8221;<\/p>\n\n\n\n<p>Hall\u00e2c-\u0131 Mans\u00fbr ise f\u00fct\u00fcvveti: &#8220;Bir dava sahibi olmak ve neye mal olursa olsun bu davadan d\u00f6nmemek&#8221; diye tarif eder.&nbsp;<\/p>\n\n\n\n<p>\u0130\u015fte bu anlay\u0131\u015f, Azizi Vatan\u0131m\u0131z\u0131n ebed\u00ee topra\u011f\u0131 olan Anadolu&#8217;muzu hem maddi hem manevi fetihlerle imar etmi\u015ftir. Bizler de ahilik k\u00fclt\u00fcr\u00fcn\u00fcn miras\u00e7\u0131lar\u0131 olarak meslek liselerimizde ve mesleki e\u011fitim merkezlerimizde bu ruh ve anlay\u0131\u015f\u0131 en canl\u0131 haliyle s\u00fcrd\u00fcrmekle m\u00fckellefiz.&nbsp;<\/p>\n\n\n\n<p>Evlatlar\u0131m\u0131z\u0131 meslek sahibi yaparken onlar\u0131 toplumun mimar\u0131; gen\u00e7, yi\u011fit, c\u00f6mert, ahlakl\u0131 ve dava adam\u0131 olarak yeti\u015ftirmek T\u00fcrkiye Y\u00fczy\u0131l\u0131&#8217;na yapaca\u011f\u0131m\u0131z en b\u00fcy\u00fck hizmetlerden biri olacakt\u0131r. Ahilikle ilgili bu g\u00fczel etkinlik vesilesiyle Pir Ahi Evran Veli ba\u015fta olmak \u00fczere ebediyete irtihal eden ahileri, esnaf ve sanatk\u00e2rlar\u0131 rahmetle y\u00e2d ediyorum. F\u00fct\u00fcvvetin ruhu her daim mesleki e\u011fitimde ya\u015famaya devam edecektir.<\/p>\n\n\n\n<p>&#8220;Ahilik, bir insan bilimidir. Ahi; her \u015feyde, her ortamda ve her \u00e7a\u011fda, denge ve d\u00fczen tutturand\u0131r. Ahi, da\u011f\u0131tan de\u011fil toparlayand\u0131r, y\u0131kan de\u011fil yapand\u0131r.&#8221;( Ahi Evran)&nbsp;<\/p>\n\n\n\n<p>Bu anlay\u0131\u015fta ama\u00e7, sadece zanaat \u00f6\u011fretmek de\u011fil zanaatk\u00e2r\u0131n, toplumun, k\u00f6k de\u011ferleri benimsemesi hususunda m\u00fc\u015fahhas bir \u00f6rnek olarak tezah\u00fcr etmesidir. Karde\u015flik, gen\u00e7lik, yi\u011fitlik ve c\u00f6mertlik gibi \u00f6z de\u011ferlerimizi \u0130slam&#8217;\u0131n hamuruyla yo\u011furdu\u011fumuz zaman ortaya bu g\u00fczel anlay\u0131\u015f \u00e7\u0131k\u0131yor. Elin, Kap\u0131n ve Sofran A\u00e7\u0131k Olsun. Ahdinde, S\u00f6z\u00fcnde ve Sevginde Vefal\u0131 Ol. G\u00f6z\u00fcn, G\u00f6nl\u00fcn ve Kalbin Tok Olsun. Bu vesileyle Mesleki E\u011fitim Merkezimizin haz\u0131rlam\u0131\u015f oldu\u011fu ve Ahilik K\u00fclt\u00fcr\u00fcm\u00fcz\u00fcn miras\u0131n\u0131 s\u00fcrd\u00fcren bu g\u00fczel etkinli\u011fe emek veren t\u00fcm kurumlar\u0131m\u0131za te\u015fekk\u00fcr ediyorum.&#8221; dedi.<\/p>\n\n\n\n<p>Program, Mill\u00ee E\u011fitim Bakanl\u0131\u011f\u0131 Ahilik K\u00fclt\u00fcr\u00fc video sunumu, \u015eed Ku\u015fatma Temsili Tiyatro G\u00f6sterisi, \u00f6\u011frencilerimizin mesleki deneyim video g\u00f6sterimi ve Ahilik Yemin T\u00f6reni ile devam etti.<\/p>\n\n\n\n<p>Yar\u0131m as\u0131rd\u0131r mesle\u011fini icra eden meslek erbab\u0131 esnaf\u0131m\u0131za ve unutulmaya y\u00fcz tutmu\u015f mesleklerimizin meslek mensuplar\u0131na plaket takdim edildi. Program sonunda ahilik pilav\u0131 ikram\u0131 yap\u0131ld\u0131 ve hat\u0131ra foto\u011fraf\u0131 \u00e7ekilmesi ile etkinlik sona erdi.<\/p>\n\n\n\n<p>Programa Erdemli Kaymakam\u0131 Ayd\u0131n Tetiko\u011flu, Erdemli Belediye Ba\u015fkan\u0131 Mustafa Kara, \u0130l Mill\u00ee E\u011fitim M\u00fcd\u00fcr\u00fc Fazilet Durmu\u015f, Mersin Esnaf ve Sanatk\u00e2rlar Odalar\u0131 Birli\u011fi Ba\u015fkan\u0131 Veysel Sar\u0131, \u0130l\u00e7e protokol\u00fc ve Esnaflar odas\u0131 ba\u015fkanlar\u0131, \u00fcyeleri, okul m\u00fcd\u00fcrleri ve \u00e7ok say\u0131da \u00f6\u011frenci kat\u0131ld\u0131.<\/p>\n\n\n\n<p><a href=\"https:\/\/mersin.meb.gov.tr\/meb_iys_dosyalar\/2024_12\/04150423_whatsappimage20241204at14.27.56.jpg\" target=\"_blank\" rel=\"noreferrer noopener\"><\/a><\/p>\n","protected":false},"excerpt":{"rendered":"<p>\u0130l Mill\u00ee E\u011fitim M\u00fcd\u00fcr\u00fc Fazilet Durmu\u015f, Erdemli Mesleki E\u011fitim Merkezinin ev sahipli\u011fini yapt\u0131\u011f\u0131 &#8220;Ahilik K\u00fclt\u00fcr\u00fc Kutlamalar\u0131&#8221; program\u0131na kat\u0131ld\u0131. Sayg\u0131 duru\u015funda bulunulmas\u0131 ve \u0130stiklal Mar\u015f\u0131&#8217;n\u0131n okunmas\u0131 ile ba\u015flayan programda bir konu\u015fma ger\u00e7ekle\u015ftiren \u0130l Mill\u00ee E\u011fitim M\u00fcd\u00fcr\u00fc Fazilet Durmu\u015f: &#8220;F\u00fct\u00fcvvet; gen\u00e7, yi\u011fit ve c\u00f6mert anlam\u0131na gelen fet\u00e2 s\u00f6z\u00fcnden t\u00fcremi\u015ftir. Ahili\u011fin karde\u015flik ruhu, f\u00fct\u00fcvvetin gen\u00e7lik, yi\u011fitlik ve c\u00f6mertlik [&hellip;]<\/p>\n","protected":false},"author":2,"featured_media":37676,"comment_status":"closed","ping_status":"closed","sticky":false,"template":"","format":"standard","meta":{"footnotes":""},"categories":[3],"tags":[],"class_list":["post-37675","post","type-post","status-publish","format-standard","has-post-thumbnail","hentry","category-manset"],"views":2,"_links":{"self":[{"href":"https:\/\/mersinkadingazetesi.com\/index.php?rest_route=\/wp\/v2\/posts\/37675"}],"collection":[{"href":"https:\/\/mersinkadingazetesi.com\/index.php?rest_route=\/wp\/v2\/posts"}],"about":[{"href":"https:\/\/mersinkadingazetesi.com\/index.php?rest_route=\/wp\/v2\/types\/post"}],"author":[{"embeddable":true,"href":"https:\/\/mersinkadingazetesi.com\/index.php?rest_route=\/wp\/v2\/users\/2"}],"replies":[{"embeddable":true,"href":"https:\/\/mersinkadingazetesi.com\/index.php?rest_route=%2Fwp%2Fv2%2Fcomments&post=37675"}],"version-history":[{"count":1,"href":"https:\/\/mersinkadingazetesi.com\/index.php?rest_route=\/wp\/v2\/posts\/37675\/revisions"}],"predecessor-version":[{"id":37677,"href":"https:\/\/mersinkadingazetesi.com\/index.php?rest_route=\/wp\/v2\/posts\/37675\/revisions\/37677"}],"wp:featuredmedia":[{"embeddable":true,"href":"https:\/\/mersinkadingazetesi.com\/index.php?rest_route=\/wp\/v2\/media\/37676"}],"wp:attachment":[{"href":"https:\/\/mersinkadingazetesi.com\/index.php?rest_route=%2Fwp%2Fv2%2Fmedia&parent=37675"}],"wp:term":[{"taxonomy":"category","embeddable":true,"href":"https:\/\/mersinkadingazetesi.com\/index.php?rest_route=%2Fwp%2Fv2%2Fcategories&post=37675"},{"taxonomy":"post_tag","embeddable":true,"href":"https:\/\/mersinkadingazetesi.com\/index.php?rest_route=%2Fwp%2Fv2%2Ftags&post=37675"}],"curies":[{"name":"wp","href":"https:\/\/api.w.org\/{rel}","templated":true}]}}