{"id":37678,"date":"2024-12-09T11:51:59","date_gmt":"2024-12-09T08:51:59","guid":{"rendered":"https:\/\/mersinkadingazetesi.com\/?p=37678"},"modified":"2024-12-09T11:51:59","modified_gmt":"2024-12-09T08:51:59","slug":"meslek-lisesi-ogrencilerimizle-yazilim-konulu-atolye-bulusmasi-programi-gerceklestirildi","status":"publish","type":"post","link":"https:\/\/mersinkadingazetesi.com\/?p=37678","title":{"rendered":"MESLEK L\u0130SES\u0130 \u00d6\u011eRENC\u0130LER\u0130M\u0130ZLE &#8220;YAZILIM KONULU AT\u00d6LYE BULU\u015eMASI&#8221; PROGRAMI GER\u00c7EKLE\u015eT\u0130R\u0130LD\u0130\u00a0"},"content":{"rendered":"\n<p>Meslek lisesi \u00f6\u011frencilerimizin i\u015f d\u00fcnyas\u0131 temsilcileriyle bulu\u015fmalar\u0131, sekt\u00f6rlerin dinamiklerini \u00f6\u011frenmeleri, yaz\u0131l\u0131m alanlar\u0131nda ilham alabilecekleri uzmanlarla tan\u0131\u015fmalar\u0131 ve meslek hayatlar\u0131na dair ufuk a\u00e7\u0131c\u0131 bilgiler almalar\u0131 amac\u0131yla M\u00fcd\u00fcrl\u00fc\u011f\u00fcm\u00fcz ve Kariyer Geli\u015ftirme ve Uygulama Merkezi i\u015f birli\u011fi ile \u00f6\u011frencilerimize y\u00f6nelik &#8220;Yaz\u0131l\u0131m Konulu At\u00f6lye Bulu\u015fmas\u0131&#8221; Yahya G\u00fcns\u00fcr Mesleki ve Teknik Anadolu Lisesinde ger\u00e7ekle\u015ftirildi.<\/p>\n\n\n\n<p>At\u00f6lye ile meslek lisesi \u00f6\u011frencilerimizin i\u015f d\u00fcnyas\u0131 temsilcileriyle bulu\u015fmalar\u0131 sa\u011fland\u0131. \u00d6\u011frenciler, yaz\u0131l\u0131m alanlar\u0131nda ilham alabilecekleri uzmanlarla bir araya gelerek sekt\u00f6r\u00fcn dinamiklerini yak\u0131ndan tan\u0131ma f\u0131rsat\u0131 elde etti.<\/p>\n\n\n\n<p>Sekt\u00f6r temsilcileri, yaz\u0131l\u0131m\u0131n h\u0131zla de\u011fi\u015fen d\u00fcnyas\u0131nda yenilik\u00e7i d\u00fc\u015f\u00fcnmenin, s\u00fcrekli \u00f6\u011frenmenin ve ekip \u00e7al\u0131\u015fmas\u0131n\u0131n \u00f6nemine de\u011findi. Deneyimlerini payla\u015fan temsilciler, \u00f6\u011frencilere kariyer yolculuklar\u0131nda rehberlik edecek de\u011ferli tavsiyelerde bulundu.<\/p>\n\n\n\n<p>Yal\u0131n \u00dcretim Uzman\u0131 Hatice \u0130\u011fde, Yaz\u0131l\u0131m Destek M\u00fcd\u00fcr Yard\u0131mc\u0131s\u0131 F\u0131rat Certel, Kalite Y\u00f6neticisi Kamil \u00c7ak\u0131r, \u0130nsan Kaynaklar\u0131 M\u00fcd\u00fcr\u00fc Sava\u015f Ayd\u0131n&#8217;\u0131n kat\u0131l\u0131m\u0131yla bili\u015fim alan\u0131 \u00f6\u011frencileriyle ger\u00e7ekle\u015fen s\u00f6yle\u015fide, yaz\u0131l\u0131m sekt\u00f6r\u00fcne y\u00f6nelik teknik bilgiler ve uygulamalar payla\u015f\u0131ld\u0131. Yaz\u0131l\u0131m geli\u015ftirme s\u00fcre\u00e7leri, yal\u0131n \u00fcretim metotlar\u0131n\u0131n yaz\u0131l\u0131m projelerine entegrasyonu ve \u00f6\u011frencilerin yaz\u0131l\u0131m d\u00fcnyas\u0131ndaki kariyer olanaklar\u0131 g\u00f6r\u00fc\u015f\u00fcld\u00fc. Ard\u0131ndan Grafik ve Foto\u011fraf Bask\u0131 At\u00f6lyesinde yap\u0131lan \u00e7al\u0131\u015fmalar ile ilgili \u00f6\u011frencilerle s\u00f6yle\u015fi yap\u0131lmas\u0131 ile program sona erdi.<\/p>\n\n\n\n<p>Programa \u0130l Mill\u00ee E\u011fitim \u015eube M\u00fcd\u00fcr\u00fc \u0130brahim Halil Ula\u015f, Yeni\u015fehir \u0130l\u00e7e Mill\u00ee E\u011fitim \u015eube M\u00fcd\u00fcr\u00fc Mehmet Arslan kat\u0131ld\u0131.<\/p>\n\n\n\n<p><a href=\"https:\/\/mersin.meb.gov.tr\/meb_iys_dosyalar\/2024_12\/05132644_whatsappimage20241205at12.42.471kopya.jpg\" target=\"_blank\" rel=\"noreferrer noopener\"><\/a><\/p>\n","protected":false},"excerpt":{"rendered":"<p>Meslek lisesi \u00f6\u011frencilerimizin i\u015f d\u00fcnyas\u0131 temsilcileriyle bulu\u015fmalar\u0131, sekt\u00f6rlerin dinamiklerini \u00f6\u011frenmeleri, yaz\u0131l\u0131m alanlar\u0131nda ilham alabilecekleri uzmanlarla tan\u0131\u015fmalar\u0131 ve meslek hayatlar\u0131na dair ufuk a\u00e7\u0131c\u0131 bilgiler almalar\u0131 amac\u0131yla M\u00fcd\u00fcrl\u00fc\u011f\u00fcm\u00fcz ve Kariyer Geli\u015ftirme ve Uygulama Merkezi i\u015f birli\u011fi ile \u00f6\u011frencilerimize y\u00f6nelik &#8220;Yaz\u0131l\u0131m Konulu At\u00f6lye Bulu\u015fmas\u0131&#8221; Yahya G\u00fcns\u00fcr Mesleki ve Teknik Anadolu Lisesinde ger\u00e7ekle\u015ftirildi. At\u00f6lye ile meslek lisesi \u00f6\u011frencilerimizin i\u015f [&hellip;]<\/p>\n","protected":false},"author":2,"featured_media":37679,"comment_status":"closed","ping_status":"closed","sticky":false,"template":"","format":"standard","meta":{"footnotes":""},"categories":[3],"tags":[],"class_list":["post-37678","post","type-post","status-publish","format-standard","has-post-thumbnail","hentry","category-manset"],"views":7,"_links":{"self":[{"href":"https:\/\/mersinkadingazetesi.com\/index.php?rest_route=\/wp\/v2\/posts\/37678"}],"collection":[{"href":"https:\/\/mersinkadingazetesi.com\/index.php?rest_route=\/wp\/v2\/posts"}],"about":[{"href":"https:\/\/mersinkadingazetesi.com\/index.php?rest_route=\/wp\/v2\/types\/post"}],"author":[{"embeddable":true,"href":"https:\/\/mersinkadingazetesi.com\/index.php?rest_route=\/wp\/v2\/users\/2"}],"replies":[{"embeddable":true,"href":"https:\/\/mersinkadingazetesi.com\/index.php?rest_route=%2Fwp%2Fv2%2Fcomments&post=37678"}],"version-history":[{"count":1,"href":"https:\/\/mersinkadingazetesi.com\/index.php?rest_route=\/wp\/v2\/posts\/37678\/revisions"}],"predecessor-version":[{"id":37680,"href":"https:\/\/mersinkadingazetesi.com\/index.php?rest_route=\/wp\/v2\/posts\/37678\/revisions\/37680"}],"wp:featuredmedia":[{"embeddable":true,"href":"https:\/\/mersinkadingazetesi.com\/index.php?rest_route=\/wp\/v2\/media\/37679"}],"wp:attachment":[{"href":"https:\/\/mersinkadingazetesi.com\/index.php?rest_route=%2Fwp%2Fv2%2Fmedia&parent=37678"}],"wp:term":[{"taxonomy":"category","embeddable":true,"href":"https:\/\/mersinkadingazetesi.com\/index.php?rest_route=%2Fwp%2Fv2%2Fcategories&post=37678"},{"taxonomy":"post_tag","embeddable":true,"href":"https:\/\/mersinkadingazetesi.com\/index.php?rest_route=%2Fwp%2Fv2%2Ftags&post=37678"}],"curies":[{"name":"wp","href":"https:\/\/api.w.org\/{rel}","templated":true}]}}