{"id":37681,"date":"2024-12-09T11:53:39","date_gmt":"2024-12-09T08:53:39","guid":{"rendered":"https:\/\/mersinkadingazetesi.com\/?p=37681"},"modified":"2024-12-09T11:53:40","modified_gmt":"2024-12-09T08:53:40","slug":"maci-hakemlik-kokarti-alan-ogrenciler-yonetti","status":"publish","type":"post","link":"https:\/\/mersinkadingazetesi.com\/?p=37681","title":{"rendered":"MA\u00c7I HAKEML\u0130K KOKARTI ALAN \u00d6\u011eRENC\u0130LER Y\u00d6NETT\u0130"},"content":{"rendered":"\n<p>\u0130l Mill\u00ee E\u011fitim M\u00fcd\u00fcr\u00fc Fazilet Durmu\u015f, T\u00fcrkiye Basketbol Federasyonu ile Mersin \u0130l Mill\u00ee E\u011fitim M\u00fcd\u00fcrl\u00fc\u011f\u00fc aras\u0131nda imzalanan i\u015f birli\u011fi protokol\u00fc kapsam\u0131nda 2023-2024 E\u011fitim \u00d6\u011fretim y\u0131l\u0131nda d\u00fczenlenen hakemlik kursunu ba\u015far\u0131yla tamamlayan hakem \u00f6\u011frencilerimizin y\u00f6netti\u011fi Okul Sporlar\u0131 Basketbol Gen\u00e7 Erkekler A M\u00fcsabakas\u0131n\u0131 izledi. &nbsp;<\/p>\n\n\n\n<p>Edip Buran Spor Salonu&#8217;nda \u0130\u00e7el Anadolu Lisesi ile Nurettin Top\u00e7u Anadolu Lisesi aras\u0131nda ger\u00e7ekle\u015fen Okul Sporlar\u0131 Gen\u00e7 Erkekler Basketbol A Grubu kar\u015f\u0131la\u015fmas\u0131, \u0130l Mill\u00ee E\u011fitim M\u00fcd\u00fcr\u00fc Fazilet Durmu\u015f&#8217;un topu havaya at\u0131\u015f\u0131yla ba\u015flad\u0131. M\u00fcsabakada Rojin Yan\u0131k ve Teslime Eyl\u00fcl G\u00fcd\u00fcl\u00fc isimli Aday Hakem \u00f6\u011frencilerimiz, ilk resmi g\u00f6revlerini \u00fcstlendiler. &nbsp; T\u00fcrkiye Basketbol Federasyonu Mersin \u0130l Temsilcisi Erdal Ceylan, sporun birle\u015ftirici g\u00fcc\u00fcn\u00fc ve gen\u00e7lerin sahada \u00fcstlendikleri \u00f6nemli g\u00f6revleri sergileyecekleri bu platforma katk\u0131lar\u0131ndan dolay\u0131 Mill\u00ee E\u011fitim M\u00fcd\u00fcr\u00fc Fazilet Durmu\u015f&#8217;a te\u015fekk\u00fcr etti, \u00e7i\u00e7ek takdim etti. &nbsp;<\/p>\n\n\n\n<p>Spor k\u00fclt\u00fcr\u00fcn\u00fc benimseyen, kurallara sayg\u0131l\u0131 ve disiplinli bireyler yeti\u015ftirmenin \u00f6nemini bu vesileyle bir kez daha vurgulayan \u0130l Mill\u00ee E\u011fitim M\u00fcd\u00fcr\u00fc Fazilet Durmu\u015f: &#8220;2023-2024 E\u011fitim-\u00d6\u011fretim y\u0131l\u0131 boyunca ger\u00e7ekle\u015ftirilen kursa kat\u0131lan 65 \u00f6\u011frencimiz, aday hakem olarak g\u00f6rev yapmaya hak kazand\u0131. \u00d6\u011frencilerimizi her alanda ba\u015far\u0131l\u0131 g\u00f6rmek bizi her zaman gururland\u0131r\u0131yor. \u00d6\u011frencilerimizin hakemlik gibi \u00f6nemli bir alanda deneyim kazanmalar\u0131na ve hem ki\u015fisel hem de profesyonel geli\u015fimlerini desteklemelerine imk\u00e2n tan\u0131yan bu faaliyetlerin d\u00fczenlenmesinde desteklerinden dolay\u0131 T\u00fcrkiye Basketbol Federasyonu&#8217;na ve eme\u011fi ge\u00e7en herkese te\u015fekk\u00fcr ediyorum.&#8221; dedi. &nbsp;<\/p>\n\n\n\n<p>Etkinli\u011fe \u0130l Mill\u00ee E\u011fitim M\u00fcd\u00fcr\u00fc Fazilet Durmu\u015f, Gen\u00e7lik ve Spor \u0130l M\u00fcd\u00fcr\u00fc G\u00f6ksun \u00d6z, Mill\u00ee E\u011fitim \u015eube M\u00fcd\u00fcr\u00fc \u0130lhan Sabit Memi\u015f, T\u00fcrkiye Basketbol Federasyonu Mersin \u0130l Temsilcisi Erdal Ceylan, Gen\u00e7lik ve Spor Faaliyetleri \u015eube M\u00fcd\u00fcr\u00fc Vedat Akyar, T\u00fcrkiye Basketbol Federasyonu \u0130l Hakem Kurulu \u00dcyeleri Talip G\u00fcndo\u011fdu ile Ahmet Alt\u0131parmak ve \u00e7ok say\u0131da \u00f6\u011frenci kat\u0131ld\u0131. &nbsp;<\/p>\n\n\n\n<p><a href=\"https:\/\/mersin.meb.gov.tr\/meb_iys_dosyalar\/2024_12\/05145309_whatsappimage20241205at13.32.32.jpg\" target=\"_blank\" rel=\"noreferrer noopener\"><\/a><\/p>\n","protected":false},"excerpt":{"rendered":"<p>\u0130l Mill\u00ee E\u011fitim M\u00fcd\u00fcr\u00fc Fazilet Durmu\u015f, T\u00fcrkiye Basketbol Federasyonu ile Mersin \u0130l Mill\u00ee E\u011fitim M\u00fcd\u00fcrl\u00fc\u011f\u00fc aras\u0131nda imzalanan i\u015f birli\u011fi protokol\u00fc kapsam\u0131nda 2023-2024 E\u011fitim \u00d6\u011fretim y\u0131l\u0131nda d\u00fczenlenen hakemlik kursunu ba\u015far\u0131yla tamamlayan hakem \u00f6\u011frencilerimizin y\u00f6netti\u011fi Okul Sporlar\u0131 Basketbol Gen\u00e7 Erkekler A M\u00fcsabakas\u0131n\u0131 izledi. &nbsp; Edip Buran Spor Salonu&#8217;nda \u0130\u00e7el Anadolu Lisesi ile Nurettin Top\u00e7u Anadolu Lisesi aras\u0131nda [&hellip;]<\/p>\n","protected":false},"author":2,"featured_media":37682,"comment_status":"closed","ping_status":"closed","sticky":false,"template":"","format":"standard","meta":{"footnotes":""},"categories":[3],"tags":[],"class_list":["post-37681","post","type-post","status-publish","format-standard","has-post-thumbnail","hentry","category-manset"],"views":3,"_links":{"self":[{"href":"https:\/\/mersinkadingazetesi.com\/index.php?rest_route=\/wp\/v2\/posts\/37681"}],"collection":[{"href":"https:\/\/mersinkadingazetesi.com\/index.php?rest_route=\/wp\/v2\/posts"}],"about":[{"href":"https:\/\/mersinkadingazetesi.com\/index.php?rest_route=\/wp\/v2\/types\/post"}],"author":[{"embeddable":true,"href":"https:\/\/mersinkadingazetesi.com\/index.php?rest_route=\/wp\/v2\/users\/2"}],"replies":[{"embeddable":true,"href":"https:\/\/mersinkadingazetesi.com\/index.php?rest_route=%2Fwp%2Fv2%2Fcomments&post=37681"}],"version-history":[{"count":1,"href":"https:\/\/mersinkadingazetesi.com\/index.php?rest_route=\/wp\/v2\/posts\/37681\/revisions"}],"predecessor-version":[{"id":37683,"href":"https:\/\/mersinkadingazetesi.com\/index.php?rest_route=\/wp\/v2\/posts\/37681\/revisions\/37683"}],"wp:featuredmedia":[{"embeddable":true,"href":"https:\/\/mersinkadingazetesi.com\/index.php?rest_route=\/wp\/v2\/media\/37682"}],"wp:attachment":[{"href":"https:\/\/mersinkadingazetesi.com\/index.php?rest_route=%2Fwp%2Fv2%2Fmedia&parent=37681"}],"wp:term":[{"taxonomy":"category","embeddable":true,"href":"https:\/\/mersinkadingazetesi.com\/index.php?rest_route=%2Fwp%2Fv2%2Fcategories&post=37681"},{"taxonomy":"post_tag","embeddable":true,"href":"https:\/\/mersinkadingazetesi.com\/index.php?rest_route=%2Fwp%2Fv2%2Ftags&post=37681"}],"curies":[{"name":"wp","href":"https:\/\/api.w.org\/{rel}","templated":true}]}}