{"id":37684,"date":"2024-12-09T11:55:01","date_gmt":"2024-12-09T08:55:01","guid":{"rendered":"https:\/\/mersinkadingazetesi.com\/?p=37684"},"modified":"2024-12-09T11:55:01","modified_gmt":"2024-12-09T08:55:01","slug":"il-milli-egitim-muduru-fazilet-durmus-yenisehir-ilcemizde-bulunan-haci-zarife-celebi-aygar-anadolu-lisesini-ziyaret-etti","status":"publish","type":"post","link":"https:\/\/mersinkadingazetesi.com\/?p=37684","title":{"rendered":"\u0130L M\u0130LL\u00ce E\u011e\u0130T\u0130M M\u00dcD\u00dcR\u00dc FAZ\u0130LET DURMU\u015e, YEN\u0130\u015eEH\u0130R \u0130L\u00c7EM\u0130ZDE BULUNAN HACI ZAR\u0130FE-\u00c7ELEB\u0130 AYGAR ANADOLU L\u0130SES\u0130N\u0130 Z\u0130YARET ETT\u0130\u00a0"},"content":{"rendered":"\n<p>\u0130l Mill\u00ee E\u011fitim M\u00fcd\u00fcr\u00fc Fazilet Durmu\u015f, Yeni\u015fehir Hac\u0131 Zarife-\u00c7elebi Aygar Anadolu Lisesini ziyaret ederek \u00f6\u011frenci ve \u00f6\u011fretmenlerle bir araya geldi.&nbsp;<\/p>\n\n\n\n<p>10 Kas\u0131m Atat\u00fcrk&#8217;\u00fc Anma G\u00fcn\u00fc dolay\u0131s\u0131yla d\u00fczenlenen etkinliklerde sergilenen koro ve tiyatro performans\u0131yla b\u00fcy\u00fck be\u011feni toplayan \u00f6\u011frencilerle Mevlana \u00c7ok Ama\u00e7l\u0131 Salonu&#8217;nda keyifli bir sohbet ger\u00e7ekle\u015ftiren Fazilet Durmu\u015f, \u00f6\u011frencilerin e\u011fitim s\u00fcre\u00e7lerine ili\u015fkin de\u011ferlendirmelerde bulundu. Fazilet Durmu\u015f yapm\u0131\u015f oldu\u011fu konu\u015fmas\u0131nda: &#8220;Sevgili \u00f6\u011frencilerim, hayat\u0131m\u0131zda bazen derin olmayan sularda bile zorluklarla kar\u015f\u0131la\u015fabiliriz. T\u0131pk\u0131 bir havuzda aya\u011f\u0131m\u0131z kayd\u0131\u011f\u0131nda hissetti\u011fimiz korku gibi, panik bazen basit bir durumu bile zorla\u015ft\u0131rabilir. Unutmay\u0131n ki suyun derinli\u011fi de\u011fil, nas\u0131l tepki verdi\u011finiz \u00f6nemlidir. Korkular\u0131n\u0131zla y\u00fczle\u015fmek, bilin\u00e7li ve sakin kalmay\u0131 \u00f6\u011frenmek sizi her zaman g\u00fc\u00e7l\u00fc k\u0131lar. Hayatta kar\u015f\u0131la\u015ft\u0131\u011f\u0131n\u0131z her durum, size yeni bir deneyim ve cesaret kazand\u0131r\u0131r. Bizler, size sadece akademik ba\u015far\u0131lar kazand\u0131rmak i\u00e7in de\u011fil, ayn\u0131 zamanda hayatta nas\u0131l sa\u011flam duraca\u011f\u0131n\u0131z\u0131 \u00f6\u011fretmek i\u00e7in buraday\u0131z. Kendinize inan\u0131n ve her zorluktan g\u00fc\u00e7lenerek \u00e7\u0131k\u0131n. Pes etmeyeceksiniz, yeni yollar deneyip her durumda akl\u0131n\u0131z ve kalbinizle kararlar almaya \u00f6nem vereceksiniz. \u015eunu unutmay\u0131n ki sizleri her zaman seven bir Fazilet \u00d6\u011fretmeniniz var.&#8221; dedi.<\/p>\n\n\n\n<p>Konu\u015fman\u0131n ard\u0131ndan \u00f6\u011frencilerimiz, haz\u0131rlam\u0131\u015f oldu\u011fu &#8220;Te\u015fekk\u00fcrler \u00d6\u011fretmenim&#8221; isimli koro dinletisini sundu.<\/p>\n\n\n\n<p>Fazilet Durmu\u015f, koro ve tiyatroda emek veren okul m\u00fcd\u00fcr\u00fc ve \u00f6\u011fretmenlere te\u015fekk\u00fcr etti.&nbsp; Konserin ard\u0131ndan \u00f6\u011fretmenler odas\u0131na ge\u00e7en Durmu\u015f, \u00f6\u011fretmenlerle sohbet etti, okulun \u00e7al\u0131\u015fmalar\u0131 ile ilgili bilgiler ald\u0131,T\u00fcrkiye Y\u00fczy\u0131l\u0131 Maarif Modeli&#8217;ne ve e\u011fitim \u00f6\u011fretime dair de\u011ferlendirmelerde bulundu. \u00d6\u011frenci ve \u00f6\u011fretmenlerle hat\u0131ra foto\u011fraf\u0131 \u00e7ekilmesi ile ziyaret sona erdi.<\/p>\n\n\n\n<p>Ziyarette \u0130l Mill\u00ee E\u011fitim M\u00fcd\u00fcr\u00fc Fazilet Durmu\u015f&#8217;a \u0130l Mill\u00ee E\u011fitim \u015eube M\u00fcd\u00fcr\u00fc \u0130lhan Sabit Memi\u015f ve Yeni\u015fehir \u0130l\u00e7e Mill\u00ee E\u011fitim \u015eube M\u00fcd\u00fcr\u00fc \u0130brahim Y\u0131lmaz e\u015flik etti.<\/p>\n\n\n\n<p><a href=\"https:\/\/mersin.meb.gov.tr\/meb_iys_dosyalar\/2024_12\/06184940_whatsappimage20241206at18.43.17.jpg\" target=\"_blank\" rel=\"noreferrer noopener\"><\/a><\/p>\n","protected":false},"excerpt":{"rendered":"<p>\u0130l Mill\u00ee E\u011fitim M\u00fcd\u00fcr\u00fc Fazilet Durmu\u015f, Yeni\u015fehir Hac\u0131 Zarife-\u00c7elebi Aygar Anadolu Lisesini ziyaret ederek \u00f6\u011frenci ve \u00f6\u011fretmenlerle bir araya geldi.&nbsp; 10 Kas\u0131m Atat\u00fcrk&#8217;\u00fc Anma G\u00fcn\u00fc dolay\u0131s\u0131yla d\u00fczenlenen etkinliklerde sergilenen koro ve tiyatro performans\u0131yla b\u00fcy\u00fck be\u011feni toplayan \u00f6\u011frencilerle Mevlana \u00c7ok Ama\u00e7l\u0131 Salonu&#8217;nda keyifli bir sohbet ger\u00e7ekle\u015ftiren Fazilet Durmu\u015f, \u00f6\u011frencilerin e\u011fitim s\u00fcre\u00e7lerine ili\u015fkin de\u011ferlendirmelerde bulundu. Fazilet Durmu\u015f [&hellip;]<\/p>\n","protected":false},"author":2,"featured_media":37685,"comment_status":"closed","ping_status":"closed","sticky":false,"template":"","format":"standard","meta":{"footnotes":""},"categories":[3],"tags":[],"class_list":["post-37684","post","type-post","status-publish","format-standard","has-post-thumbnail","hentry","category-manset"],"views":8,"_links":{"self":[{"href":"https:\/\/mersinkadingazetesi.com\/index.php?rest_route=\/wp\/v2\/posts\/37684"}],"collection":[{"href":"https:\/\/mersinkadingazetesi.com\/index.php?rest_route=\/wp\/v2\/posts"}],"about":[{"href":"https:\/\/mersinkadingazetesi.com\/index.php?rest_route=\/wp\/v2\/types\/post"}],"author":[{"embeddable":true,"href":"https:\/\/mersinkadingazetesi.com\/index.php?rest_route=\/wp\/v2\/users\/2"}],"replies":[{"embeddable":true,"href":"https:\/\/mersinkadingazetesi.com\/index.php?rest_route=%2Fwp%2Fv2%2Fcomments&post=37684"}],"version-history":[{"count":1,"href":"https:\/\/mersinkadingazetesi.com\/index.php?rest_route=\/wp\/v2\/posts\/37684\/revisions"}],"predecessor-version":[{"id":37686,"href":"https:\/\/mersinkadingazetesi.com\/index.php?rest_route=\/wp\/v2\/posts\/37684\/revisions\/37686"}],"wp:featuredmedia":[{"embeddable":true,"href":"https:\/\/mersinkadingazetesi.com\/index.php?rest_route=\/wp\/v2\/media\/37685"}],"wp:attachment":[{"href":"https:\/\/mersinkadingazetesi.com\/index.php?rest_route=%2Fwp%2Fv2%2Fmedia&parent=37684"}],"wp:term":[{"taxonomy":"category","embeddable":true,"href":"https:\/\/mersinkadingazetesi.com\/index.php?rest_route=%2Fwp%2Fv2%2Fcategories&post=37684"},{"taxonomy":"post_tag","embeddable":true,"href":"https:\/\/mersinkadingazetesi.com\/index.php?rest_route=%2Fwp%2Fv2%2Ftags&post=37684"}],"curies":[{"name":"wp","href":"https:\/\/api.w.org\/{rel}","templated":true}]}}