{"id":37701,"date":"2024-12-10T11:26:07","date_gmt":"2024-12-10T08:26:07","guid":{"rendered":"https:\/\/mersinkadingazetesi.com\/?p=37701"},"modified":"2024-12-10T11:26:07","modified_gmt":"2024-12-10T08:26:07","slug":"baskan-secer-her-seyin-iyisini-guzelini-dusunen-saygi-duydugumuz-bir-insandi","status":"publish","type":"post","link":"https:\/\/mersinkadingazetesi.com\/?p=37701","title":{"rendered":"BA\u015eKAN SE\u00c7ER: &#8220;HER \u015eEY\u0130N \u0130Y\u0130S\u0130N\u0130, G\u00dcZEL\u0130N\u0130 D\u00dc\u015e\u00dcNEN SAYGI DUYDU\u011eUMUZ B\u0130R \u0130NSANDI&#8221;"},"content":{"rendered":"\n<p>Mersin B\u00fcy\u00fck\u015fehir Belediye Ba\u015fkan\u0131 Vahap Se\u00e7er; Mersin \u0130dman Yurdu Onursal Menajeri ve Eski Milli Boks\u00f6r Hac\u0131 Bayram Birinci&#8217;nin cenaze t\u00f6renine kat\u0131l\u0131m sa\u011flad\u0131. Mersin \u0130dman Yurdu sevdal\u0131s\u0131 Hac\u0131 Bayram Birinci, M\u00fcft\u00fc Camii&#8217;nde k\u0131l\u0131nan ikindi namaz\u0131 sonras\u0131 Akbelen \u015eehir Mezarl\u0131\u011f\u0131&#8217;nda topra\u011fa verildi.<\/p>\n\n\n\n<p>Bir s\u00fcredir akci\u011fer sorunlar\u0131 y\u00fcz\u00fcnden tedavi g\u00f6ren 81 ya\u015f\u0131ndaki Hac\u0131 Bayram Birinci, evinde fenala\u015farak ya\u015fama g\u00f6zlerini yumdu.<\/p>\n\n\n\n<p><strong>Sevenleri Birinci&#8217;yi son yolculu\u011funda yaln\u0131z b\u0131rakmad\u0131<\/strong><\/p>\n\n\n\n<p>Birinci&#8217;nin cenaze t\u00f6renine; Mersin Valisi Ali Hamza Pehlivan, Mersin B\u00fcy\u00fck\u015fehir Belediye Ba\u015fkan\u0131 Vahap Se\u00e7er, Yeni\u015fehir Kaymakam\u0131 Nevzat \u015eeng\u00f6k, Cumhuriyet Halk Partisi (CHP) \u00d6nceki D\u00f6nem Mersin Milletvekili Alpay Antmen, Yeni\u015fehir Belediye Ba\u015fkan\u0131 Abdullah \u00d6zyi\u011fit, Mezitli Belediye Ba\u015fkan\u0131 Ahmet Serkan Tuncer, Mersin ticaret ve Sanayi Odas\u0131 (MTSO) Y\u00f6netim Kurulu Ba\u015fkan\u0131 Hakan Sefa \u00c7ak\u0131r, MTSO Meclis Ba\u015fkan\u0131 Hamit \u0130zol,&nbsp;&nbsp;Mersin Ticaret Borsas\u0131 Y\u00f6netim Kurulu Ba\u015fkan\u0131 Abdullah \u00d6zdemir, Mersin Deniz Ticaret Odas\u0131 (MDTO) Ba\u015fkan\u0131 Cihat Lokmano\u011flu, Mersin Gen\u00e7lik ve Spor \u0130l M\u00fcd\u00fcr\u00fc G\u00f6ksun \u00d6z, Yeni Mersin \u0130dman Yurdu Kul\u00fcp Ba\u015fkan\u0131 Metin Salt\u0131k, Mezitli Belediyesi Ge\u00e7mi\u015f D\u00f6nem Belediye Ba\u015fkan\u0131 Ne\u015fet Tarhan, STK, dernek ve oda temsilcileri, siyasi parti temsilcileri, Mersinli taraftarlar, spor camias\u0131ndan \u00e7ok say\u0131da ki\u015fi, \u00e7ok say\u0131da Mersinli vatanda\u015f ve Birinci&#8217;nin ailesi ile sevenleri kat\u0131l\u0131m sa\u011flad\u0131.<\/p>\n\n\n\n<p><strong>Ba\u015fkan Se\u00e7er: &#8220;Hac\u0131 Bayram Birinci; her \u015feyin iyisini, g\u00fczelini d\u00fc\u015f\u00fcnen sayg\u0131 duydu\u011fumuz bir insand\u0131&#8221;<\/strong><\/p>\n\n\n\n<p>Mersin B\u00fcy\u00fck\u015fehir Belediye Ba\u015fkan\u0131 Vahap Se\u00e7er, son yolculu\u011funa u\u011furlanan Hac\u0131 Bayram Birinci&#8217;nin kentin renkli isimlerinden birisi oldu\u011funu ifade ederek,&nbsp;<strong>&#8220;Hac\u0131 Bayram Birinci; \u00e7ok uzun y\u0131llardan beri tan\u0131d\u0131\u011f\u0131m ve muhabbetim olan bir b\u00fcy\u00fc\u011f\u00fcmd\u00fc, abimdi. Her \u015feyin iyisini, g\u00fczelini d\u00fc\u015f\u00fcnen, herkesle de diyalo\u011fu son derece iyi olan ve sayg\u0131 duydu\u011fumuz bir insand\u0131.&nbsp;&nbsp;Kentimize k\u0131ymetli hizmetleri olmu\u015f, eski Milli Boks\u00f6r ve Mersin \u0130dman Yurdu&#8217;na \u00f6nemli katk\u0131lar\u0131 olmu\u015f abimizin son yolculu\u011funda u\u011furlayanlar aras\u0131nda olmak istedim.&nbsp;&nbsp;Allah rahmet eylesin, mek\u00e2n\u0131 cennet olsun&#8221;&nbsp;<\/strong>dedi.<\/p>\n","protected":false},"excerpt":{"rendered":"<p>Mersin B\u00fcy\u00fck\u015fehir Belediye Ba\u015fkan\u0131 Vahap Se\u00e7er; Mersin \u0130dman Yurdu Onursal Menajeri ve Eski Milli Boks\u00f6r Hac\u0131 Bayram Birinci&#8217;nin cenaze t\u00f6renine kat\u0131l\u0131m sa\u011flad\u0131. Mersin \u0130dman Yurdu sevdal\u0131s\u0131 Hac\u0131 Bayram Birinci, M\u00fcft\u00fc Camii&#8217;nde k\u0131l\u0131nan ikindi namaz\u0131 sonras\u0131 Akbelen \u015eehir Mezarl\u0131\u011f\u0131&#8217;nda topra\u011fa verildi. Bir s\u00fcredir akci\u011fer sorunlar\u0131 y\u00fcz\u00fcnden tedavi g\u00f6ren 81 ya\u015f\u0131ndaki Hac\u0131 Bayram Birinci, evinde fenala\u015farak ya\u015fama [&hellip;]<\/p>\n","protected":false},"author":2,"featured_media":37702,"comment_status":"closed","ping_status":"closed","sticky":false,"template":"","format":"standard","meta":{"footnotes":""},"categories":[3],"tags":[],"class_list":["post-37701","post","type-post","status-publish","format-standard","has-post-thumbnail","hentry","category-manset"],"views":6,"_links":{"self":[{"href":"https:\/\/mersinkadingazetesi.com\/index.php?rest_route=\/wp\/v2\/posts\/37701"}],"collection":[{"href":"https:\/\/mersinkadingazetesi.com\/index.php?rest_route=\/wp\/v2\/posts"}],"about":[{"href":"https:\/\/mersinkadingazetesi.com\/index.php?rest_route=\/wp\/v2\/types\/post"}],"author":[{"embeddable":true,"href":"https:\/\/mersinkadingazetesi.com\/index.php?rest_route=\/wp\/v2\/users\/2"}],"replies":[{"embeddable":true,"href":"https:\/\/mersinkadingazetesi.com\/index.php?rest_route=%2Fwp%2Fv2%2Fcomments&post=37701"}],"version-history":[{"count":1,"href":"https:\/\/mersinkadingazetesi.com\/index.php?rest_route=\/wp\/v2\/posts\/37701\/revisions"}],"predecessor-version":[{"id":37703,"href":"https:\/\/mersinkadingazetesi.com\/index.php?rest_route=\/wp\/v2\/posts\/37701\/revisions\/37703"}],"wp:featuredmedia":[{"embeddable":true,"href":"https:\/\/mersinkadingazetesi.com\/index.php?rest_route=\/wp\/v2\/media\/37702"}],"wp:attachment":[{"href":"https:\/\/mersinkadingazetesi.com\/index.php?rest_route=%2Fwp%2Fv2%2Fmedia&parent=37701"}],"wp:term":[{"taxonomy":"category","embeddable":true,"href":"https:\/\/mersinkadingazetesi.com\/index.php?rest_route=%2Fwp%2Fv2%2Fcategories&post=37701"},{"taxonomy":"post_tag","embeddable":true,"href":"https:\/\/mersinkadingazetesi.com\/index.php?rest_route=%2Fwp%2Fv2%2Ftags&post=37701"}],"curies":[{"name":"wp","href":"https:\/\/api.w.org\/{rel}","templated":true}]}}