{"id":37704,"date":"2024-12-10T11:27:21","date_gmt":"2024-12-10T08:27:21","guid":{"rendered":"https:\/\/mersinkadingazetesi.com\/?p=37704"},"modified":"2024-12-10T11:27:22","modified_gmt":"2024-12-10T08:27:22","slug":"baskan-secer-suriyelilerin-gonullu-ve-guvenli-bir-sekilde-donmesi-icin-elimizden-geleni-yapmaya-haziriz","status":"publish","type":"post","link":"https:\/\/mersinkadingazetesi.com\/?p=37704","title":{"rendered":"BA\u015eKAN SE\u00c7ER: &#8220;SUR\u0130YEL\u0130LER\u0130N G\u00d6N\u00dcLL\u00dc VE G\u00dcVENL\u0130 B\u0130R \u015eEK\u0130LDE D\u00d6NMES\u0130 \u0130\u00c7\u0130N EL\u0130M\u0130ZDEN GELEN\u0130 YAPMAYA HAZIRIZ&#8221;"},"content":{"rendered":"\n<p>Mersin B\u00fcy\u00fck\u015fehir Belediye Meclisi&#8217;nin 2024 Y\u0131l\u0131 Aral\u0131k Ay\u0131 Ola\u011fan Toplant\u0131s\u0131&#8217;n\u0131n 1. Birle\u015fimi; Mersin B\u00fcy\u00fck\u015fehir Belediye Ba\u015fkan\u0131 Vahap Se\u00e7er ba\u015fkanl\u0131\u011f\u0131nda ger\u00e7ekle\u015ftirildi. Mersin B\u00fcy\u00fck\u015fehir Belediyesi Kongre ve Sergi Saray\u0131 \u00c7ok Ama\u00e7l\u0131 Salon&#8217;da ger\u00e7ekle\u015ftirilen Meclis Toplant\u0131s\u0131&#8217;nda; Birimlerden Gelen 40, Komisyonlara Havale Edilen 18 ve G\u00fcndem D\u0131\u015f\u0131 1 olmak \u00fczere toplam 59 madde g\u00f6r\u00fc\u015f\u00fcld\u00fc.<\/p>\n\n\n\n<p><strong>Ba\u015fkan Se\u00e7er, Meclis toplant\u0131s\u0131n\u0131 Isparta&#8217;da hayat\u0131n\u0131 kaybeden 6 \u015fehidi anarak a\u00e7t\u0131<\/strong><\/p>\n\n\n\n<p>Isparta&#8217;n\u0131n Ke\u00e7iborlu il\u00e7esinde ya\u015fanan helikopter kazas\u0131nda \u015fehit d\u00fc\u015fen askerleri rahmetle anarak Meclis toplant\u0131s\u0131n\u0131 a\u00e7an Ba\u015fkan Se\u00e7er,&nbsp;<strong>&#8220;\u00dcz\u00fcnt\u00fc verici bir olayla kar\u015f\u0131 kar\u015f\u0131ya kald\u0131k. Ordu mensubu 6 \u015fehidimiz var. \u015eehitlerimize Allah&#8217;tan rahmet diliyorum, t\u00fcm ulusumuzun ve milletimizin ba\u015f\u0131 sa\u011f olsun&#8221;<\/strong>&nbsp;dedi. Ayn\u0131 zamanda Mersin&#8217;in renkli simalar\u0131ndan birisi olan eski Milli Boks\u00f6r ve Mersin \u0130dman Yurdu Onursal Menajeri Hac\u0131 Bayram Birinci&#8217;nin vefat\u0131n\u0131 derin bir \u00fcz\u00fcnt\u00fcyle kar\u015f\u0131lad\u0131\u011f\u0131n\u0131 s\u00f6yleyen Se\u00e7er,&nbsp;<strong>&#8220;Hac\u0131 Bayram Birinci&#8217;ye Allah&#8217;tan rahmet diliyorum. Sevdi\u011fim, sayd\u0131\u011f\u0131m ve memleketimizin g\u00fczel insanlar\u0131ndand\u0131. Birinci&#8217;ye Allah&#8217;tan rahmet diliyorum. Ailesine de ba\u015fsa\u011fl\u0131\u011f\u0131 dileklerimi iletiyorum&#8221;<\/strong>&nbsp;s\u00f6zlerine yer verdi.<\/p>\n\n\n\n<p><strong>&#8220;Demokrasi; bar\u0131\u015f\u0131n, karde\u015fli\u011fin, \u00f6zg\u00fcrl\u00fc\u011f\u00fcn ilac\u0131&#8221;<\/strong><\/p>\n\n\n\n<p>Suriye&#8217;de 13 y\u0131ld\u0131r s\u00fcren i\u00e7 sava\u015fta muhalif gruplar\u0131n \u015eam&#8217;a girmesiyle rejimin de\u011fi\u015fmesinin T\u00fcrkiye ve Mersin a\u00e7\u0131s\u0131ndan da \u00f6nemli sonu\u00e7lar do\u011furaca\u011f\u0131n\u0131 kaydeden Se\u00e7er, Mersin&#8217;de resmi olarak 230 bin Suriyelinin ya\u015fad\u0131\u011f\u0131n\u0131n alt\u0131n\u0131 \u00e7izdi. Rejim de\u011fi\u015fikli\u011fi ile b\u00f6lgede yeni bir tak\u0131m geli\u015fmelerin de ya\u015fanaca\u011f\u0131n\u0131 s\u00f6yleyen Se\u00e7er,&nbsp;<strong>&#8220;Son iki g\u00fcnd\u00fcr b\u00f6lgemizde \u00f6nemli geli\u015fmeler oldu. Belki de farkl\u0131 geli\u015fmelere neden olacak bu meselenin bir an \u00f6nce b\u00f6lgenin ve \u00fclkemizin selameti ve milli g\u00fcvenli\u011fi a\u00e7\u0131s\u0131ndan \u00e7\u00f6z\u00fclmesi \u00f6nemli. Ortam\u0131n durulmas\u0131, kal\u0131c\u0131 \u00e7\u00f6z\u00fcme ula\u015fmas\u0131, bar\u0131\u015f\u0131n tesis edilmesi hepimizin ortak dile\u011fi. B\u00f6lgemizde \u00e7at\u0131\u015fma olmas\u0131n, sava\u015f olmas\u0131n istiyoruz. Suriye \u00f6rne\u011fi \u00e7ok \u00f6nemli; \u00e7ok farkl\u0131 etnik yap\u0131lar\u0131n, inan\u00e7 gruplar\u0131n\u0131n hatta semavi dinlere mensup insanlar\u0131n bir arada ya\u015fad\u0131\u011f\u0131 co\u011frafyalarda, demokratik y\u00f6netim hakim olsun. Demokrasi her \u015feyin ilac\u0131; bar\u0131\u015f\u0131n, karde\u015fli\u011fin, \u00f6zg\u00fcrl\u00fc\u011f\u00fcn. Farkl\u0131l\u0131klar olmas\u0131na ra\u011fmen karde\u015f\u00e7e ya\u015faman\u0131n en b\u00fcy\u00fck ilac\u0131 ve \u00e7imentosunun demokrasi oldu\u011funu d\u00fc\u015f\u00fcn\u00fcyorum. Bundan sonraki s\u00fcre\u00e7te de Suriye&#8217;de ya\u015fayan halklar\u0131, gruplar\u0131, k\u00fclt\u00fcrleri kapsayan bir y\u00f6netimin tesis edilmesini ve bunun kal\u0131c\u0131 olmas\u0131n\u0131 temenni ediyorum&#8221;<\/strong>&nbsp;\u015feklinde konu\u015ftu.<\/p>\n\n\n\n<p><strong>Se\u00e7er&#8217;den Mersinlilere te\u015fekk\u00fcr<\/strong><\/p>\n\n\n\n<p>Mersin&#8217;de uzun y\u0131llard\u0131r binlerce Suriyeli insan ile ya\u015fam\u0131n\u0131 payla\u015fan Mersinlilere seslenen Se\u00e7er,&nbsp;<strong>&#8220;Mersinlilere te\u015fekk\u00fcr etmek istiyorum. Bir arada, herhangi bir huzur bozacak ortama meydan vermeden, Mersin halk\u0131n\u0131n sa\u011fduyusuyla; birlik, beraberlik ve bir arada ya\u015fama arzusuyla bu s\u00fcre\u00e7leri atlatt\u0131\u011f\u0131m\u0131za inan\u0131yorum. Bundan sonraki s\u00fcre\u00e7te de geri d\u00f6n\u00fc\u015flerin bir programa ba\u011flan\u0131p y\u00f6netilmesi ve insanlar\u0131n g\u00fcvenle, onurlu, g\u00f6n\u00fcll\u00fc bir \u015fekilde vatanlar\u0131na d\u00f6nmesi i\u00e7in bizler de \u00fczerimize d\u00fc\u015fen g\u00f6revi yapmaya haz\u0131r\u0131z&#8221;<\/strong>&nbsp;diye konu\u015ftu.<\/p>\n\n\n\n<p><strong>&#8220;6. Uluslararas\u0131 Mersin Maratonu&#8217;nun kay\u0131tlar\u0131 devam ediyor&#8221;<\/strong><\/p>\n\n\n\n<p>G\u00fcndeme ili\u015fkin konu\u015fmalar\u0131n\u0131n ard\u0131ndan 6. Uluslararas\u0131 Mersin Maratonu&#8217;nun duyurusunu yapan Se\u00e7er,<strong>&nbsp;&#8220;Maratonumuz 15 Aral\u0131k Pazar g\u00fcn\u00fc ko\u015fulacak ve 3 ayr\u0131 parkurda yap\u0131lacak ko\u015fularda; 42 kilometre, 10 kilometre ve 3 kilometrelik Halk Ko\u015fusu var.&nbsp;<em>&#8216;Rekorlar \u015eehrinde, Rekorlara Ko\u015fuyoruz&#8217;<\/em>&nbsp;slogan\u0131yla bu y\u0131l Uluslararas\u0131 Mersin Maratonu&#8217;nu ger\u00e7ekle\u015ftirece\u011fiz. Kay\u0131tlar 11 Aral\u0131k&#8217;a kadar devam edecek. Vatanda\u015flar, mbbspor.org adresinden kay\u0131t olabilirler ve detayl\u0131 bilgi edinebilirler&#8221;<\/strong>&nbsp;dedi.<\/p>\n\n\n\n<p><strong>&#8220;Se\u00e7im manifestomuzda da Sosyal Konut projesi vard\u0131&#8221;<\/strong><\/p>\n\n\n\n<p>Bir Meclis \u00fcyesinin n\u00fcfusun yo\u011funla\u015fmas\u0131 sebebiyle sosyal konut talebine yan\u0131t veren Ba\u015fkan Se\u00e7er, Mersin B\u00fcy\u00fck\u015fehir Belediyesi olarak Sosyal Konut Projesi \u00fczerinde zaten \u00e7al\u0131\u015fmalar\u0131n\u0131n devam etti\u011fini ifade ederek,&nbsp;<strong>&#8220;Sosyal Konut projesi bizim se\u00e7im manifestomuzda var. \u015eu anda Toroslar b\u00f6lgesinde ve Tarsus&#8217;ta yer tespiti i\u00e7in \u00e7al\u0131\u015fmalar devam ediyor. \u0130l\u00e7e belediyeleri ile de projemiz i\u00e7in i\u015f birli\u011fi yap\u0131yoruz. Bizim anl\u0131k arsa teminimiz kolay olmad\u0131\u011f\u0131 i\u00e7in konuta imarl\u0131 araziler \u00fczerinde konut \u00fcretmemiz gerekiyor. Ekonomik olarak ula\u015f\u0131labilir konutlar \u00fcretece\u011fiz ve k\u0131sa s\u00fcre i\u00e7erisinde vatanda\u015flar\u0131m\u0131z\u0131n hizmetine sunmak istiyoruz&#8221;<\/strong>&nbsp;dedi. Sosyal Konut projesinin b\u00fct\u00e7e gerektiren bir proje oldu\u011funu s\u00f6zlerine ekleyen Se\u00e7er,&nbsp;<strong>&#8220;\u0130lk etapta 1000 konutu bitirmek istiyoruz. Konut projesi b\u00fct\u00e7e gerektiriyor. Konutlar\u0131m\u0131z\u0131n bitmesinin ard\u0131ndan sat\u0131\u015f ve kira konusunda herhangi bir \u00e7al\u0131\u015fma hen\u00fcz ger\u00e7ekle\u015ftirmedik. Bu noktada faiz politikalar\u0131 da \u00f6nemli. Faiz politikalar\u0131nda olumlu geli\u015fmeler ya\u015fanmas\u0131n\u0131 umut ediyoruz. B\u00f6ylelikle vatanda\u015flar\u0131n ucuz ev edinebilmeleri ad\u0131na zorluk ya\u015famadan finansman bulmalar\u0131 i\u00e7in bankalarla bulu\u015fturabiliriz diye d\u00fc\u015f\u00fcn\u00fcyoruz&#8221;<\/strong>&nbsp;ifadelerine yer verdi.<\/p>\n\n\n\n<p>Mersin&#8217;in naz\u0131m imar planlar\u0131 hakk\u0131nda da bilgi veren Se\u00e7er,&nbsp;<strong>&#8220;Akdeniz \u0130l\u00e7esi jcinde 1\/5000 imar planlar\u0131 bitti. Mezitli ve Yeni\u015fehir bitti, Toroslar\u0131n da y\u00fczde 81&#8217;lik b\u00f6l\u00fcm\u00fc bitti. Bu d\u00f6nemde de Akdeniz&#8217;de olan 1\/1000&#8217;likleri bitiririz&#8221;<\/strong>&nbsp;diye konu\u015ftu.<\/p>\n\n\n\n<p><strong>&#8220;Sokak hayvanlar\u0131 konusunda kentin t\u00fcm akt\u00f6rleriyle ba\u015far\u0131l\u0131 bir kampanya y\u00fcr\u00fct\u00fcyoruz&#8221;<\/strong><\/p>\n\n\n\n<p>Silifke b\u00f6lgesinin \u00f6zelinde sokak hayvanlar\u0131 ile ilgili sorulan soruya yan\u0131t veren Se\u00e7er<strong>, &#8220;Biz ba\u015far\u0131l\u0131 bir belediyeyiz. De\u011fi\u015fen yasa ile beraber A\u011fustos ay\u0131nda&nbsp;<em>&#8216;Ya\u015fam\u0131 Sahiplen Destek B\u00fcy\u00fck\u015fehir&#8217;den&#8217;<\/em>&nbsp;kampanyas\u0131n\u0131 ba\u015flatt\u0131k. 2024 y\u0131l\u0131nda toplam 896 sokak hayvan\u0131n\u0131 sahiplendirdik. Bu rak\u0131m\u0131n 407&#8217;si kampanya sonras\u0131nda sahiplendirdi\u011fimiz hayvan say\u0131s\u0131. Bu demek oluyor ki kampanyam\u0131z ba\u015far\u0131l\u0131 olmu\u015f&#8221;<\/strong>&nbsp;ifadelerini kulland\u0131.<\/p>\n\n\n\n<p>Se\u00e7er, il\u00e7e belediyeleri ve \u015fehrin t\u00fcm akt\u00f6rleriyle beraber ba\u015far\u0131l\u0131 bir kampanya y\u00fcr\u00fcterek pop\u00fclasyonu kontrol alt\u0131na ald\u0131klar\u0131n\u0131 vurgulayarak,&nbsp;<strong>&#8220;Sokaktaki hayvanlar\u0131n \u00e7o\u011fu k\u00fcpeli ama ya\u015fam alan\u0131 olu\u015fturarak ve sahiplendirerek durumu kontrol atl\u0131na alm\u0131\u015f olaca\u011f\u0131z. Bir di\u011fer se\u00e7enek uyutmak; biz bu se\u00e7ene\u011fi istemiyoruz, bu y\u00fczden sahiplendirmeye te\u015fvik ediyoruz. Bar\u0131na\u011f\u0131m\u0131zdan hayvan sahiplenenlere; mama, veteriner ve kuaf\u00f6r gibi destekler veriyoruz. Veteriner Hekimler Odas\u0131&#8217;yla anla\u015farak onlar\u0131n da katk\u0131s\u0131n\u0131 ald\u0131k, vatanda\u015flar\u0131 da kampanyam\u0131za dahil ettik. Bu sayede kentin t\u00fcm akt\u00f6rlerini kampanyaya dahil etmi\u015f olduk. \u0130l\u00e7e belediyelerinin de i\u015fin i\u00e7erisine girmesi ile bu problemi \u00e7\u00f6zebiliriz&#8221;<\/strong>&nbsp;dedi.<\/p>\n\n\n\n<p>Ba\u015fkan Se\u00e7er&#8217;in Meclis toplant\u0131s\u0131na ara vermesinin ard\u0131ndan Meclis; Mersin B\u00fcy\u00fck\u015fehir Belediye Meclis 1. Ba\u015fkan Vekili Ali Uyan ba\u015fkanl\u0131\u011f\u0131nda devam etti. Meclis toplant\u0131s\u0131, maddelerin oylanmas\u0131ndan ard\u0131ndan sona erdi.<\/p>\n","protected":false},"excerpt":{"rendered":"<p>Mersin B\u00fcy\u00fck\u015fehir Belediye Meclisi&#8217;nin 2024 Y\u0131l\u0131 Aral\u0131k Ay\u0131 Ola\u011fan Toplant\u0131s\u0131&#8217;n\u0131n 1. Birle\u015fimi; Mersin B\u00fcy\u00fck\u015fehir Belediye Ba\u015fkan\u0131 Vahap Se\u00e7er ba\u015fkanl\u0131\u011f\u0131nda ger\u00e7ekle\u015ftirildi. Mersin B\u00fcy\u00fck\u015fehir Belediyesi Kongre ve Sergi Saray\u0131 \u00c7ok Ama\u00e7l\u0131 Salon&#8217;da ger\u00e7ekle\u015ftirilen Meclis Toplant\u0131s\u0131&#8217;nda; Birimlerden Gelen 40, Komisyonlara Havale Edilen 18 ve G\u00fcndem D\u0131\u015f\u0131 1 olmak \u00fczere toplam 59 madde g\u00f6r\u00fc\u015f\u00fcld\u00fc. Ba\u015fkan Se\u00e7er, Meclis toplant\u0131s\u0131n\u0131 Isparta&#8217;da [&hellip;]<\/p>\n","protected":false},"author":2,"featured_media":37705,"comment_status":"closed","ping_status":"closed","sticky":false,"template":"","format":"standard","meta":{"footnotes":""},"categories":[2,3,5],"tags":[],"class_list":["post-37704","post","type-post","status-publish","format-standard","has-post-thumbnail","hentry","category-gundem","category-manset","category-mersin"],"views":4,"_links":{"self":[{"href":"https:\/\/mersinkadingazetesi.com\/index.php?rest_route=\/wp\/v2\/posts\/37704"}],"collection":[{"href":"https:\/\/mersinkadingazetesi.com\/index.php?rest_route=\/wp\/v2\/posts"}],"about":[{"href":"https:\/\/mersinkadingazetesi.com\/index.php?rest_route=\/wp\/v2\/types\/post"}],"author":[{"embeddable":true,"href":"https:\/\/mersinkadingazetesi.com\/index.php?rest_route=\/wp\/v2\/users\/2"}],"replies":[{"embeddable":true,"href":"https:\/\/mersinkadingazetesi.com\/index.php?rest_route=%2Fwp%2Fv2%2Fcomments&post=37704"}],"version-history":[{"count":1,"href":"https:\/\/mersinkadingazetesi.com\/index.php?rest_route=\/wp\/v2\/posts\/37704\/revisions"}],"predecessor-version":[{"id":37706,"href":"https:\/\/mersinkadingazetesi.com\/index.php?rest_route=\/wp\/v2\/posts\/37704\/revisions\/37706"}],"wp:featuredmedia":[{"embeddable":true,"href":"https:\/\/mersinkadingazetesi.com\/index.php?rest_route=\/wp\/v2\/media\/37705"}],"wp:attachment":[{"href":"https:\/\/mersinkadingazetesi.com\/index.php?rest_route=%2Fwp%2Fv2%2Fmedia&parent=37704"}],"wp:term":[{"taxonomy":"category","embeddable":true,"href":"https:\/\/mersinkadingazetesi.com\/index.php?rest_route=%2Fwp%2Fv2%2Fcategories&post=37704"},{"taxonomy":"post_tag","embeddable":true,"href":"https:\/\/mersinkadingazetesi.com\/index.php?rest_route=%2Fwp%2Fv2%2Ftags&post=37704"}],"curies":[{"name":"wp","href":"https:\/\/api.w.org\/{rel}","templated":true}]}}