{"id":37707,"date":"2024-12-10T11:28:32","date_gmt":"2024-12-10T08:28:32","guid":{"rendered":"https:\/\/mersinkadingazetesi.com\/?p=37707"},"modified":"2024-12-10T11:28:33","modified_gmt":"2024-12-10T08:28:33","slug":"bilim-insanlarindan-mersine-iklim-degisine-iyi-hazirlanin-uyarisi","status":"publish","type":"post","link":"https:\/\/mersinkadingazetesi.com\/?p=37707","title":{"rendered":"Bilim insanlar\u0131ndan Mersin\u2019e \u201c\u0130klim de\u011fi\u015fine iyi haz\u0131rlan\u0131n\u201d uyar\u0131s\u0131"},"content":{"rendered":"\n<p>Ye\u015fil Diplomasisi Haftas\u0131 \u00e7er\u00e7evesinde hayata ge\u00e7irilen K\u00fcresel Fark\u0131ndal\u0131k Giri\u015fimi Sahil Temizleme Kampanyas\u0131 (EU Beach Cleanup) kapsam\u0131nda Mersin Ticaret ve Sanayi Odas\u0131 (MTSO) AB Bilgi Merkezi fark\u0131ndal\u0131k \u00e7al\u0131\u015fmalar\u0131 y\u00fcr\u00fct\u00fcld\u00fc. ODT\u00dc Deniz Bilimleri Enstit\u00fcs\u00fc ve Mersin B\u00fcy\u00fck\u015fehir Belediyesi i\u015fbirli\u011fiyle d\u00fczenlenen etkinlikler kapsam\u0131nda \u00c7aml\u0131bel Bal\u0131k\u00e7\u0131 Bar\u0131na\u011f\u0131\u2019nda deniz temizli\u011fi ger\u00e7ekle\u015fti ve belgesel film haz\u0131rland\u0131. Deniz kirlili\u011finin nedenleri ve \u00e7\u00f6z\u00fcm\u00fc noktas\u0131nda yap\u0131lmas\u0131 gerekenler kamuoyuyla payla\u015f\u0131larak fark\u0131ndal\u0131k olu\u015fturuldu. Haz\u0131rlanan belgeselde AB Sahil Temizleme Kampanyas\u0131n\u0131n plastik kirlili\u011fini, denizin \u00e7\u00f6plerini azaltma ve \u00f6nleme \u00e7abalar\u0131n\u0131 vurgulayan k\u00fcresel bir kampanya oldu\u011funu kaydeden MTSO Y\u00f6netim Kurulu Ba\u015fkan\u0131 Hakan Sefa \u00c7ak\u0131r, deniz \u00e7\u00f6plerinin k\u00fcresel bir sorun oldu\u011funa dikkat \u00e7ekti. AB\u2019nin ve T\u00fcrkiye\u2019nin deniz s\u0131n\u0131rlar\u0131n\u0131 payla\u015ft\u0131\u011f\u0131n\u0131 ve benzer \u00e7evresel zorluklarla kar\u015f\u0131 kar\u015f\u0131ya kal\u0131nd\u0131\u011f\u0131n\u0131 hat\u0131rlatan \u00c7ak\u0131r, bu nedenle \u00e7\u00f6z\u00fcm\u00fcn de birlikte \u00fcretilmesi gerekti\u011fini s\u00f6yledi.&nbsp;<br>\u00c7ak\u0131r\u2019\u0131n ard\u0131ndan ODT\u00dc Deniz Bilimleri Enstit\u00fcs\u00fc \u00d6\u011fretim \u00dcyeleri de\u011ferlendirmelerde bulundu. Deniz kirlili\u011fini etkileyen \u00e7ok say\u0131da fakt\u00f6r oldu\u011funa de\u011finen Dr. Korhan \u00d6zkan, nehir kenarlar\u0131ndaki ekosistemin tahrip olmas\u0131n\u0131n bunda \u00f6nemli rol oynad\u0131\u011f\u0131n\u0131 hat\u0131rlatt\u0131. Bu tahribat\u0131n besin emisyonlar\u0131n\u0131 etkiledi\u011fini kaydeden \u00d6zkan, k\u0131y\u0131lara gelen her t\u00fcrl\u00fc kirlili\u011fin y\u00fck\u00fc art\u0131rd\u0131\u011f\u0131n\u0131 s\u00f6yledi. Prof. Dr. Bar\u0131\u015f Saliho\u011flu Akdeniz havzas\u0131n\u0131n d\u00fcnyadaki iklim de\u011fi\u015fiminden en fazla etkilenecek \u00fc\u00e7 havzadan biri oldu\u011funu dile getirirken Dr. Mustafa Mant\u0131k\u00e7\u0131 bunun ana sebeplerinden biri olarak Seyhan ve Ceyhan nehirleriyle di\u011fer k\u00fc\u00e7\u00fck nehirlerin Mersin K\u00f6rfezine d\u00f6k\u00fclmesini g\u00f6sterdi. Mant\u0131k\u00e7\u0131, \u201cAdana ve Mersin\u2019den gelen end\u00fcstriyel at\u0131klar, evsel at\u0131klar ve ayn\u0131 zamanda \u00c7ukurova&#8217;n\u0131n g\u00fcbrelemeden kaynaklanan tar\u0131msal y\u00fck\u00fcn sularla nehirler arac\u0131l\u0131\u011f\u0131yla denize gelmesiyle denizlerimiz b\u00fcy\u00fck tehdit alt\u0131nda\u201d dedi.&nbsp;<br>B\u00f6lgedeki \u0131s\u0131nman\u0131n ve bunun \u00f6tesinde de kurakla\u015fman\u0131n t\u00fcm di\u011fer b\u00f6lgelerden daha y\u00fcksek olmas\u0131 beklendi\u011fi vurgulanan belgeselde denizlerdeki tehditler aktar\u0131ld\u0131. Marmara denizinde \u0130zmir k\u00f6rfezinde ya\u015fanan kirlilik, bal\u0131k \u00f6l\u00fcmleri hat\u0131rlat\u0131larak \u00f6n\u00fcm\u00fczdeki s\u00fcre\u00e7te Mersin\u2019in de i\u00e7inde bulundu\u011fu Akdeniz\u2019i bekleyen tehlikelere de\u011finildi. Deniz canl\u0131lar\u0131n\u0131, insan sa\u011fl\u0131\u011f\u0131n\u0131 ve denizlerden elde edilen ekonominin nas\u0131l etkilenebilece\u011fi belirtildi.&nbsp;<\/p>\n\n\n\n<p><strong>\u201cBask\u0131lar birbirini etkiliyor ve ekosistem y\u0131pran\u0131yor\u201d<\/strong><br>\u00c7ak\u0131r, insan faaliyetlerinden kaynaklanan kirlilik nedeniyle 2050 y\u0131l\u0131na kadar denizlerde bal\u0131ktan fazla plastik olabilece\u011finin tahmin edildi\u011fini hat\u0131rlat\u0131rken Dr. \u00d6zkan, \u201cYani ekosistemler zaten hali haz\u0131rda ba\u015fka streslerin alt\u0131ndayken, kirlilik gibi ek streslere daha zor diren\u00e7 g\u00f6sterebilir. Bu da toplu y\u0131k\u0131mlar\u0131n ve daha k\u00f6t\u00fc olaylar\u0131n, mesela bal\u0131k \u00f6l\u00fcmleri ya da alg patlamalar\u0131 sonras\u0131 oksijen azalmalar\u0131 gibi olaylar\u0131n daha yo\u011fun g\u00f6zlenmesine sebep oluyor\u201d dedi. Prof. Dr. Saliho\u011flu kirlili\u011fin etkisiyle b\u00f6lgede denizanas\u0131 ya da istilac\u0131 t\u00fcrlerin daha \u00e7ok g\u00f6zlendi\u011fini belirtip, \u201cDolay\u0131s\u0131yla bu bask\u0131lar birbirini destekleyerek ekosistemi y\u0131prat\u0131yor\u201d ifadesini kulland\u0131. Bu kirlili\u011fin sofralara da yans\u0131yaca\u011f\u0131n\u0131 dile getiren Dr. Mant\u0131k\u00e7\u0131 ise bal\u0131k t\u00fcrlerinin kaybolmaya ba\u015flamas\u0131yla yenilen yeme\u011fin de etkilenece\u011fini s\u00f6yledi.&nbsp;<\/p>\n\n\n\n<p><strong>\u201c\u00c7\u00f6z\u00fcm var, umut da var\u201d<\/strong><br>\u00c7\u00f6z\u00fcm noktas\u0131nda de\u011finen Mersin B\u00fcy\u00fck\u015fehir Belediyesi \u00c7evre Koruma ve Kontrol Dairesi Ba\u015fkan\u0131 B\u00fclent Halisdemir ise s\u00f6zlerine MTSO AB Bilgi Merkezi\u2019nin ba\u015flatt\u0131\u011f\u0131 projenin \u00e7ok de\u011ferli oldu\u011funu belirterek ba\u015flad\u0131. En b\u00fcy\u00fck arzular\u0131n\u0131n fark\u0131ndal\u0131k olu\u015fmas\u0131 ve vatanda\u015flar\u0131n denizleri korumak \u00fczere ger\u00e7ek anlamda \u00e7al\u0131\u015fma yapmas\u0131 oldu\u011funu kaydeden Halisdemir, \u201cBiz de MTSO da di\u011fer kurumlar da elinden geleni yap\u0131yor. Bu sorunu hep birlikte \u00e7\u00f6zmek zorunday\u0131z\u201d ifadelerini kulland\u0131. Ard\u0131ndan b\u00fcy\u00fck\u015fehir belediyesi olarak y\u00fcr\u00fctt\u00fckleri \u00e7al\u0131\u015fmalara de\u011finen Halisdemir \u015fu bilgileri verdi:&nbsp;<br>\u201cBiz Mersin B\u00fcy\u00fck\u015fehir Belediyesi olarak bu y\u0131l elektronik gemi denetleme sistemi kurduk.<br>Mersin&#8217;de Seyhan Nehri&#8217;nden \u00c7e\u015fmeli Irma\u011f\u0131\u2019na kadar yakla\u015f\u0131k 53,5 kilometrelik bir alan\u0131 kameralarla donatt\u0131k. Bunlar gece g\u00f6r\u00fc\u015f\u00fc olan, termal \u00f6zelliklere sahip \u00e7ok \u00f6zel kameralar.<br>Bunlarla ilimize gelen ticari gemilerin meydana getirdi\u011fi illegal at\u0131klar\u0131n \u00f6n\u00fcne ge\u00e7meye \u00e7al\u0131\u015f\u0131yoruz. Ve bununla ilgili idari yapt\u0131r\u0131mlar uyguluyoruz.\u201d<br>Konunun \u00e7\u00f6z\u00fcms\u00fcz olmad\u0131\u011f\u0131n\u0131 belirten akademisyenler g\u00fcn\u00fcm\u00fczde hem k\u00fcresel hem de b\u00f6lgesel boyutta t\u00fcm siyasi otoritelerin bu s\u0131k\u0131nt\u0131y\u0131 kabul edip \u00f6nlem almaya \u00e7al\u0131\u015ft\u0131\u011f\u0131na i\u015faret edip, at\u0131k fark\u0131ndal\u0131k olu\u015ftu\u011funu ancak yeterli \u00f6nlem al\u0131nmamas\u0131n\u0131n s\u0131k\u0131nt\u0131lar\u0131n\u0131n ya\u015fand\u0131\u011f\u0131n\u0131 s\u00f6yledi. Hemen \u00f6nlem alman\u0131n m\u00fcmk\u00fcn olamayabilece\u011fine i\u015faret edilerek al\u0131nacak \u00f6nlemlerinse s\u00fcrd\u00fcr\u00fclebilir olmas\u0131 gerekti\u011fi vurguland\u0131.&nbsp;<br>Ya\u015fananlar kar\u015f\u0131s\u0131nda \u00e7\u00f6z\u00fcm de umut da oldu\u011fu vurgulanan belgeselde MTSO Y\u00f6netim Kurulu Ba\u015fkan\u0131 Hakan Sefa \u00c7ak\u0131r s\u00f6zlerini, \u201cHepimizin daha fazlas\u0131n\u0131 yapabilece\u011fine inan\u0131yoruz. Akdeniz&#8217;in bizlere sundu\u011fu e\u015fsiz do\u011fal kaynaklara sahip \u00e7\u0131karak sahillerimizi ve k\u0131y\u0131lar\u0131m\u0131z\u0131 temiz tutmal\u0131, plastik t\u00fcketimini azaltmal\u0131, yeniden kullanarak ve geri d\u00f6n\u00fc\u015ft\u00fcrerek daha s\u00fcrd\u00fcr\u00fclebilir bir ya\u015fam tarz\u0131 benimsemeliyiz\u201d diye tamamlad\u0131.<\/p>\n","protected":false},"excerpt":{"rendered":"<p>Ye\u015fil Diplomasisi Haftas\u0131 \u00e7er\u00e7evesinde hayata ge\u00e7irilen K\u00fcresel Fark\u0131ndal\u0131k Giri\u015fimi Sahil Temizleme Kampanyas\u0131 (EU Beach Cleanup) kapsam\u0131nda Mersin Ticaret ve Sanayi Odas\u0131 (MTSO) AB Bilgi Merkezi fark\u0131ndal\u0131k \u00e7al\u0131\u015fmalar\u0131 y\u00fcr\u00fct\u00fcld\u00fc. ODT\u00dc Deniz Bilimleri Enstit\u00fcs\u00fc ve Mersin B\u00fcy\u00fck\u015fehir Belediyesi i\u015fbirli\u011fiyle d\u00fczenlenen etkinlikler kapsam\u0131nda \u00c7aml\u0131bel Bal\u0131k\u00e7\u0131 Bar\u0131na\u011f\u0131\u2019nda deniz temizli\u011fi ger\u00e7ekle\u015fti ve belgesel film haz\u0131rland\u0131. Deniz kirlili\u011finin nedenleri ve \u00e7\u00f6z\u00fcm\u00fc [&hellip;]<\/p>\n","protected":false},"author":2,"featured_media":37708,"comment_status":"closed","ping_status":"closed","sticky":false,"template":"","format":"standard","meta":{"footnotes":""},"categories":[3],"tags":[],"class_list":["post-37707","post","type-post","status-publish","format-standard","has-post-thumbnail","hentry","category-manset"],"views":1,"_links":{"self":[{"href":"https:\/\/mersinkadingazetesi.com\/index.php?rest_route=\/wp\/v2\/posts\/37707"}],"collection":[{"href":"https:\/\/mersinkadingazetesi.com\/index.php?rest_route=\/wp\/v2\/posts"}],"about":[{"href":"https:\/\/mersinkadingazetesi.com\/index.php?rest_route=\/wp\/v2\/types\/post"}],"author":[{"embeddable":true,"href":"https:\/\/mersinkadingazetesi.com\/index.php?rest_route=\/wp\/v2\/users\/2"}],"replies":[{"embeddable":true,"href":"https:\/\/mersinkadingazetesi.com\/index.php?rest_route=%2Fwp%2Fv2%2Fcomments&post=37707"}],"version-history":[{"count":1,"href":"https:\/\/mersinkadingazetesi.com\/index.php?rest_route=\/wp\/v2\/posts\/37707\/revisions"}],"predecessor-version":[{"id":37709,"href":"https:\/\/mersinkadingazetesi.com\/index.php?rest_route=\/wp\/v2\/posts\/37707\/revisions\/37709"}],"wp:featuredmedia":[{"embeddable":true,"href":"https:\/\/mersinkadingazetesi.com\/index.php?rest_route=\/wp\/v2\/media\/37708"}],"wp:attachment":[{"href":"https:\/\/mersinkadingazetesi.com\/index.php?rest_route=%2Fwp%2Fv2%2Fmedia&parent=37707"}],"wp:term":[{"taxonomy":"category","embeddable":true,"href":"https:\/\/mersinkadingazetesi.com\/index.php?rest_route=%2Fwp%2Fv2%2Fcategories&post=37707"},{"taxonomy":"post_tag","embeddable":true,"href":"https:\/\/mersinkadingazetesi.com\/index.php?rest_route=%2Fwp%2Fv2%2Ftags&post=37707"}],"curies":[{"name":"wp","href":"https:\/\/api.w.org\/{rel}","templated":true}]}}