{"id":37713,"date":"2024-12-10T11:32:03","date_gmt":"2024-12-10T08:32:03","guid":{"rendered":"https:\/\/mersinkadingazetesi.com\/?p=37713"},"modified":"2024-12-10T11:32:03","modified_gmt":"2024-12-10T08:32:03","slug":"buyuksehirin-kirsal-mahalle-bulusmalari-ayvagediginde-duzenlendi","status":"publish","type":"post","link":"https:\/\/mersinkadingazetesi.com\/?p=37713","title":{"rendered":"B\u00dcY\u00dcK\u015eEH\u0130R&#8217;\u0130N KIRSAL MAHALLE BULU\u015eMALARI AYVAGED\u0130\u011e\u0130&#8217;NDE D\u00dcZENLEND\u0130"},"content":{"rendered":"\n<p>Mersin B\u00fcy\u00fck\u015fehir Belediyesi Kad\u0131n ve Aile Hizmetleri Dairesi taraf\u0131ndan d\u00fczenlenen&nbsp;<strong>&#8216;K\u0131rsal Mahalle Bulu\u015fmalar\u0131&#8217;&nbsp;<\/strong>program\u0131n\u0131n yeni dura\u011f\u0131, Toroslar il\u00e7esine ba\u011fl\u0131 Ayvagedi\u011fi Mahallesi oldu. Merkez ile k\u0131rsaldaki kad\u0131nlar\u0131 bir araya getiren etkinlik, kat\u0131l\u0131mc\u0131lara keyifli bir g\u00fcn ya\u015fatt\u0131. Mersinden Kad\u0131n Kooperatifi Ba\u015fkan\u0131 Meral Se\u00e7er&#8217;in de kat\u0131l\u0131m\u0131yla d\u00fczenlenen etkinlikte Se\u00e7er, stantlar\u0131 gezerek \u00fcretici kad\u0131nlarla sohbet etti ve b\u00f6lgeye has yeti\u015ftirilen \u00fcr\u00fcnler hakk\u0131nda bilgi ald\u0131.<\/p>\n\n\n\n<p>Mersin merkez il\u00e7elerinden ve Tarsus&#8217;tan gelen \u00e7ok say\u0131da misafir ve kad\u0131n dernekleri de Toroslar&#8217;\u0131n yayla havas\u0131nda, civardaki 7 k\u0131rsal mahalleden gelen kad\u0131nlar\u0131n kurdu\u011fu stantlarda \u00fcr\u00fcnleri inceledi, al\u0131\u015fveri\u015f yapt\u0131 ve ayn\u0131 zamanda sosyal bir ortamda bir araya gelerek sohbet etme imkan\u0131 buldu. Vatanda\u015flar al\u0131\u015fveri\u015fin ard\u0131ndan, t\u00fcrk\u00fcler e\u015fli\u011finde halay \u00e7ekti. Programda \u00e7ocuklar\u0131 mutlu eden etkinlikler de yer ald\u0131. \u00c7ocuklar boyama etkinli\u011fi yaparak, ikram edilen pamuk \u015fekeri ve pizzan\u0131n tad\u0131n\u0131 \u00e7\u0131kard\u0131.<\/p>\n\n\n\n<p>\u00dcretici kad\u0131nlar, bulu\u015fma etkinlikleri sayesinde hem ekonomik hem de sosyal olarak desteklenmi\u015f oluyor. Kad\u0131nlar\u0131n ekonomik olarak desteklenmesi ve sosyal hayatta daha aktif olmalar\u0131 ad\u0131na d\u00fczenlenen bu t\u00fcr etkinlikler; kad\u0131nlar\u0131n dayan\u0131\u015fmas\u0131n\u0131 peki\u015ftirirken, kentin k\u00fclt\u00fcrel \u00e7e\u015fitlili\u011fini de bir araya getirmesi bak\u0131m\u0131ndan Mersinlileri memnun ediyor. K\u0131rsal Mahalle Bulu\u015fmalar\u0131, s\u00fcre\u00e7 i\u00e7inde farkl\u0131 noktalarda d\u00fczenlenmeye devam edecek.<\/p>\n\n\n\n<p><strong>Meral Se\u00e7er: &#8220;Kentteki kad\u0131nlar\u0131n ve \u00fcreten kad\u0131nlar\u0131n bir araya gelmesi o kadar g\u00fczel bir duygu ki&#8230;&#8221;<\/strong><\/p>\n\n\n\n<p>Mersinden Kad\u0131n Kooperatifi Ba\u015fkan\u0131 Meral Se\u00e7er, Mersin B\u00fcy\u00fck\u015fehir Belediye Ba\u015fkan\u0131 Vahap Se\u00e7er&#8217;in selamlar\u0131n\u0131 ileterek ba\u015flad\u0131\u011f\u0131 konu\u015fmas\u0131nda,&nbsp;<strong>&#8220;Ayvagedi\u011fi bug\u00fcn bir ba\u015fka g\u00fczel. \u00c7\u00fcnk\u00fc Tarsus&#8217;tan, Erdemli&#8217;den, Mersin&#8217;den herkes buraya gelmi\u015f. 6-7 k\u00f6yden \u00fcretici kad\u0131nlar \u00fcr\u00fcnlerini sergiliyor. O kadar g\u00fczel bir ortam ki, iyi ki K\u0131rsal Mahalle Bulu\u015fmalar\u0131 yap\u0131l\u0131yor. \u0130yi ki Mersin B\u00fcy\u00fck\u015fehir&#8217;in bu etkinlikleri kad\u0131nlar \u00fczerinde olumlu etkiler yarat\u0131yor&#8221;&nbsp;<\/strong>dedi.<\/p>\n\n\n\n<p>K\u0131rsal Mahalle Bulu\u015fmalar\u0131&#8217;n\u0131n, en \u00e7ok keyif ald\u0131\u011f\u0131 etkinliklerden biri oldu\u011funu ifade eden Se\u00e7er,<strong>&nbsp;&#8220;\u0130lk olarak 2019 y\u0131l\u0131nda Dar\u0131sekisi&#8217;nde ba\u015flam\u0131\u015ft\u0131 ve o zamandan bu zamana \u00e7ok \u015fey de\u011fi\u015fti. K\u0131rsal Mahalle Bulu\u015fmalar\u0131, sanki bir festival havas\u0131na b\u00fcr\u00fcnm\u00fc\u015f. Kentteki kad\u0131nlar\u0131n ve \u00fcreten kad\u0131nlar\u0131n bir araya gelmesi beni \u00e7ok mutlu ediyor. \u00dcreten, elleri toprakta \u00e7atlam\u0131\u015f kad\u0131nlarla bir araya geliyorlar, birbirlerini daha iyi anl\u0131yorlar ve birbirleriyle kayna\u015f\u0131yorlar. Bu, o kadar g\u00fczel bir duygu ki&#8230; Bundan dolay\u0131 hepinize \u00e7ok te\u015fekk\u00fcr ediyoruz&#8221;&nbsp;<\/strong>diye konu\u015ftu.<\/p>\n\n\n\n<p><strong>\u00dcretici kad\u0131nlar bulu\u015fmalardan \u00e7ok memnun<\/strong><\/p>\n\n\n\n<p>K\u0131rsal Mahalle Bulu\u015fmas\u0131 kapsam\u0131nda kendi \u00fcretti\u011fi \u00fcr\u00fcnleri satan kad\u0131nlardan Sultan \u015eim\u015fek, etkinli\u011fi de\u011ferlendirerek,&nbsp;<strong>&#8220;Etkinlik sayesinde bir araya geliyor, sat\u0131\u015flar\u0131m\u0131z\u0131 yap\u0131yoruz. Bizim \u00fcr\u00fcnlerimiz kendi \u00fcretimimiz. K\u0131\u015f aylar\u0131nda hafta sonlar\u0131, yaz aylar\u0131nda da sebzemiz olunca g\u00fcnl\u00fck sat\u0131\u015f yap\u0131yoruz. Zeytin, yumurta, tur\u015fu, sal\u00e7a hepsi do\u011fal \u00fcr\u00fcnler&#8221;<\/strong>&nbsp;dedi.<\/p>\n\n\n\n<p>\u00dcretici kad\u0131nlardan Sabire \u00c7okg\u00fcn ise, yap\u0131lan etkinlikler sayesinde kazan\u00e7lar\u0131n\u0131n daha \u00e7ok artt\u0131\u011f\u0131n\u0131 kaydederek,&nbsp;<strong>&#8220;Kad\u0131nlar toplu ve kalabal\u0131k bir \u015fekilde buraya geldi\u011fi i\u00e7in, daha \u00e7ok al\u0131\u015fveri\u015f yap\u0131yorlar. Sosyal yard\u0131mla\u015fma anlam\u0131nda da bizler i\u00e7in daha iyi oluyor. Bu etkinlikler sayesinde bir\u00e7ok kad\u0131nla tan\u0131\u015fabiliyor ve \u00fcretti\u011fimiz \u00fcr\u00fcnleri satabiliyoruz&#8221;<\/strong>&nbsp;diye konu\u015ftu.<\/p>\n\n\n\n<p>Bir ba\u015fka \u00fcretici Seher Aytekin de bu t\u00fcr etkinliklerin birlik ve beraberlik duygusunu peki\u015ftirdi\u011fini s\u00f6yleyerek,&nbsp;<strong>&#8220;Ziyaret\u00e7iler buraya geldi\u011finde sat\u0131\u015flar\u0131m\u0131z g\u00fczel oluyor. \u00dcr\u00fcnlerimizi kendimiz yap\u0131yoruz. Bu tarz bulu\u015fmalardan \u00e7ok memnun oluyoruz&#8221;<\/strong>&nbsp;ifadelerini kulland\u0131.<\/p>\n\n\n\n<p><strong>Hem kad\u0131nlar sosyalle\u015fiyor hem \u00fcretici kad\u0131nlar b\u00fct\u00e7elerine katk\u0131 sa\u011fl\u0131yor<\/strong><\/p>\n\n\n\n<p>\u0130lk defa b\u00f6yle bir etkinli\u011fe kat\u0131ld\u0131\u011f\u0131n\u0131 ve \u00e7ok memnun oldu\u011funu s\u00f6yleyen kat\u0131l\u0131mc\u0131lardan Ay\u015fe \u00c7al\u0131\u015fkan,&nbsp;<strong>&#8220;Etkinli\u011fe Tarsus&#8217;tan kat\u0131ld\u0131m ve \u00e7ok g\u00fczel ge\u00e7ti. Kad\u0131nlar bu sayede evden \u00e7\u0131km\u0131\u015f oluyor, \u00fcretici kad\u0131nlar da b\u00fct\u00e7elerine katk\u0131 sa\u011fl\u0131yor. Meral Han\u0131m da etkinli\u011fe kat\u0131ld\u0131, stantlar\u0131 gezdi ve al\u0131\u015fveri\u015f yapt\u0131. Kad\u0131nlar devaml\u0131 \u00fcretti\u011fi i\u00e7in, b\u00f6yle etkinliklerin daha \u00e7ok yap\u0131lmas\u0131n\u0131 istiyoruz&#8221;<\/strong>&nbsp;dedi.<\/p>\n\n\n\n<p>Zehra Erya\u015far da etkinlikle ilgili d\u00fc\u015f\u00fcncelerini payla\u015farak,&nbsp;<strong>&#8220;Ortam \u00e7ok g\u00fczel ve e\u011flenceli. Ben de daha \u00f6nce \u00fcreten biriydim. Kad\u0131nlar\u0131n kalk\u0131nmas\u0131 a\u00e7\u0131s\u0131ndan gayet g\u00fczel bir etkinlik. Evde oturmak yerine bir \u015feyler \u00fcretip satabilmek \u00e7ok faydal\u0131. Her kesimden kad\u0131nlar\u0131n kat\u0131labiliyor olmas\u0131 da \u00e7ok g\u00fczel&#8221;&nbsp;<\/strong>diye konu\u015ftu.&nbsp;<\/p>\n\n\n\n<p>Hatice Solmaz, etkinli\u011fi her a\u00e7\u0131dan \u00e7ok faydal\u0131 buldu\u011funu s\u00f6yleyerek,&nbsp;<strong>&#8220;Etkinlik kapsam\u0131nda \u00fcreten kad\u0131nlar\u0131n sat\u0131\u015f performans\u0131 y\u00fckseliyor ve kad\u0131nlar burada sosyalle\u015febiliyor. Bence her anlamda \u00e7ok iyi. Gidi\u015f geli\u015fimiz \u00e7ok rahat oluyor ve B\u00fcy\u00fck\u015fehir kar\u015f\u0131l\u0131yor. Herkesin kat\u0131lmas\u0131n\u0131 isterim, \u00e7\u00fcnk\u00fc kad\u0131nlar b\u00f6ylelikle evden \u00e7\u0131km\u0131\u015f ve sosyalle\u015fmi\u015f oluyorlar. \u00dcretici kad\u0131nlar\u0131n stantlar\u0131nda de\u011fi\u015fik ve g\u00fczel \u00fcr\u00fcnler de var&#8221;&nbsp;<\/strong>ifadelerini kulland\u0131.<\/p>\n","protected":false},"excerpt":{"rendered":"<p>Mersin B\u00fcy\u00fck\u015fehir Belediyesi Kad\u0131n ve Aile Hizmetleri Dairesi taraf\u0131ndan d\u00fczenlenen&nbsp;&#8216;K\u0131rsal Mahalle Bulu\u015fmalar\u0131&#8217;&nbsp;program\u0131n\u0131n yeni dura\u011f\u0131, Toroslar il\u00e7esine ba\u011fl\u0131 Ayvagedi\u011fi Mahallesi oldu. Merkez ile k\u0131rsaldaki kad\u0131nlar\u0131 bir araya getiren etkinlik, kat\u0131l\u0131mc\u0131lara keyifli bir g\u00fcn ya\u015fatt\u0131. Mersinden Kad\u0131n Kooperatifi Ba\u015fkan\u0131 Meral Se\u00e7er&#8217;in de kat\u0131l\u0131m\u0131yla d\u00fczenlenen etkinlikte Se\u00e7er, stantlar\u0131 gezerek \u00fcretici kad\u0131nlarla sohbet etti ve b\u00f6lgeye has yeti\u015ftirilen \u00fcr\u00fcnler [&hellip;]<\/p>\n","protected":false},"author":2,"featured_media":37714,"comment_status":"closed","ping_status":"closed","sticky":false,"template":"","format":"standard","meta":{"footnotes":""},"categories":[3],"tags":[],"class_list":["post-37713","post","type-post","status-publish","format-standard","has-post-thumbnail","hentry","category-manset"],"views":4,"_links":{"self":[{"href":"https:\/\/mersinkadingazetesi.com\/index.php?rest_route=\/wp\/v2\/posts\/37713"}],"collection":[{"href":"https:\/\/mersinkadingazetesi.com\/index.php?rest_route=\/wp\/v2\/posts"}],"about":[{"href":"https:\/\/mersinkadingazetesi.com\/index.php?rest_route=\/wp\/v2\/types\/post"}],"author":[{"embeddable":true,"href":"https:\/\/mersinkadingazetesi.com\/index.php?rest_route=\/wp\/v2\/users\/2"}],"replies":[{"embeddable":true,"href":"https:\/\/mersinkadingazetesi.com\/index.php?rest_route=%2Fwp%2Fv2%2Fcomments&post=37713"}],"version-history":[{"count":1,"href":"https:\/\/mersinkadingazetesi.com\/index.php?rest_route=\/wp\/v2\/posts\/37713\/revisions"}],"predecessor-version":[{"id":37715,"href":"https:\/\/mersinkadingazetesi.com\/index.php?rest_route=\/wp\/v2\/posts\/37713\/revisions\/37715"}],"wp:featuredmedia":[{"embeddable":true,"href":"https:\/\/mersinkadingazetesi.com\/index.php?rest_route=\/wp\/v2\/media\/37714"}],"wp:attachment":[{"href":"https:\/\/mersinkadingazetesi.com\/index.php?rest_route=%2Fwp%2Fv2%2Fmedia&parent=37713"}],"wp:term":[{"taxonomy":"category","embeddable":true,"href":"https:\/\/mersinkadingazetesi.com\/index.php?rest_route=%2Fwp%2Fv2%2Fcategories&post=37713"},{"taxonomy":"post_tag","embeddable":true,"href":"https:\/\/mersinkadingazetesi.com\/index.php?rest_route=%2Fwp%2Fv2%2Ftags&post=37713"}],"curies":[{"name":"wp","href":"https:\/\/api.w.org\/{rel}","templated":true}]}}