{"id":37719,"date":"2024-12-10T11:35:12","date_gmt":"2024-12-10T08:35:12","guid":{"rendered":"https:\/\/mersinkadingazetesi.com\/?p=37719"},"modified":"2024-12-10T11:35:13","modified_gmt":"2024-12-10T08:35:13","slug":"aratos-felsefe-dergisinin-126-sayisi-yayinlandi","status":"publish","type":"post","link":"https:\/\/mersinkadingazetesi.com\/?p=37719","title":{"rendered":"ARATOS FELSEFE DERG\u0130S\u0130&#8217;N\u0130N 126. SAYISI YAYINLANDI"},"content":{"rendered":"\n<p>T\u00fcrkiye&#8217;nin en uzun s\u00fcreli dergileri aras\u0131na giren Aratos Felsefe dergisi 20. y\u0131l\u0131nda.<\/p>\n\n\n\n<p>Tarsus&#8217;ta yay\u0131nlanan Aratos tarih, felsefe, k\u00fclt\u00fcr ve sanat dergisinin 126. say\u0131s\u0131 \u00e7\u0131kt\u0131. Dergi ad\u0131n\u0131 Antik \u00c7a\u011f&#8217;da ya\u015fam\u0131\u015f \u015fair, matematik\u00e7i ve g\u00f6kbilimci (astronom) Tarsuslu filozof&nbsp;Aratos&#8217;tan al\u0131yor.<\/p>\n\n\n\n<p>Aratos dergisi, 126. say\u0131n\u0131 yak\u0131n zamanda ya\u015fam\u0131n\u0131 yitiren T\u00fcrkiye&#8217;nin \u00f6nde gelen felsefecilerinden Prof. Dr. Af\u015far Timu\u00e7in&#8217;a ay\u0131rd\u0131.<\/p>\n\n\n\n<p>Aratos dergisinin 126. say\u0131nda, yaz\u0131lar\u0131yla yer alan konular ve yazarlar \u015f\u00f6yle, &#8220;<strong>Aratos&#8217;un \u0130zinde Felsefenin Yolunda 20 Y\u0131l\/Sunu (<\/strong>U\u011fur Pi\u015fmanl\u0131k),&nbsp;<strong>Felsefenin Sava\u015f\u00e7\u0131lar\u0131&nbsp;<\/strong>(Prof. Dr. Af\u015far Timu\u00e7in),&nbsp;<strong>\u00c7izgiyle\/D\u00fc\u015f\u00fcnd\u00fcren Karikat\u00fcrler&nbsp;<\/strong>(\u00d6zer Aydo\u011fan),&nbsp;<strong>Ni\u00e7in Varolu\u015fculuk ve Yap\u0131salc\u0131l\u0131k De\u011fil?&nbsp;<\/strong>(Prof. Dr. Zehrag\u00fcl A\u015fk\u0131n)&nbsp;<strong>Af\u015far Timu\u00e7in&#8217;in D\u00fc\u015f\u00fcn\u00fcr Kimli\u011fi ve Felsefe Anlay\u0131\u015f\u0131&nbsp;<\/strong>(Do\u00e7. Dr. Mustafa G\u00fcnay),&nbsp;<strong>Aratos Dergisi Yazar\u0131n\u0131 ve Felsefe Okulu Hocas\u0131n\u0131 Yitirdi\/Af\u015far Timu\u00e7in, Felsefe, Ak\u0131l ve Ayd\u0131nlanma&nbsp;<\/strong>(U\u011fur Pi\u015fmanl\u0131k),&nbsp;<strong>Kendini Bilmek \u00dczerine \u00c7e\u015fitlemeler!&nbsp;<\/strong>(Abdullah D\u00f6rtlemez),&nbsp;<strong>3. Uluslararas\u0131 Tarsus Festivaline Felsefe Damgas\u0131n\u0131 Vuracak&nbsp;<\/strong>(Felsefe Program\u0131).<\/p>\n\n\n\n<p>Derginin yay\u0131n y\u00f6netmeni gazeteci-yazar U\u011fur Pi\u015fmanl\u0131k&#8217;\u0131n Aratos felsefe&nbsp;dergisinin 20. y\u0131l\u0131na dair, Aratos&#8217;un Tarsus&#8217;un en uzun s\u00fcreli ve tek entelekt\u00fcel yay\u0131n\u0131 oldu\u011funu belirterek,&nbsp;<em>&#8220;Dergimiz&nbsp;<\/em><em>20 y\u0131l\u0131nda,&nbsp;<\/em><em>Tarsuslu filozof&nbsp;<\/em><em>Aratos&#8217;un izinde ve felsefenin yoluna devam ediyor.<\/em><\/p>\n\n\n\n<p><em>Bu y\u0131l Mersin B\u00fcy\u00fck\u015fehir Belediyesi&#8217;nin 1-3 Kas\u0131m tarihlerinde yapaca\u011f\u0131 3. Uluslararas\u0131 Tarsus Festivali&#8217;nin Aratos dergisi olarak felsefe oturumlar\u0131 yap\u0131lmas\u0131, felsefe belgesel filmlerinin g\u00f6sterimi ve Aratos Felsefe dergisi Tarsus kitaplar\u0131 yay\u0131n stand\u0131 a\u00e7\u0131lmas\u0131n\u0131 \u00f6nerilerdik.<\/em><\/p>\n\n\n\n<p><em>3. Uluslararas\u0131 Tarsus Festival program\u0131n\u0131n felsefeyle ilgili b\u00f6l\u00fcm\u00fcne sayfalar\u0131m\u0131zda yer verdik.<\/em><\/p>\n\n\n\n<p><em>\u0130kincisi, Uluslararas\u0131 festivalden bir ay sonra 7 Aral\u0131k&#8217;ta D\u00fcnya Felsefe G\u00fcn\u00fc nedeniyle, \u00f6nceki y\u0131llarda Tarsus Belediyesi ile ortakla\u015fa yapt\u0131\u011f\u0131m\u0131z Tarsus Felsefe Festivali&#8217;nin 4.&#8217;c\u00fcs\u00fcn\u00fc Aratos dergisi olarak yaln\u0131z ger\u00e7ekle\u015ftirece\u011fiz.<\/em><\/p>\n\n\n\n<p><em>\u00dc\u00e7\u00fcnc\u00fcs\u00fc, ge\u00e7ti\u011fimiz aylarda kaybetti\u011fimiz, T\u00fcrkiye&#8217;de felsefenin \u00f6nce gelen isimlerinden, Aratos dergisi yazarlar\u0131ndan, yay\u0131n kurulu \u00fcyemiz ve Aratos Felsefe Okulu hocalar\u0131m\u0131zdan Prof. Dr. Af\u015far Timu\u00e7in&#8217;e sayfalar\u0131m\u0131z\u0131 ay\u0131rd\u0131k.<\/em><\/p>\n\n\n\n<p><em>15. y\u0131l\u0131na giren Aratos Felsefe Okulu derslerine Aral\u0131k ay\u0131 itibariyle Tadeka binas\u0131nda ba\u015flayacakt\u0131r.<\/em><\/p>\n\n\n\n<p><em>2002&#8217;de Antik \u00c7a\u011f&#8217;da Tarsuslu Filozoflar kitab\u0131n\u0131n yay\u0131n\u0131yla ba\u015flayan, 2004 y\u0131l\u0131nda Aratos dergisinin yola \u00e7\u0131k\u0131\u015f\u0131yla devam eden, 2006 Aratos Yay\u0131nlar\u0131&#8217;n\u0131n kitaplar\u0131, 2007&#8217;de Aratos Felsefe G\u00fcnleri&#8217;nin d\u00fczenlenmesi, 2011&#8217;de Aratos Felsefe Okulu&#8217;nun kurulu\u015fu ve derslere ba\u015flamas\u0131, Aratos K\u00fclt\u00fcr Sanatevi&#8217;nin kurulmas\u0131 belli ba\u015fl\u0131 \u00e7abalard\u0131r.<\/em><\/p>\n\n\n\n<p><em>Aratos Felsefe Dergisi olarak b\u00fct\u00fcn bu \u00e7abalar\u0131m\u0131z, hem ya\u015fad\u0131\u011f\u0131m\u0131z kentte, hem \u00fclkede g\u00f6r\u00fcn\u00fcr oldu, takip edildi, takdir edildi. Tarsus&#8217;u felsefenin kenti yapma \u00e7abalar\u0131m\u0131z\u0131n g\u00f6r\u00fcn\u00fcrl\u00fc\u011f\u00fcn\u00fcn artmas\u0131n\u0131n sonucu olarak yerel y\u00f6netimler duyars\u0131z kalmad\u0131 ve birlikte ad\u0131mlar att\u0131k.<\/em><\/p>\n\n\n\n<p><em>Aratos dergisi olarak Tarsus Belediyesi&#8217;yle ortakla\u015fa 2021-2022 ve 2023&#8217;te Tarsus Felsefe Festivali yapt\u0131k. Bu y\u0131l 4. Tarsus Felsefe Festivali&#8217;ni ger\u00e7ekle\u015ftirece\u011fiz. Yine 2022&#8217;de T\u00fcrkiye Felsefe Kurumu, Aratos Felsefe Dergisi ve Tarsus Belediyesi olarak &#8220;Anadolu&#8217;da Felseye Yolculuk&#8221; ba\u015fl\u0131kl\u0131 felsefe etkinli\u011fini yapt\u0131k.&nbsp;<\/em><\/p>\n\n\n\n<p><em>2024&#8217;te Mersin B\u00fcy\u00fck\u015fehir Belediyesi&#8217;yle birlikte &#8216;1. Aratos Felsefe Sempozyumu&#8217;nu hayata ge\u00e7irdik. Devam\u0131 2025 y\u0131l\u0131nda yap\u0131lacakt\u0131r&#8221;<\/em><em>&nbsp;<\/em>diye konu\u015ftu.<\/p>\n","protected":false},"excerpt":{"rendered":"<p>T\u00fcrkiye&#8217;nin en uzun s\u00fcreli dergileri aras\u0131na giren Aratos Felsefe dergisi 20. y\u0131l\u0131nda. Tarsus&#8217;ta yay\u0131nlanan Aratos tarih, felsefe, k\u00fclt\u00fcr ve sanat dergisinin 126. say\u0131s\u0131 \u00e7\u0131kt\u0131. Dergi ad\u0131n\u0131 Antik \u00c7a\u011f&#8217;da ya\u015fam\u0131\u015f \u015fair, matematik\u00e7i ve g\u00f6kbilimci (astronom) Tarsuslu filozof&nbsp;Aratos&#8217;tan al\u0131yor. Aratos dergisi, 126. say\u0131n\u0131 yak\u0131n zamanda ya\u015fam\u0131n\u0131 yitiren T\u00fcrkiye&#8217;nin \u00f6nde gelen felsefecilerinden Prof. Dr. Af\u015far Timu\u00e7in&#8217;a ay\u0131rd\u0131. Aratos [&hellip;]<\/p>\n","protected":false},"author":2,"featured_media":37720,"comment_status":"closed","ping_status":"closed","sticky":false,"template":"","format":"standard","meta":{"footnotes":""},"categories":[3],"tags":[],"class_list":["post-37719","post","type-post","status-publish","format-standard","has-post-thumbnail","hentry","category-manset"],"views":10,"_links":{"self":[{"href":"https:\/\/mersinkadingazetesi.com\/index.php?rest_route=\/wp\/v2\/posts\/37719"}],"collection":[{"href":"https:\/\/mersinkadingazetesi.com\/index.php?rest_route=\/wp\/v2\/posts"}],"about":[{"href":"https:\/\/mersinkadingazetesi.com\/index.php?rest_route=\/wp\/v2\/types\/post"}],"author":[{"embeddable":true,"href":"https:\/\/mersinkadingazetesi.com\/index.php?rest_route=\/wp\/v2\/users\/2"}],"replies":[{"embeddable":true,"href":"https:\/\/mersinkadingazetesi.com\/index.php?rest_route=%2Fwp%2Fv2%2Fcomments&post=37719"}],"version-history":[{"count":1,"href":"https:\/\/mersinkadingazetesi.com\/index.php?rest_route=\/wp\/v2\/posts\/37719\/revisions"}],"predecessor-version":[{"id":37721,"href":"https:\/\/mersinkadingazetesi.com\/index.php?rest_route=\/wp\/v2\/posts\/37719\/revisions\/37721"}],"wp:featuredmedia":[{"embeddable":true,"href":"https:\/\/mersinkadingazetesi.com\/index.php?rest_route=\/wp\/v2\/media\/37720"}],"wp:attachment":[{"href":"https:\/\/mersinkadingazetesi.com\/index.php?rest_route=%2Fwp%2Fv2%2Fmedia&parent=37719"}],"wp:term":[{"taxonomy":"category","embeddable":true,"href":"https:\/\/mersinkadingazetesi.com\/index.php?rest_route=%2Fwp%2Fv2%2Fcategories&post=37719"},{"taxonomy":"post_tag","embeddable":true,"href":"https:\/\/mersinkadingazetesi.com\/index.php?rest_route=%2Fwp%2Fv2%2Ftags&post=37719"}],"curies":[{"name":"wp","href":"https:\/\/api.w.org\/{rel}","templated":true}]}}