{"id":37722,"date":"2024-12-10T11:36:44","date_gmt":"2024-12-10T08:36:44","guid":{"rendered":"https:\/\/mersinkadingazetesi.com\/?p=37722"},"modified":"2024-12-10T11:36:45","modified_gmt":"2024-12-10T08:36:45","slug":"fes-meknes-ekonomi-forumuna-katilan-cakir-uyardi-kuresel-yeni-bir-dalga-geliyor-hazir-olmayiz","status":"publish","type":"post","link":"https:\/\/mersinkadingazetesi.com\/?p=37722","title":{"rendered":"Fes-Meknes Ekonomi Forumu\u2019na kat\u0131lan \u00c7ak\u0131r uyard\u0131:\u00a0 \u201cK\u00fcresel yeni bir dalga geliyor haz\u0131r olmay\u0131z\u201d"},"content":{"rendered":"\n<p>Fas\u2019\u0131n Fes ve Meknes kentlerinde 5-7 Aral\u0131k g\u00fcnlerinde, Akdeniz\u2019e k\u0131y\u0131s\u0131 olan 250 kentle 300 Ticaret ve Sanayi Odas\u0131n\u0131n \u00fcye oldu\u011fu Akdeniz Ticaret ve Sanayi Odalar\u0131 Birli\u011fi\u2019nin (ASCAME) de payda\u015f oldu\u011fu Fes Meknes Ekonomi Forumu d\u00fczenlendi. Forumun konu\u015fmac\u0131lar\u0131 aras\u0131nda ASCAME Bilgi ve \u0130leti\u015fim (ICT) Komisyonu Ba\u015fkanl\u0131\u011f\u0131 g\u00f6revini y\u00fcr\u00fcten Mersin Ticaret ve Sanayi Odas\u0131 (MTSO) Y\u00f6netim Kurulu Ba\u015fkan\u0131 Hakan\u0131 Sefa \u00c7ak\u0131r da yer ald\u0131. \u2018B\u00fcy\u00fcyen Ekonomilerde Dijital D\u00f6n\u00fc\u015f\u00fcm\u2019 ba\u015fl\u0131kl\u0131 oturumun a\u00e7\u0131l\u0131\u015f konu\u015fmac\u0131s\u0131 olan \u00c7ak\u0131r, Akdeniz ve dijitalle\u015fme odakl\u0131 konu\u015fma ger\u00e7ekle\u015ftirdi. Etkinlik s\u00fcresince T\u00fcrkiye\u2019nin Fas B\u00fcy\u00fckel\u00e7ili\u011finden el\u00e7ilik Ticaret Ata\u015fesi Ahmet \u0130nan\u00e7 Uysal da Mersin heyetini yaln\u0131z b\u0131rakmad\u0131.&nbsp;<br>Fes-Meknes Ekonomi Forumu boyunca Ba\u015fkan \u00c7ak\u0131r hem ASCAME ICT Komisyonunu hem de Mersin Ticaret ve Sanayi Odas\u0131n\u0131 temsilen; Fes-Meknes Ticaret ve Sanayi Odas\u0131 Ba\u015fkan\u0131 Hamza Benabdallah, Fransa-Normandiya Tar\u0131m Odalar\u0131 Ba\u015fkan\u0131 Sebastien Windsor, Tunus Ticaret ve Sanayi Odas\u0131 Ba\u015fkan\u0131 Moncef Ben jemaa, Fas Odalar Birli\u011fi Genel Koordinat\u00f6r\u00fc Mohammed Querdedine, Fas Dijital Kalk\u0131nma Ajans\u0131 Ba\u015fkan\u0131 Mehdi El Alaqui, Senegal Ula\u015ft\u0131rma ve Alt Yap\u0131 bakanl\u0131k temsilcileri, Akdeniz \u00fclkelerinden gelen akademisyenler ve says\u0131z \u00f6zel sekt\u00f6r ve sivil toplum kurulu\u015fu temsilcisiyle birebir temas etme ve Mersin\u2019in forum konular\u0131yla ilgili deneyim payla\u015f\u0131mlar\u0131n\u0131 ve Mersin ekonomisini anlatma imkan\u0131 buldu.&nbsp;<br>Organizasyon s\u00fcrecinde \u00c7ak\u0131r\u2019a Fes-Meknes b\u00f6lgesi medyas\u0131 da yo\u011fun ilgi g\u00f6sterdi. Yap\u0131lan r\u00f6portajlarda b\u00f6ylesi organizasyonlar\u0131n Akdeniz \u00fclkelerini birbirine yak\u0131nla\u015ft\u0131rmas\u0131na sa\u011flad\u0131\u011f\u0131 katk\u0131lara dikkat \u00e7eken \u00c7ak\u0131r, Akdeniz co\u011frafyas\u0131nda ya\u015fanan sorunlar\u0131n \u00e7\u00f6z\u00fcm\u00fc i\u00e7in b\u00f6lgenin birlikte planlanmas\u0131n\u0131n \u00f6nemini vurgulad\u0131.&nbsp;<\/p>\n\n\n\n<p><strong>\u201cAkdeniz\u2019i b\u00fct\u00fcnsel \u015fekilde, birlikte planlamal\u0131y\u0131z\u201d<\/strong><br>\u00c7ak\u0131r, iki g\u00fcnl\u00fck program\u0131n ilk g\u00fcn ger\u00e7ekle\u015fen \u201cB\u00fcy\u00fcyen Ekonomilerde Dijital D\u00f6n\u00fc\u015f\u00fcm\u201d ba\u015fl\u0131kl\u0131 oturumun a\u00e7\u0131l\u0131\u015f konu\u015fmac\u0131s\u0131 oldu. Akdeniz\u2019in dijital ekonomilerde ve y\u00fcksek teknolojide Kuzey Amerika, Kuzey Avrupa ve baz\u0131 Asya \u00fclkelerinin gerisinde kald\u0131\u011f\u0131n\u0131 ifade eden \u00c7ak\u0131r, bir\u00e7ok konu yan\u0131nda dijitalle\u015fmede de Akdeniz\u2019in birlikte b\u00fct\u00fcnsel olarak planlanmas\u0131 gerekti\u011fini s\u00f6yledi. Bu konuda Akdeniz kentlerinin daha \u00e7ok i\u015fbirli\u011fi sergilemesinin \u00f6nemine i\u015faret eden \u00c7ak\u0131r, ASCAME\u2019yi daha etkin kullanarak Akdeniz kentlerinin \u00fcniversitelerinin, teknoparklar\u0131n\u0131n, Ar-Ge Enstit\u00fclerinin ve Yenilik Merkezlerinin bilgi ve deneyim payla\u015f\u0131m\u0131 yapmas\u0131 gerekti\u011fini vurgulad\u0131. Oturumda \u00c7ak\u0131r\u2019a, ASCAME\u2019yi temsilen ASCAME Kurumsal \u0130li\u015fkiler ve Projeler Koordinat\u00f6r\u00fc Luis Miranda e\u015flik ederek ASCAME\u2019nin ilgili projeleri hakk\u0131nda bilgiler payla\u015ft\u0131.&nbsp;<\/p>\n\n\n\n<p><strong>\u00c7ak\u0131r: \u201c K\u00fcresel iklim de\u011fi\u015fimi en \u00e7ok tar\u0131m sekt\u00f6r\u00fcne yans\u0131yacak\u201d<\/strong><br>Forumun ikinci g\u00fcn konusu \u201cTar\u0131m Sanayindeki Firmalar\u0131n Performans\u0131 ile Tar\u0131m ve G\u0131da Sekt\u00f6r\u00fcndeki Yenilik\u00e7ilikler\u201d oldu. 23 ASCAME \u00fcyesi d\u0131\u015f\u0131nda, Avrupa, Afrika ve Orta Do\u011fu\u2019dan bir\u00e7ok bakanl\u0131k, ticaret ve sanayi odas\u0131, i\u015f d\u00fcnyas\u0131 \u00f6rg\u00fctleri, finans ve fon kurulu\u015flar\u0131n\u0131n yan\u0131 s\u0131ra, \u00f6zel sekt\u00f6r temsilcilerinin ve akademi d\u00fcnyas\u0131n\u0131n kat\u0131ld\u0131\u011f\u0131 oturumda k\u00fcresel iklim de\u011fi\u015fiminin etkileri ve k\u00fcresel g\u00f6\u00e7 konu\u015fuldu. Oturumun soru-cevap-katk\u0131 b\u00f6l\u00fcm\u00fcnde s\u00f6z alan MTSO ve ASCAME ICT Komisyonu Ba\u015fkan\u0131 \u00c7ak\u0131r, k\u00fcresel iklim de\u011fi\u015fiminin en \u00e7ok Akdeniz havzas\u0131n\u0131 etkileyece\u011fini ve bu durumun da en \u00e7ok tar\u0131m sekt\u00f6r\u00fcne olumsuz yans\u0131yaca\u011f\u0131n\u0131 vurgulad\u0131.&nbsp;<\/p>\n\n\n\n<p><strong>\u00c7ak\u0131r: \u201cTar\u0131m, g\u0131da ve su gelece\u011fin petrol\u00fc olacak\u201d<\/strong><br>K\u00fcresek iklim de\u011fi\u015fiminin k\u0131sa s\u00fcrede olumsuz etkilerini ya\u015fayacaklar\u0131n\u0131 ve hemen hemen benzer ekonomilere sahip olan Akdeniz \u00fclkelerinin rakip konuma gelerek birbirlerine zarar verdiklerini belirten \u00c7ak\u0131r, rakip olmak yerine bir\u00e7ok alanda ortak hareket edilmesi gerekti\u011fini vurgulad\u0131. Tar\u0131m, su ve g\u0131dan\u0131n gelece\u011fin petrol\u00fc oldu\u011funa i\u015faret eden \u00c7ak\u0131r; y\u00fcksek teknoloji, dijital \u00e7\u00f6z\u00fcmler ve yapay zekan\u0131n daha \u00e7ok kullan\u0131larak, tar\u0131m ba\u015fta olmak \u00fczere t\u00fcm sekt\u00f6rleri dijital d\u00fcnyaya entegre ederek hem verimlili\u011fi hem de do\u011fay\u0131 koruman\u0131n \u00f6nemine de\u011findi. Ba\u015fkan \u00c7ak\u0131r i\u015fin insan sermayesi k\u0131sm\u0131n\u0131n da ihmal edilmemesi gerekti\u011fini, Akdeniz havzas\u0131nda ortak bir yeni nesil mesleki e\u011fitimin ve gelece\u011fin i\u015flerinin planlanmas\u0131 gere\u011fini, bu konuda hem ASCAME hem de Mersin Ticaret ve Sanayi Odas\u0131 olarak i\u015fbirliklerine haz\u0131r olduklar\u0131n\u0131 ifade etti.<\/p>\n\n\n\n<p><strong>Fes-Meknes B\u00f6lgesi medyas\u0131ndan Ba\u015fkan \u00c7ak\u0131r\u2019a ilgi<\/strong><br>\u00c7ak\u0131r\u2019a b\u00f6lge medyas\u0131ndan da r\u00f6portaj talepleri oldu. Yap\u0131lan r\u00f6portajlarda b\u00f6lgesel ekonomik forumlar\u0131n \u00f6neminde dikkat \u00e7eken \u00c7ak\u0131r, bu organizasyonlar\u0131n Akdeniz \u00fclkelerinin ve kentlerinin birbirini daha yak\u0131ndan tan\u0131mas\u0131na ve bir ba\u011f kurmas\u0131na yol a\u00e7t\u0131\u011f\u0131n\u0131 vurgulad\u0131. R\u00f6portajlarda hem Mersin ve Mersin ekonomisi hem de MTSO\u2019nun ASCAME\u2019de ald\u0131\u011f\u0131 g\u00f6revler hakk\u0131nda bilgi veren \u00c7ak\u0131r, forumun konusu olan dijitalle\u015fme ve tar\u0131m sanayisindeki d\u00f6n\u00fc\u015f\u00fcm\u00fcn \u00f6nemine de\u011finerek konunun iklim de\u011fi\u015fimi, k\u00fcresel g\u00f6\u00e7 ve siyasi istikrars\u0131zl\u0131klar temelinde bir tehdit haline geldi\u011fini s\u00f6yledi. \u00c7\u00f6z\u00fcm\u00fcn daha s\u0131k\u0131 i\u015fbirli\u011fi ve Akdeniz\u2019i birlikte planlamak oldu\u011funun alt\u0131n\u0131 \u00e7izdi.<\/p>\n\n\n\n<p><strong>\u00c7ak\u0131r: \u201cMersin, uluslararas\u0131 a\u011flarla daha bilinen bir d\u00fcnya kenti olma yolunda\u201d&nbsp;<\/strong><br>Fes-Meknes Forumu sonras\u0131 yapt\u0131\u011f\u0131 de\u011ferlendirmede Ba\u015fkan \u00c7ak\u0131r \u015funlar\u0131 s\u00f6yledi:&nbsp;<br>\u201cMersin, d\u00fcnya sahnesinde daha \u00e7ok kendini g\u00f6stermek zorundad\u0131r. Bir d\u00fcnya kenti olma iddiam\u0131z\u0131 k\u00fcresel platformlara ta\u015f\u0131mal\u0131y\u0131z, uluslararas\u0131 olu\u015fum ve etkinliklerde daha fazla yer almal\u0131y\u0131z. Mersin Ticaret ve Sanayi Odas\u0131 olarak bu stratejimize uygun olarak sadece uluslararas\u0131 olu\u015fum ve etkinliklerde kentimizi etkin temsil etmekle yetinmiyoruz. Yak\u0131n zamanda ASCAME ba\u015fta olmak \u00fczere, par\u00e7as\u0131 oldu\u011fumuz bir\u00e7ok uluslararas\u0131 a\u011fla Mersin\u2019de farkl\u0131 konularda yat\u0131r\u0131m, bilgilendirme ve B2B bulu\u015fmalar\u0131 yapaca\u011f\u0131z. Mersin art\u0131k k\u00fcresel etkinliklerin daha s\u0131k yap\u0131ld\u0131\u011f\u0131 bir yer olacak. Fes-Meknes Ekonomi Forumuna Fes-Meknes Ticaret ve Sanayi Odas\u0131 Ba\u015fkan\u0131 olan ve ayn\u0131 zamanda ASCAME\u2019de de Tar\u0131m Komisyon Ba\u015fkanl\u0131\u011f\u0131n\u0131 y\u00fcr\u00fcten dostumuz Hamza Benabdallah\u2019\u0131n konu\u011fu olarak kat\u0131ld\u0131k. Fes ve Meknes kentlerinde yap\u0131lan iki ayr\u0131 oturumda bir \u00e7ok kamu, \u00f6zel sekt\u00f6r, akademisyen ve sivil toplum yetkilisiyle bir araya gelme, Akdeniz \u00fclkelerinde neler oluyor bunlar\u0131 daha yak\u0131ndan g\u00f6rme ve Mersin olarak kendimizi anlatma imkan\u0131 bulduk. Bunlar daha sonra yapmay\u0131 planlad\u0131\u011f\u0131m\u0131z \u00f6zel sekt\u00f6r bulu\u015fmalar\u0131 i\u00e7in hayati g\u00f6r\u00fc\u015fmeler oldu. Hem Mersin\u2019i lay\u0131k\u0131yla temsil ettik hem kentimizi her alanda anlatt\u0131k hem de \u00fcyelerimiz i\u00e7in gelece\u011fe y\u00f6nelik yeni ba\u011flar kurduk. Bu anlamda nazik daveti i\u00e7in Fes-Meknes Oda Ba\u015fkan\u0131 Benabdallah\u2019a, bize bu k\u00f6pr\u00fc olma f\u0131rsat\u0131n\u0131 veren ASCAME\u2019ye, bizi orda yaln\u0131z b\u0131rakmayan T\u00fcrkiye Cumhuriyeti Rabat B\u00fcy\u00fckel\u00e7ili\u011fimize te\u015fekk\u00fcr ediyoruz. Mersin sloganda de\u011fil, ger\u00e7ek anlamda bir d\u00fcnya kenti olacakt\u0131r. 139\u2019uncu ya\u015f\u0131m\u0131za girerken bu heyecan ve sorumlulukla \u00e7al\u0131\u015fmaya devam edece\u011fiz.\u201d<\/p>\n","protected":false},"excerpt":{"rendered":"<p>Fas\u2019\u0131n Fes ve Meknes kentlerinde 5-7 Aral\u0131k g\u00fcnlerinde, Akdeniz\u2019e k\u0131y\u0131s\u0131 olan 250 kentle 300 Ticaret ve Sanayi Odas\u0131n\u0131n \u00fcye oldu\u011fu Akdeniz Ticaret ve Sanayi Odalar\u0131 Birli\u011fi\u2019nin (ASCAME) de payda\u015f oldu\u011fu Fes Meknes Ekonomi Forumu d\u00fczenlendi. Forumun konu\u015fmac\u0131lar\u0131 aras\u0131nda ASCAME Bilgi ve \u0130leti\u015fim (ICT) Komisyonu Ba\u015fkanl\u0131\u011f\u0131 g\u00f6revini y\u00fcr\u00fcten Mersin Ticaret ve Sanayi Odas\u0131 (MTSO) Y\u00f6netim Kurulu [&hellip;]<\/p>\n","protected":false},"author":2,"featured_media":37723,"comment_status":"closed","ping_status":"closed","sticky":false,"template":"","format":"standard","meta":{"footnotes":""},"categories":[7,8,34,1,2,3],"tags":[],"class_list":["post-37722","post","type-post","status-publish","format-standard","has-post-thumbnail","hentry","category-dunya","category-ekonomi","category-flas-haber","category-genel","category-gundem","category-manset"],"views":8,"_links":{"self":[{"href":"https:\/\/mersinkadingazetesi.com\/index.php?rest_route=\/wp\/v2\/posts\/37722"}],"collection":[{"href":"https:\/\/mersinkadingazetesi.com\/index.php?rest_route=\/wp\/v2\/posts"}],"about":[{"href":"https:\/\/mersinkadingazetesi.com\/index.php?rest_route=\/wp\/v2\/types\/post"}],"author":[{"embeddable":true,"href":"https:\/\/mersinkadingazetesi.com\/index.php?rest_route=\/wp\/v2\/users\/2"}],"replies":[{"embeddable":true,"href":"https:\/\/mersinkadingazetesi.com\/index.php?rest_route=%2Fwp%2Fv2%2Fcomments&post=37722"}],"version-history":[{"count":1,"href":"https:\/\/mersinkadingazetesi.com\/index.php?rest_route=\/wp\/v2\/posts\/37722\/revisions"}],"predecessor-version":[{"id":37724,"href":"https:\/\/mersinkadingazetesi.com\/index.php?rest_route=\/wp\/v2\/posts\/37722\/revisions\/37724"}],"wp:featuredmedia":[{"embeddable":true,"href":"https:\/\/mersinkadingazetesi.com\/index.php?rest_route=\/wp\/v2\/media\/37723"}],"wp:attachment":[{"href":"https:\/\/mersinkadingazetesi.com\/index.php?rest_route=%2Fwp%2Fv2%2Fmedia&parent=37722"}],"wp:term":[{"taxonomy":"category","embeddable":true,"href":"https:\/\/mersinkadingazetesi.com\/index.php?rest_route=%2Fwp%2Fv2%2Fcategories&post=37722"},{"taxonomy":"post_tag","embeddable":true,"href":"https:\/\/mersinkadingazetesi.com\/index.php?rest_route=%2Fwp%2Fv2%2Ftags&post=37722"}],"curies":[{"name":"wp","href":"https:\/\/api.w.org\/{rel}","templated":true}]}}