{"id":37725,"date":"2024-12-10T12:35:12","date_gmt":"2024-12-10T09:35:12","guid":{"rendered":"https:\/\/mersinkadingazetesi.com\/?p=37725"},"modified":"2024-12-10T12:35:13","modified_gmt":"2024-12-10T09:35:13","slug":"etso-oren-yerlerinde-agaclar-icin-kapsamli-temizlik-calismalari-baslatti","status":"publish","type":"post","link":"https:\/\/mersinkadingazetesi.com\/?p=37725","title":{"rendered":"ETSO, \u00d6REN YERLER\u0130NDE A\u011eA\u00c7LAR \u0130\u00c7\u0130N KAPSAMLI TEM\u0130ZL\u0130K \u00c7ALI\u015eMALARI BA\u015eLATTI"},"content":{"rendered":"\n<p><strong><em>Erdemli Ticaret ve Sanayi Odas\u0131, il\u00e7e s\u0131n\u0131rlar\u0131 i\u00e7erisinde bulunan \u00f6ren yerlerinde k\u00f6kleri nedeniyle ta\u015flar\u0131 yerinden oynatarak d\u00fc\u015f\u00fcren ve k\u00fclt\u00fcrel miraslar\u0131 g\u00f6lgesinde b\u0131rakan a\u011fa\u00e7lar i\u00e7in kapsaml\u0131 temizlik \u00e7al\u0131\u015fmas\u0131 ba\u015flatt\u0131. ETSO \u00f6nc\u00fcl\u00fc\u011f\u00fcnde, ilgili bakanl\u0131klar, kamu kurumlar\u0131, \u00fcniversite, il ve il\u00e7e belediyeleri ile sivil toplum kurulu\u015flar\u0131 destekleriyle ba\u015flanan temizlik \u00e7al\u0131\u015fmalar\u0131, Aya\u015f Mahallesi&#8217;nde bulunan Elaiussa<\/em><\/strong><strong><em>&nbsp;<\/em><\/strong><strong><em>Sebaste Antik Kenti ile K\u0131zkalesi Mahallesi&#8217;nde bulunan UNESCO D\u00fcnya Miras\u0131 Ge\u00e7ici Listesinde yer alan Korykos Antik Kenti&#8217;nde aral\u0131ks\u0131z s\u00fcr\u00fcyor. \u00c7al\u0131\u015fmalar\u0131 yerinde inceleyen Erdemli Ticaret ve Sanayi Odas\u0131 Y\u00f6netim Kurulu Ba\u015fkan\u0131 Mustafa Karag\u00f6z, &#8220;E\u015fsiz tarihe sahip Erdemlimizdeki \u00f6ren yerlerimizde, tarihe duyarl\u0131 \u015fekilde \u00f6zel y\u00f6ntemle bitki temizli\u011fi \u00e7al\u0131\u015fmas\u0131 yap\u0131lacak. \u015eu anda Elaiussa<\/em><\/strong><strong><em>&nbsp;<\/em><\/strong><strong><em>Sebaste Antik Kenti ile Korykos Antik Kenti&#8217;nde \u00e7al\u0131\u015fmalar\u0131m\u0131za h\u0131zl\u0131 bir \u015fekilde ba\u015flad\u0131k. Turizm sezonuna kadar t\u00fcm tarihi yerlerimizin temizleme \u00e7al\u0131\u015fmalar\u0131n\u0131 tamamlayarak, sakl\u0131 hazinelerimizi g\u00fcn y\u00fcz\u00fcne \u00e7\u0131karaca\u011f\u0131z. Kadim il\u00e7emiz Erdemli&#8217;nin tarihini gelece\u011fe k\u00fclt\u00fcrel miras olarak ta\u015f\u0131yaca\u011f\u0131z.&#8221; dedi.<\/em><\/strong><\/p>\n\n\n\n<p>Erdemli Ticaret ve Sanayi Odas\u0131 (ETSO) Y\u00f6netim Kurulu Ba\u015fkan\u0131 Mustafa Karag\u00f6z, il\u00e7e s\u0131n\u0131rlar\u0131 i\u00e7erisinde bulunan \u00f6ren yerlerinde k\u00f6kleri nedeniyle ta\u015flar\u0131 yerinden oynatarak d\u00fc\u015f\u00fcren ve k\u00fclt\u00fcrel miraslar\u0131 g\u00f6lgesinde b\u0131rakan a\u011fa\u00e7lar i\u00e7in ba\u015flat\u0131lan kapsaml\u0131 temizlik \u00e7al\u0131\u015fmalar\u0131n\u0131 yerinde inceledi. \u0130l\u00e7enin tarihi ge\u00e7mi\u015fi, \u00e7ok say\u0131da tarihi eserin yan\u0131 s\u0131ra, e\u015fsiz denizi ve do\u011fal g\u00fczellikleriyle g\u00f6zde turizm merkezleri aras\u0131nda yer ald\u0131\u011f\u0131n\u0131 s\u00f6yledi.<\/p>\n\n\n\n<p>Erdemli s\u0131n\u0131rlar\u0131 i\u00e7erisinde \u00fclkenin \u00f6nemli tarihi yap\u0131lar\u0131n\u0131n yer ald\u0131\u011f\u0131n\u0131n alt\u0131n\u0131 vurgulayarak \u00e7izen ETSO Ba\u015fkan\u0131 Karag\u00f6z, buralarda yeti\u015fen a\u011fa\u00e7lar\u0131n tarihi yap\u0131lar\u0131n g\u00f6r\u00fcnt\u00fcs\u00fcn\u00fc kapatt\u0131\u011f\u0131n\u0131 dile getirdi. Ba\u015fkan Karag\u00f6z, her ge\u00e7en y\u0131l a\u011fa\u00e7lar\u0131n daha da g\u00fcrle\u015fti\u011fini, tarihi varl\u0131klar\u0131 kapatt\u0131\u011f\u0131n\u0131, muhtelif yerlerde \u00e7\u00f6kmelerin yan\u0131 s\u0131ra ta\u015flar\u0131n yerinden ayr\u0131larak a\u015fa\u011f\u0131 d\u00fc\u015ft\u00fc\u011f\u00fcn\u00fc g\u00f6rd\u00fcklerini aktard\u0131.<\/p>\n\n\n\n<p><strong>&#8220;ERDEML\u0130&#8217;N\u0130N TAR\u0130H\u0130N\u0130 GELECE\u011eE K\u00dcLT\u00dcREL M\u0130RAS OLARAK TA\u015eIYACA\u011eIZ&#8221;<\/strong><\/p>\n\n\n\n<p>Bu nedenle Mersin M\u00fcze M\u00fcd\u00fcrl\u00fc\u011f\u00fc denetiminde Erdemli&#8217;de bulunan tarihi yap\u0131larda kapsaml\u0131 temizlik \u00e7al\u0131\u015fmas\u0131na ba\u015fland\u0131\u011f\u0131na i\u015faret eden Karag\u00f6z, \u015fu bilgileri verdi:<\/p>\n\n\n\n<p>&#8220;Erdemli Ticaret ve Sanayi Odam\u0131z \u00f6nc\u00fcl\u00fc\u011f\u00fcnde, K\u00fclt\u00fcr ve Turizm Bakanl\u0131\u011f\u0131, Mersin Valili\u011fi, Mersin K\u00fclt\u00fcr ve Turizm M\u00fcd\u00fcrl\u00fc\u011f\u00fc ve Erdemli Kaymakaml\u0131\u011f\u0131, Mersin B\u00fcy\u00fck\u015fehir Belediyesi ve Erdemli Belediyesi, Mersin \u00dcniversitesi, Milletvekillerimiz ile sivil toplum kurulu\u015flar\u0131m\u0131z\u0131n destekleriyle, M\u00fcze M\u00fcd\u00fcrl\u00fc\u011f\u00fc denetiminde, Aya\u015f Mahallemizde bulunan Elaiussa<strong>&nbsp;<\/strong>Sebaste Antik Kenti ile K\u0131zkalesi Mahallemizde bulunan UNESCO D\u00fcnya Miras\u0131 Ge\u00e7ici Listesinde yer alan Korykos Antik Kenti&#8217;mizde e\u015f zamanl\u0131 olarak kapsaml\u0131 temizlik \u00e7al\u0131\u015fmalar\u0131m\u0131za ba\u015flad\u0131k. E\u015fsiz tarihe sahip Erdemlimizdeki \u00f6ren yerlerimizde, tarihe duyarl\u0131 \u015fekilde \u00f6zel y\u00f6ntemle bitki temizli\u011fi \u00e7al\u0131\u015fmas\u0131 yap\u0131lacak. Turizm sezonuna kadar t\u00fcm tarihi yerlerimizin temizleme \u00e7al\u0131\u015fmalar\u0131n\u0131 tamamlayarak, sakl\u0131 hazinelerimizi g\u00fcn y\u00fcz\u00fcne \u00e7\u0131karaca\u011f\u0131z. Kadim il\u00e7emiz Erdemli&#8217;nin tarihini gelece\u011fe k\u00fclt\u00fcrel miras olarak ta\u015f\u0131yaca\u011f\u0131z.&#8221;<\/p>\n\n\n\n<p><strong>BA\u015eKAN&#8217;DAN TE\u015eEKK\u00dcR<\/strong><\/p>\n\n\n\n<p>Erdemli&#8217;nin k\u00fclt\u00fcrel miraslar\u0131n\u0131n daha g\u00fczel bir g\u00f6r\u00fcn\u00fcme kavu\u015fmas\u0131 i\u00e7in temizlik \u00e7al\u0131\u015fmalar\u0131na destek veren kamu kurum ve kurulu\u015f temsilcilerine te\u015fekk\u00fcr eden ETSO Y\u00f6netim Kurulu Ba\u015fkan\u0131 Mustafa Karag\u00f6z, \u015funlar\u0131 s\u00f6yledi.<\/p>\n\n\n\n<p>&#8220;Oda olarak kentin t\u00fcm dinamikleriyle, kamu kurum, kurulu\u015flar\u0131yla birlikte uyum i\u00e7erisinde \u00e7al\u0131\u015f\u0131yoruz. ETSO olarak \u00f6nc\u00fcl\u00fck etti\u011fimiz k\u00fclt\u00fcrel miraslar\u0131m\u0131z\u0131n temizlenmesi projesinde; K\u00fclt\u00fcr ve Turizm Bakan\u0131m\u0131z Mehmet Nuri Ersoy&#8217;a, Mersin Valimiz Ali Hamza Pehlivan&#8217;a, Mersin K\u00fclt\u00fcr ve Turizm M\u00fcd\u00fcr\u00fcm\u00fcz Hakan Do\u011fanay&#8217;a, Mersin B\u00fcy\u00fck\u015fehir Belediye Ba\u015fkan\u0131m\u0131z Vahap Se\u00e7er&#8217;e, Erdemli Kaymakam\u0131m\u0131z Ayd\u0131n Tetiko\u011flu&#8217;na, Erdemli Belediye Ba\u015fkan\u0131m\u0131z Mustafa Kara&#8217;ya, Mersin \u00dcniversitesi Rekt\u00f6r\u00fcm\u00fcz Erol Ya\u015far&#8217;a, Mersin Milletvekillerimiz ile sivil toplum kurulu\u015flar\u0131m\u0131za ve Mersin&#8217;imizin a\u011fabeyi Eski Hazine ve Maliye Bakan\u0131m\u0131z L\u00fctfi Elvan&#8217;a, eme\u011fi ge\u00e7en herkese desteklerinden \u00f6t\u00fcr\u00fc te\u015fekk\u00fcr ederiz.&#8221;&nbsp;<\/p>\n\n\n\n<p>Erdemli Ticaret ve Sanayi Odas\u0131 Y\u00f6netim Kurulu Ba\u015fkan Yard\u0131mc\u0131s\u0131 Servet Demir de, tarih kokan Erdemli&#8217;nin \u00f6ren yerlerinde yap\u0131lan temizleme \u00e7al\u0131\u015fmalar\u0131yla, k\u00fclt\u00fcrel miraslar\u0131n daha da g\u00fcn y\u00fcz\u00fcne \u00e7\u0131kaca\u011f\u0131n\u0131 belirterek, yap\u0131lan \u00e7al\u0131\u015fmalar i\u00e7in Ba\u015fkan Karag\u00f6z ve kamu kurum ve kurulu\u015f temsilcilerine te\u015fekk\u00fcr etti.<\/p>\n","protected":false},"excerpt":{"rendered":"<p>Erdemli Ticaret ve Sanayi Odas\u0131, il\u00e7e s\u0131n\u0131rlar\u0131 i\u00e7erisinde bulunan \u00f6ren yerlerinde k\u00f6kleri nedeniyle ta\u015flar\u0131 yerinden oynatarak d\u00fc\u015f\u00fcren ve k\u00fclt\u00fcrel miraslar\u0131 g\u00f6lgesinde b\u0131rakan a\u011fa\u00e7lar i\u00e7in kapsaml\u0131 temizlik \u00e7al\u0131\u015fmas\u0131 ba\u015flatt\u0131. ETSO \u00f6nc\u00fcl\u00fc\u011f\u00fcnde, ilgili bakanl\u0131klar, kamu kurumlar\u0131, \u00fcniversite, il ve il\u00e7e belediyeleri ile sivil toplum kurulu\u015flar\u0131 destekleriyle ba\u015flanan temizlik \u00e7al\u0131\u015fmalar\u0131, Aya\u015f Mahallesi&#8217;nde bulunan Elaiussa&nbsp;Sebaste Antik Kenti ile K\u0131zkalesi [&hellip;]<\/p>\n","protected":false},"author":2,"featured_media":37726,"comment_status":"closed","ping_status":"closed","sticky":false,"template":"","format":"standard","meta":{"footnotes":""},"categories":[3],"tags":[],"class_list":["post-37725","post","type-post","status-publish","format-standard","has-post-thumbnail","hentry","category-manset"],"views":3,"_links":{"self":[{"href":"https:\/\/mersinkadingazetesi.com\/index.php?rest_route=\/wp\/v2\/posts\/37725"}],"collection":[{"href":"https:\/\/mersinkadingazetesi.com\/index.php?rest_route=\/wp\/v2\/posts"}],"about":[{"href":"https:\/\/mersinkadingazetesi.com\/index.php?rest_route=\/wp\/v2\/types\/post"}],"author":[{"embeddable":true,"href":"https:\/\/mersinkadingazetesi.com\/index.php?rest_route=\/wp\/v2\/users\/2"}],"replies":[{"embeddable":true,"href":"https:\/\/mersinkadingazetesi.com\/index.php?rest_route=%2Fwp%2Fv2%2Fcomments&post=37725"}],"version-history":[{"count":1,"href":"https:\/\/mersinkadingazetesi.com\/index.php?rest_route=\/wp\/v2\/posts\/37725\/revisions"}],"predecessor-version":[{"id":37727,"href":"https:\/\/mersinkadingazetesi.com\/index.php?rest_route=\/wp\/v2\/posts\/37725\/revisions\/37727"}],"wp:featuredmedia":[{"embeddable":true,"href":"https:\/\/mersinkadingazetesi.com\/index.php?rest_route=\/wp\/v2\/media\/37726"}],"wp:attachment":[{"href":"https:\/\/mersinkadingazetesi.com\/index.php?rest_route=%2Fwp%2Fv2%2Fmedia&parent=37725"}],"wp:term":[{"taxonomy":"category","embeddable":true,"href":"https:\/\/mersinkadingazetesi.com\/index.php?rest_route=%2Fwp%2Fv2%2Fcategories&post=37725"},{"taxonomy":"post_tag","embeddable":true,"href":"https:\/\/mersinkadingazetesi.com\/index.php?rest_route=%2Fwp%2Fv2%2Ftags&post=37725"}],"curies":[{"name":"wp","href":"https:\/\/api.w.org\/{rel}","templated":true}]}}