{"id":37738,"date":"2024-12-11T11:32:13","date_gmt":"2024-12-11T08:32:13","guid":{"rendered":"https:\/\/mersinkadingazetesi.com\/?p=37738"},"modified":"2024-12-11T11:32:14","modified_gmt":"2024-12-11T08:32:14","slug":"baskan-secer-2025-yilinda-tarima-ayirdigimiz-butce-215-milyon-tl","status":"publish","type":"post","link":"https:\/\/mersinkadingazetesi.com\/?p=37738","title":{"rendered":"BA\u015eKAN SE\u00c7ER: &#8220;2025 YILINDA TARIMA AYIRDI\u011eIMIZ B\u00dcT\u00c7E 215 M\u0130LYON TL&#8221;"},"content":{"rendered":"\n<p>Mersin B\u00fcy\u00fck\u015fehir Belediyesi; tar\u0131msal destek projelerine bir yenisini daha ekledi. Mersin B\u00fcy\u00fck\u015fehir Belediyesi Tar\u0131msal Hizmetler Dairesi Ba\u015fkanl\u0131\u011f\u0131 taraf\u0131ndan hayata ge\u00e7irilen&nbsp;<strong><em>&#8216;Sulama Tankeri Deste\u011fi Projesi&#8217;<\/em><\/strong>&nbsp;ile k\u0131rsal alanlarda tar\u0131msal faaliyetlerin desteklenmesi, yeti\u015ftiricilerin ya\u015fam standartlar\u0131n\u0131n y\u00fckseltilmesi ve kurakl\u0131k gibi do\u011fal afetlerin etkilerinin azalt\u0131lmas\u0131 ama\u00e7lan\u0131yor.<\/p>\n\n\n\n<p><strong>B\u00fcy\u00fck\u015fehir&#8217;den y\u00fczde 50 hibeli Sulama Tankeri Deste\u011fi<\/strong><\/p>\n\n\n\n<p>Mersin B\u00fcy\u00fck\u015fehir Belediye Ba\u015fkan\u0131 Vahap Se\u00e7er&#8217;in de kat\u0131l\u0131m\u0131yla Silifke \u0130l\u00e7esi Atayurt Hali&#8217;nde d\u00fczenlenen&nbsp;<strong><em>&#8216;Sulama Tankeri Da\u011f\u0131t\u0131m T\u00f6reni&#8217;<\/em><\/strong>nde da\u011f\u0131t\u0131mlar\u0131 yap\u0131lan tankerlerle; konar-g\u00f6\u00e7er Y\u00f6r\u00fcklerin sulama ihtiya\u00e7lar\u0131n\u0131 daha etkin ve verimli bir \u015fekilde kar\u015f\u0131lamak, suyu daha tasarruflu kullanmalar\u0131n\u0131 sa\u011flamak ve hayvan yeti\u015ftiricili\u011fini desteklemek hedefleniyor. Mersin B\u00fcy\u00fck\u015fehir Belediyesi, destek kapsam\u0131nda toplam 130 yeti\u015ftiriciye y\u00fczde 50 katk\u0131 pay\u0131 ile 3 ton su kapasitesine sahip sulama tankerlerini teslim etti.<\/p>\n\n\n\n<p><strong>Ba\u015fkan Se\u00e7er: &#8220;2025 y\u0131l\u0131nda tar\u0131ma ay\u0131rd\u0131\u011f\u0131m\u0131z b\u00fct\u00e7e 215 milyon TL&#8221;<\/strong><\/p>\n\n\n\n<p>Da\u011f\u0131t\u0131m\u0131 yap\u0131lan su tankerleri \u00fcretici i\u00e7in son derece \u00f6nemli bir ekipman oldu\u011funu belirten ve tar\u0131m\u0131 \u00f6nemsediklerinin alt\u0131n\u0131 \u00e7izenSe\u00e7er, B\u00fcy\u00fck\u015fehir Belediyesi olarak bu alana ay\u0131rd\u0131klar\u0131 b\u00fct\u00e7eleri payla\u015farak,&nbsp;<strong>&#8220;2024 y\u0131l\u0131 i\u00e7erisinde tar\u0131ma 119 milyon TL destek b\u00fct\u00e7esi ay\u0131rm\u0131\u015ft\u0131k, 2025 y\u0131l\u0131 i\u00e7in y\u00fczde 80 art\u0131\u015fla bunu 215 milyon TL&#8217;ye \u00e7\u0131kard\u0131k. \u0130nsana dair t\u00fcm sosyal politikalarda; devletin yan\u0131nda olaca\u011f\u0131, sosyal belediyecilik ve sosyal devlet anlay\u0131\u015f\u0131n\u0131n oldu\u011fu; t\u00fcm projelere ay\u0131rd\u0131\u011f\u0131m\u0131z pay 2024 y\u0131l\u0131 i\u00e7erisinde yakla\u015f\u0131k olarak 830 milyon lirayd\u0131. 2025 y\u0131l\u0131nda bunu da y\u00fczde 75 art\u0131rd\u0131k ve 1 milyar 494 milyon TL&#8217;ye \u00e7\u0131kard\u0131k&#8221;<\/strong>&nbsp;diye konu\u015ftu.<\/p>\n\n\n\n<p><strong>Se\u00e7er, Cumhurba\u015fkan\u0131&#8217;na seslendi: &#8220;Bize \u00fcvey evlat muamelesi yapmas\u0131n&#8221;<\/strong><\/p>\n\n\n\n<p>Cumhurba\u015fkan\u0131 Recep Tayyip Erdo\u011fan&#8217;\u0131n ge\u00e7ti\u011fimiz g\u00fcnlerde yapt\u0131\u011f\u0131 konu\u015fmas\u0131nda CHP&#8217;li belediyelere y\u00f6nelik olarak kurdu\u011fu c\u00fcmleleri ele\u015ftiren Se\u00e7er&nbsp;<strong>&#8220;Say\u0131n Cumhurba\u015fkan\u0131 bize y\u00f6nelik s\u00f6zler s\u00f6ylerken&nbsp;<em>&#8216;\u00dcvey evlat&#8217;<\/em>&nbsp;muamelesi yap\u0131yor. Cumhurba\u015fkan\u0131, herkesin Cumhurba\u015fkan\u0131 t\u00fcm kurumlar\u0131n ba\u015f\u0131ysa, partisi ne olursa olsun belediyeler de devletin bir kurumudur. Ben belediye ba\u015fkan\u0131 olarak herkesin belediye ba\u015fkan\u0131ysam Say\u0131n Cumhurba\u015fkan\u0131&#8217;n\u0131n da belediye ba\u015fkan\u0131y\u0131m. Bize \u00fcvey evlat muamelesi olmas\u0131n. Hani bizi SGK&#8217;ya \u015fikayet edip;&nbsp;<em>&#8216;\u015eunlar\u0131 bir sallay\u0131n, bir sars\u0131n, bir kendine getirin&#8217;<\/em>&nbsp;s\u00f6ylemini \u00fcz\u00fcnt\u00fcyle kar\u015f\u0131lad\u0131m. Bizim sars\u0131lmaya, kendimize gelmeye ihtiyac\u0131m\u0131z yok. Biz kendimizdeyiz, ayaklar\u0131m\u0131z da yere bas\u0131yor.&#8221;<\/strong><\/p>\n\n\n\n<p><strong>&#8220;En b\u00fcy\u00fck hakem halk&#8221;<\/strong><\/p>\n\n\n\n<p>Belediye b\u00fct\u00e7esinden harcanan her kuru\u015fun de\u011ferinin bilindi\u011fini ve Mersin halk\u0131na bu bilin\u00e7 ile hizmetler sunuldu\u011funu aktaran Se\u00e7er,<strong>&nbsp;&#8220;Biz her kuru\u015fu, de\u011ferini bilerek harc\u0131yoruz. T\u00fcy\u00fc bitmemi\u015f yetimin hakk\u0131n\u0131n bize teslim edildi\u011finin fark\u0131nday\u0131z. Onun i\u00e7in Mersin halk\u0131n\u0131n b\u00fcy\u00fck bir \u00e7o\u011funlu\u011funun tevecc\u00fch\u00fc ile g\u00f6reve devam ediyoruz. En b\u00fcy\u00fck hakem, halkt\u0131r. Bir siyaset\u00e7inin yan\u0131ndaki en b\u00fcy\u00fck g\u00fc\u00e7 halk\u0131d\u0131r. Biz g\u00fc\u00e7l\u00fcy\u00fcz, yan\u0131m\u0131zda halk\u0131m\u0131z var. Hakemimiz de halk. Hakem de karar\u0131n\u0131 verdi. Mersin&#8217;de herkes halinden memnun. Belediyecilik hizmetleri a\u00e7\u0131s\u0131ndan herkes \u00e7al\u0131\u015fan bir belediye ve \u00e7al\u0131\u015fan bir belediye ba\u015fkan\u0131 oldu\u011funu g\u00f6r\u00fcyor. Halk\u0131ma g\u00fcveniyorum&#8221;<\/strong>&nbsp;ifadelerini kulland\u0131.<\/p>\n\n\n\n<p><strong>&#8220;Belediye Ba\u015fkanl\u0131\u011f\u0131; halk\u0131n g\u00f6nl\u00fcne girmek, onun sevgisini ve g\u00fcvenini kazanmakt\u0131r&#8221;<\/strong><\/p>\n\n\n\n<p>B\u00fcy\u00fck\u015fehir Belediyesi&#8217;nin vatanda\u015flara sundu\u011fu hizmetlerin, onlar\u0131n \u00f6dedi\u011fi vergilerden gelen para ile hayata ge\u00e7irildi\u011fini aktaran ve bunu bulundu\u011fu her ortamda s\u00f6ylemeye devam edece\u011fini s\u00f6yleyen Se\u00e7er,&nbsp;<strong>&#8220;Belediyecilik, Belediye Ba\u015fkanl\u0131\u011f\u0131; halk\u0131n g\u00f6nl\u00fcne girmek, onun sevgisini ve g\u00fcvenini kazanmak, kendini iyi hissetmesini sa\u011flamakt\u0131r. Siyasilerin hizmet yapt\u0131\u011f\u0131 zaman sanki himmet yap\u0131yor anlay\u0131\u015f\u0131n\u0131 vatanda\u015flara anlatmak i\u00e7in bunu her yerde s\u00f6ylememiz laz\u0131m; bu para vatanda\u015f\u0131n paras\u0131. \u00d6dedi\u011finiz vergilerden bizlere gelen kaynaklar. Bizim g\u00f6revimiz bu kaynaklar\u0131 en iyi \u015fekilde sizlerin lehine tekrar harcamak, hizmete d\u00f6n\u00fc\u015ft\u00fcrmektir&#8221;<\/strong>&nbsp;dedi.<\/p>\n\n\n\n<p>Muhtar, il\u00e7e belediye ba\u015fkan\u0131 ve b\u00fcy\u00fck\u015fehir belediye ba\u015fkan\u0131n\u0131n uyum i\u00e7erisinde \u00e7al\u0131\u015fmas\u0131n\u0131n \u00f6nemine vurgu yapan Se\u00e7er, uyum i\u00e7erisinde ve i\u015f birli\u011fi halinde yapt\u0131klar\u0131 \u00e7al\u0131\u015fmalar\u0131 13 il\u00e7ede de ayn\u0131 anlay\u0131\u015fla s\u00fcrd\u00fcreceklerini s\u00f6yledi.<\/p>\n\n\n\n<p><strong>&#8220;CHP&#8217;li belediyeler bir m\u00fcddet \u00f6nce \u015fik\u00e2yet etti\u011fi konular\u0131 kendileri yapmaz&#8221;<\/strong><\/p>\n\n\n\n<p>CHP&#8217;li belediyelerin her zaman adaletsizliklerden dem vurdu\u011funu ve iktidar\u0131 bu y\u00f6nde ele\u015ftirdi\u011fini hat\u0131rlatan Se\u00e7er,&nbsp;<strong>&#8220;Biz hep siyasi, mezhepsel, b\u00f6lgesel, etnik ayr\u0131mc\u0131l\u0131ktan \u015fik\u00e2yet ettik, bunlardan dem vurduk. \u0130ktidar\u0131 bu y\u00f6nleri ile ele\u015ftirdik. 2024 se\u00e7imleri sonras\u0131 414 belediye CHP&#8217;li belediye ba\u015fkanlar\u0131 taraf\u0131ndan y\u00f6netiliyor. CHP&#8217;li belediyeler bir m\u00fcddet \u00f6nce \u015fik\u00e2yet etti\u011fi konular\u0131 kendileri yapmaz, adaletli olup insanlar\u0131 ay\u0131rmazlarsa, aradaki duvarlar\u0131 y\u0131karlar&#8221;<\/strong>&nbsp;ifadelerini kulland\u0131.<\/p>\n\n\n\n<p><strong>&#8220;Bizi birlik beraberlik kalk\u0131nd\u0131r\u0131r. Ayr\u0131\u015ft\u0131\u011f\u0131m\u0131z zaman zay\u0131flar\u0131z&#8221;<\/strong><\/p>\n\n\n\n<p>Vatanda\u015flar\u0131n yerel y\u00f6netimleri se\u00e7erken particili\u011fi bir kenara b\u0131rak\u0131p hizmet edene oy vermesi gerekti\u011finin alt\u0131n\u0131 \u00e7izen Se\u00e7er, CHP&#8217;li belediye ba\u015fkanlar\u0131n\u0131n parti kimlikleri ile gurur duymakla birlikte vatanda\u015flar aras\u0131nda asla ayr\u0131mc\u0131l\u0131k yapmayaca\u011f\u0131n\u0131 s\u00f6yledi. Se\u00e7er,<strong>&nbsp;&#8220;Hizmet edene, \u00fclkesini sevene, kentinin derdine derman olana biz de destek olal\u0131m. O zaman iktidarda olanlar kendini de\u011fi\u015fmez zannetmez. Bu anlay\u0131\u015f\u0131 bu \u00fclkeye yerle\u015ftirece\u011fiz. Particili\u011fi ortadan kald\u0131raca\u011f\u0131z. Mutluluk ve huzur i\u00e7erisinde olal\u0131m. Bizi birlik, beraberlik kalk\u0131nd\u0131r\u0131r. Ayr\u0131\u015ft\u0131\u011f\u0131m\u0131z zaman zay\u0131flar\u0131z&#8221;&nbsp;<\/strong>dedi.<\/p>\n\n\n\n<p><strong>Turgut: &#8220;\u00dcretim anlam\u0131nda akl\u0131n\u0131za ne geliyorsa B\u00fcy\u00fck\u015fehir Belediyemiz hepsine dokunuyor&#8221;<\/strong><\/p>\n\n\n\n<p>Silifke Belediye Ba\u015fkan\u0131 Mustafa Turgut yap\u0131t\u011f\u0131 konu\u015fmada verilen hizmetlerin \u00fcreticiler i\u00e7in \u00e7ok \u00f6nemli oldu\u011funu ifade etti. Turgut,&nbsp;<strong>&#8220;Se\u00e7im kampanyam\u0131zda 2019&#8217;dan beri Mersin B\u00fcy\u00fck\u015fehir Belediyesi&#8217;nin yapt\u0131\u011f\u0131, vatanda\u015fa \u00f6zellikle \u00fcreticiye dokunan hizmetlerini b\u00fcy\u00fck bir gururla anlatt\u0131k. Sadece tar\u0131m de\u011fil \u00fcretim anlam\u0131nda akl\u0131n\u0131za ne geliyorsa B\u00fcy\u00fck\u015fehir Belediyemiz hepsine dokunuyor&#8221;<\/strong>&nbsp;diyerek Mersin B\u00fcy\u00fck\u015fehir Belediyesi ile uyumlu bir \u015fekilde \u00e7al\u0131\u015fmalar\u0131 s\u00fcrd\u00fcreceklerini kaydetti.<\/p>\n\n\n\n<p><strong>K\u0131l\u0131\u00e7arpa: &#8220;Vahap Ba\u015fkan\u0131n yapt\u0131\u011f\u0131 projeleri k\u00fc\u00e7\u00fclt, il\u00e7ene uygula ve ba\u015far\u0131 ol&#8221;<\/strong><\/p>\n\n\n\n<p>Ayd\u0131nc\u0131k Belediye Ba\u015fkan\u0131 \u00d6zkan K\u0131l\u0131\u00e7arpa, Ba\u015fkan Se\u00e7er&#8217;i \u00f6rnek alan il\u00e7e belediyelerinde ba\u015far\u0131n\u0131n kolay oldu\u011funu belirterek,&nbsp;<strong>&#8220;Vahap Ba\u015fkan\u0131m\u0131z\u0131n sadece tar\u0131msal ekipman deste\u011fi de\u011fil, hayvanc\u0131l\u0131k, fide, fidan ve g\u00fcbre destekleri \u00fcreticilerimiz i\u00e7in \u00e7ok k\u0131ymetli. Her anlamda ve her alanda herkese destek oluyor. \u0130l\u00e7e Belediye Ba\u015fkanlar\u0131 olarak \u00fczerimize d\u00fc\u015fen \u00e7ok zor bir g\u00f6rev yok, \u00f6n\u00fcm\u00fczde \u00f6rnek var; Vahap Ba\u015fkan\u0131n yapt\u0131\u011f\u0131 projeleri k\u00fc\u00e7\u00fclt, il\u00e7ene uygula ve ba\u015far\u0131 ol. Vahap Ba\u015fkan\u0131m\u0131z\u0131n \u00f6zellikle sosyal belediyecilik alan\u0131nda yads\u0131namaz bir ba\u015far\u0131s\u0131 var ve bu ba\u015far\u0131 T\u00fcrkiye genelinde konu\u015fuluyor.&#8221;<\/strong>&nbsp;\u0130fadelerine yer verdi.<\/p>\n\n\n\n<p>T\u00f6rende ayr\u0131ca;Mersin \u0130li Dam\u0131zl\u0131k Koyun Ke\u00e7i Yeti\u015ftiricileri Birli\u011fi Ba\u015fkan\u0131 Mehmet Akdo\u011fan, Silifke Ziraat Odas\u0131 Y\u00f6netim Kurulu Ba\u015fkan\u0131 Kemal Gezer, Silifke Ticaret ve Sanayi Odas\u0131 Y\u00f6netim Kurulu Ba\u015fkan\u0131 Nurettin Kaynar ve Sulama Tankeri Deste\u011fi Projesi&#8217;nden faydalanan yeti\u015ftiricilerden Cennet S\u00fcsl\u00fc de birer konu\u015fma yapt\u0131.<\/p>\n\n\n\n<p>Konu\u015fmalar\u0131n ard\u0131ndan Ba\u015fkan Se\u00e7er ve protokol \u00fcyeleri taraf\u0131ndan yeti\u015ftiricilere sulama tankerleri teslim edildi.<\/p>\n","protected":false},"excerpt":{"rendered":"<p>Mersin B\u00fcy\u00fck\u015fehir Belediyesi; tar\u0131msal destek projelerine bir yenisini daha ekledi. Mersin B\u00fcy\u00fck\u015fehir Belediyesi Tar\u0131msal Hizmetler Dairesi Ba\u015fkanl\u0131\u011f\u0131 taraf\u0131ndan hayata ge\u00e7irilen&nbsp;&#8216;Sulama Tankeri Deste\u011fi Projesi&#8217;&nbsp;ile k\u0131rsal alanlarda tar\u0131msal faaliyetlerin desteklenmesi, yeti\u015ftiricilerin ya\u015fam standartlar\u0131n\u0131n y\u00fckseltilmesi ve kurakl\u0131k gibi do\u011fal afetlerin etkilerinin azalt\u0131lmas\u0131 ama\u00e7lan\u0131yor. B\u00fcy\u00fck\u015fehir&#8217;den y\u00fczde 50 hibeli Sulama Tankeri Deste\u011fi Mersin B\u00fcy\u00fck\u015fehir Belediye Ba\u015fkan\u0131 Vahap Se\u00e7er&#8217;in de kat\u0131l\u0131m\u0131yla [&hellip;]<\/p>\n","protected":false},"author":2,"featured_media":37739,"comment_status":"closed","ping_status":"closed","sticky":false,"template":"","format":"standard","meta":{"footnotes":""},"categories":[8,34,3,5],"tags":[],"class_list":["post-37738","post","type-post","status-publish","format-standard","has-post-thumbnail","hentry","category-ekonomi","category-flas-haber","category-manset","category-mersin"],"views":13,"_links":{"self":[{"href":"https:\/\/mersinkadingazetesi.com\/index.php?rest_route=\/wp\/v2\/posts\/37738"}],"collection":[{"href":"https:\/\/mersinkadingazetesi.com\/index.php?rest_route=\/wp\/v2\/posts"}],"about":[{"href":"https:\/\/mersinkadingazetesi.com\/index.php?rest_route=\/wp\/v2\/types\/post"}],"author":[{"embeddable":true,"href":"https:\/\/mersinkadingazetesi.com\/index.php?rest_route=\/wp\/v2\/users\/2"}],"replies":[{"embeddable":true,"href":"https:\/\/mersinkadingazetesi.com\/index.php?rest_route=%2Fwp%2Fv2%2Fcomments&post=37738"}],"version-history":[{"count":1,"href":"https:\/\/mersinkadingazetesi.com\/index.php?rest_route=\/wp\/v2\/posts\/37738\/revisions"}],"predecessor-version":[{"id":37740,"href":"https:\/\/mersinkadingazetesi.com\/index.php?rest_route=\/wp\/v2\/posts\/37738\/revisions\/37740"}],"wp:featuredmedia":[{"embeddable":true,"href":"https:\/\/mersinkadingazetesi.com\/index.php?rest_route=\/wp\/v2\/media\/37739"}],"wp:attachment":[{"href":"https:\/\/mersinkadingazetesi.com\/index.php?rest_route=%2Fwp%2Fv2%2Fmedia&parent=37738"}],"wp:term":[{"taxonomy":"category","embeddable":true,"href":"https:\/\/mersinkadingazetesi.com\/index.php?rest_route=%2Fwp%2Fv2%2Fcategories&post=37738"},{"taxonomy":"post_tag","embeddable":true,"href":"https:\/\/mersinkadingazetesi.com\/index.php?rest_route=%2Fwp%2Fv2%2Ftags&post=37738"}],"curies":[{"name":"wp","href":"https:\/\/api.w.org\/{rel}","templated":true}]}}