{"id":37741,"date":"2024-12-11T11:33:20","date_gmt":"2024-12-11T08:33:20","guid":{"rendered":"https:\/\/mersinkadingazetesi.com\/?p=37741"},"modified":"2024-12-11T11:33:20","modified_gmt":"2024-12-11T08:33:20","slug":"baskan-secer-chpye-sahip-cikmak-ulkeye-sahip-cikmaktir","status":"publish","type":"post","link":"https:\/\/mersinkadingazetesi.com\/?p=37741","title":{"rendered":"BA\u015eKAN SE\u00c7ER: &#8220;CHP&#8217;YE SAH\u0130P \u00c7IKMAK, \u00dcLKEYE SAH\u0130P \u00c7IKMAKTIR&#8221;"},"content":{"rendered":"\n<p>Mersin B\u00fcy\u00fck\u015fehir Belediye Ba\u015fkan\u0131 Vahap Se\u00e7er, Cumhuriyet Halk Partisi (CHP) Silifke \u0130l\u00e7e Ba\u015fkanl\u0131\u011f\u0131&#8217;n\u0131 ziyaret etti. Ziyarette CHP Silifke \u0130l\u00e7e Ba\u015fkan\u0131 G\u00f6khan Arslan ve partililer ile bir araya gelen Ba\u015fkan Se\u00e7er, Arslan&#8217;a hay\u0131rl\u0131 olsun dileklerini iletti.<\/p>\n\n\n\n<p><strong>Ba\u015fkan Se\u00e7er: &#8220;Siyaset, vatanda\u015fa dokunmakt\u0131r&#8221;<\/strong><\/p>\n\n\n\n<p>CHP Silifke \u0130l\u00e7e \u00d6rg\u00fct\u00fc&#8217;nde partililere seslenen Ba\u015fkan Se\u00e7er, Silifke&#8217;nin her ge\u00e7en g\u00fcn daha iyi hizmet alaca\u011f\u0131n\u0131 belirterek,&nbsp;<strong>&#8220;Hem il\u00e7e belediyemizin hem B\u00fcy\u00fck\u015fehir Belediyemizin hizmetleriyle vatanda\u015fla her noktada bir araya gelme \u015fans\u0131m\u0131z olacak&#8221;<\/strong>&nbsp;dedi. Genel iktidar\u0131 kazanman\u0131n vatanda\u015fa ula\u015fmakla m\u00fcmk\u00fcn olaca\u011f\u0131n\u0131 kaydeden Se\u00e7er,&nbsp;<strong>&#8220;Siyaset; vatanda\u015fa gitmek, vatanda\u015fa dokunmakt\u0131r<\/strong>.<strong>&nbsp;Biz son 6 y\u0131ld\u0131r bunu asl\u0131nda parti olarak \u00e7ok daha net g\u00f6rmeye ba\u015flad\u0131k. Bunu iddia ile s\u00f6yleyebilirim ki; bu 6 y\u0131ll\u0131k s\u00fcre\u00e7te, bu \u015fekilde bir atmosfer, vatanda\u015fla i\u00e7 i\u00e7e olacak imk\u00e2nlar, iktidar yolunu a\u00e7acak \u015fartlar, yerel iktidar olman\u0131n verdi\u011fi g\u00fc\u00e7 CHP tarihinde hi\u00e7 bu kadar olmad\u0131&#8221;<\/strong>&nbsp;diye konu\u015ftu.<\/p>\n\n\n\n<p><strong>&#8220;Bizim do\u011fru yolumuz, gecemizi g\u00fcnd\u00fcz\u00fcm\u00fcze kat\u0131p \u00e7al\u0131\u015fmak&#8221;<\/strong><\/p>\n\n\n\n<p>Se\u00e7er, CHP&#8217;nin iktidar olmas\u0131n\u0131n \u00e7ok \u00e7al\u0131\u015fmaktan ge\u00e7ti\u011fini s\u00f6zlerine ekleyerek<strong>, &#8220;Bizim do\u011fru yolumuz, gecemizi g\u00fcnd\u00fcz\u00fcm\u00fcze kat\u0131p \u00e7al\u0131\u015fmak. Halka daha da fazla gitmemiz laz\u0131m. Partimize sahip \u00e7\u0131kal\u0131m. CHP&#8217;ye sahip \u00e7\u0131kmak \u00fclkeye sahip \u00e7\u0131kmakt\u0131r&#8221;<\/strong>&nbsp;ifadelerini kulland\u0131.<\/p>\n\n\n\n<p><strong>&#8220;Vahap Se\u00e7er belediyecili\u011fi yok, CHP belediyecili\u011fi var&#8221;<\/strong><\/p>\n\n\n\n<p>\u00dclkenin i\u00e7inde bulundu\u011fu ekonomik ve siyasi ko\u015fullar\u0131 vatanda\u015f\u0131n \u00e7ok iyi analiz etti\u011fini s\u00f6yleyen Se\u00e7er, se\u00e7imlerde de ona g\u00f6re davran\u0131ld\u0131\u011f\u0131n\u0131 belirterek,&nbsp;<strong>&#8220;Genel anlamda T\u00fcrkiye iyi y\u00f6netilmiyor. \u00c7ok b\u00fcy\u00fck kriz ya\u015fan\u0131yor. Sadece ekonomik kriz de\u011fil, sistem krizi ya\u015fan\u0131yor. Bu sistemle, bu \u00fclke y\u00f6netilmiyor. Devletin kurumlar\u0131 \u00e7al\u0131\u015fm\u0131yor, sistem \u00e7\u00f6km\u00fc\u015f, i\u015flemiyor. Bu iyi anlat\u0131l\u0131rsa vatanda\u015f belediyelerde ger\u00e7ekle\u015ftirdi\u011fi de\u011fi\u015fimi genel iktidar i\u00e7in de ger\u00e7ekle\u015ftirecektir&#8221;&nbsp;<\/strong>dedi.<\/p>\n\n\n\n<p>Kazan\u0131lan ba\u015far\u0131lar\u0131n ki\u015fisel ba\u015far\u0131 de\u011fil parti ba\u015far\u0131s\u0131 olarak g\u00f6r\u00fclmesi gerekti\u011fine vurgu yapan Se\u00e7er,&nbsp;<strong>&#8220;Vahap Se\u00e7er belediyecili\u011fi yok, CHP belediyecili\u011fi var. Partimize katk\u0131m\u0131z olsun, oyumuz arts\u0131n istiyorsak kendimizi y\u00fckselterek de\u011fil, partimizi y\u00fckselterek yapmal\u0131y\u0131z. Biz bir arac\u0131z, esas olan partimizdir. Uygulad\u0131\u011f\u0131m\u0131z CHP&#8217;nin halk\u00e7\u0131, toplumcu ve sosyal belediyecilik anlay\u0131\u015f\u0131d\u0131r&#8221;&nbsp;<\/strong>ifadelerini kulland\u0131.<\/p>\n\n\n\n<p><strong>&#8220;Yerel se\u00e7im sonu\u00e7lar\u0131 b\u00fct\u00fcn T\u00fcrkiye&#8217;yi etkiliyor&#8221;<\/strong><\/p>\n\n\n\n<p>Se\u00e7er, yerel se\u00e7imlerle Cumhurba\u015fkanl\u0131\u011f\u0131 se\u00e7imleri aras\u0131nda s\u00fcre\u00e7 fark\u0131 oldu\u011funu da s\u00f6zlerine ekleyerek,&nbsp;<strong>&#8220;Yerel se\u00e7imlerde bir\u00e7ok adayla se\u00e7imi g\u00f6t\u00fcr\u00fcyorsunuz. Her b\u00f6lgenin aday\u0131, kendi se\u00e7im b\u00f6lgelerinde \u00e7ok etkili, hatta \u00e7ok b\u00fcy\u00fck kar\u015f\u0131l\u0131klar\u0131 var. Yerel se\u00e7im sonu\u00e7lar\u0131 b\u00fct\u00fcn T\u00fcrkiye&#8217;yi etkiliyor, bir&nbsp;sinerji&nbsp;yarat\u0131yor ama Cumhurba\u015fkanl\u0131\u011f\u0131 se\u00e7iminde y\u00fck bir ki\u015fi \u00fczerine biniyor. \u0130\u015fte bunun i\u00e7in CHP belediyecili\u011fi konu\u015fulsun diyoruz&#8221;&nbsp;<\/strong>ifadelerine yer verdi.<\/p>\n\n\n\n<p><strong>&#8220;\u0130lk se\u00e7imlerde partimizin b\u00fcy\u00fck bir s\u0131\u00e7rama yapaca\u011f\u0131na inan\u0131yorum&#8221;<\/strong><\/p>\n\n\n\n<p>2024 se\u00e7imlerinde bir\u00e7ok vatanda\u015f\u0131n CHP&#8217;ye oy vermek istedi\u011fini fakat kal\u0131pla\u015fm\u0131\u015f yarg\u0131lar\u0131ndan dolay\u0131 oy vermedi\u011fini dile getiren Se\u00e7er,&nbsp;<strong>&#8220;Se\u00e7im sonu\u00e7lar\u0131m\u0131z\u0131n \u00fczerine y\u00fczde 10 daha oy ekleyebilirsiniz. Silifke y\u00fczde 59 gibi g\u00f6r\u00fcn\u00fcyor fakat y\u00fczde 69 oy ald\u0131 diyebiliriz \u00e7\u00fcnk\u00fc se\u00e7men bize oy vermek istese de tarihsel kal\u0131pla\u015fmalardan dolay\u0131 oy vermedi. Bize oy vermeyen vatanda\u015f da vicdan azab\u0131 ya\u015f\u0131yor \u00e7\u00fcnk\u00fc asl\u0131nda \u00e7al\u0131\u015fmalar\u0131m\u0131zdan memnunlar&#8221;<\/strong>&nbsp;diye konu\u015ftu.<\/p>\n\n\n\n<p>\u0130l\u00e7e belediyelerinin CHP&#8217;de olmas\u0131n\u0131 bir f\u0131rsat olarak g\u00f6rd\u00fc\u011f\u00fcn\u00fc ifade eden Se\u00e7er, 2014 y\u0131l\u0131ndan \u00f6nce yollar\u0131n \u0130l \u00d6zel \u0130dareleri taraf\u0131ndan yap\u0131ld\u0131\u011f\u0131n\u0131 ancak art\u0131k B\u00fcy\u00fck\u015fehir Belediyesi&#8217;nin ve \u0130l\u00e7e Belediyelerinin yapt\u0131\u011f\u0131n\u0131 hat\u0131rlatarak<strong>, &#8220;Art\u0131k yollar\u0131 belediyeler yap\u0131yor, bu \u015fans\u0131 iyi de\u011ferlendirmek laz\u0131m. Bug\u00fcne kadar g\u00fczel i\u015fler ba\u015fard\u0131k, daha iyi i\u015fler de ba\u015faraca\u011f\u0131z. Partimizde \u00e7ok donan\u0131ml\u0131, kabiliyetli siyasiler var. \u0130lk se\u00e7imlerde partimizin b\u00fcy\u00fck bir s\u0131\u00e7rama yapaca\u011f\u0131na inan\u0131yorum&#8221;<\/strong>&nbsp;dedi.<\/p>\n\n\n\n<p>CHP Silifke \u0130l\u00e7e Ba\u015fkan\u0131 G\u00f6khan Arslan ise konu\u015fmas\u0131nda,&nbsp;<strong>&#8220;Vahap Ba\u015fkan\u0131m\u0131z ve \u0130l Ba\u015fkan\u0131m\u0131z, hay\u0131rl\u0131 olsun ziyareti i\u00e7in buradalar. Sizler de bizlerin yan\u0131nda oldu\u011funuz i\u00e7in te\u015fekk\u00fcr ediyorum&#8221;&nbsp;<\/strong>dedi.<\/p>\n\n\n\n<p>Ziyarette ayr\u0131ca; CHP Mersin \u0130l Ba\u015fkan\u0131 Koral \u00d6m\u00fcr, Silifke Belediye Ba\u015fkan\u0131 Mustafa Turgut ve Ayd\u0131nc\u0131k Belediye Ba\u015fkan\u0131 \u00d6zkan K\u0131l\u0131\u00e7arpa da birer konu\u015fma yapt\u0131.<\/p>\n","protected":false},"excerpt":{"rendered":"<p>Mersin B\u00fcy\u00fck\u015fehir Belediye Ba\u015fkan\u0131 Vahap Se\u00e7er, Cumhuriyet Halk Partisi (CHP) Silifke \u0130l\u00e7e Ba\u015fkanl\u0131\u011f\u0131&#8217;n\u0131 ziyaret etti. Ziyarette CHP Silifke \u0130l\u00e7e Ba\u015fkan\u0131 G\u00f6khan Arslan ve partililer ile bir araya gelen Ba\u015fkan Se\u00e7er, Arslan&#8217;a hay\u0131rl\u0131 olsun dileklerini iletti. Ba\u015fkan Se\u00e7er: &#8220;Siyaset, vatanda\u015fa dokunmakt\u0131r&#8221; CHP Silifke \u0130l\u00e7e \u00d6rg\u00fct\u00fc&#8217;nde partililere seslenen Ba\u015fkan Se\u00e7er, Silifke&#8217;nin her ge\u00e7en g\u00fcn daha iyi hizmet [&hellip;]<\/p>\n","protected":false},"author":2,"featured_media":37742,"comment_status":"closed","ping_status":"closed","sticky":false,"template":"","format":"standard","meta":{"footnotes":""},"categories":[3,5],"tags":[],"class_list":["post-37741","post","type-post","status-publish","format-standard","has-post-thumbnail","hentry","category-manset","category-mersin"],"views":3,"_links":{"self":[{"href":"https:\/\/mersinkadingazetesi.com\/index.php?rest_route=\/wp\/v2\/posts\/37741"}],"collection":[{"href":"https:\/\/mersinkadingazetesi.com\/index.php?rest_route=\/wp\/v2\/posts"}],"about":[{"href":"https:\/\/mersinkadingazetesi.com\/index.php?rest_route=\/wp\/v2\/types\/post"}],"author":[{"embeddable":true,"href":"https:\/\/mersinkadingazetesi.com\/index.php?rest_route=\/wp\/v2\/users\/2"}],"replies":[{"embeddable":true,"href":"https:\/\/mersinkadingazetesi.com\/index.php?rest_route=%2Fwp%2Fv2%2Fcomments&post=37741"}],"version-history":[{"count":1,"href":"https:\/\/mersinkadingazetesi.com\/index.php?rest_route=\/wp\/v2\/posts\/37741\/revisions"}],"predecessor-version":[{"id":37743,"href":"https:\/\/mersinkadingazetesi.com\/index.php?rest_route=\/wp\/v2\/posts\/37741\/revisions\/37743"}],"wp:featuredmedia":[{"embeddable":true,"href":"https:\/\/mersinkadingazetesi.com\/index.php?rest_route=\/wp\/v2\/media\/37742"}],"wp:attachment":[{"href":"https:\/\/mersinkadingazetesi.com\/index.php?rest_route=%2Fwp%2Fv2%2Fmedia&parent=37741"}],"wp:term":[{"taxonomy":"category","embeddable":true,"href":"https:\/\/mersinkadingazetesi.com\/index.php?rest_route=%2Fwp%2Fv2%2Fcategories&post=37741"},{"taxonomy":"post_tag","embeddable":true,"href":"https:\/\/mersinkadingazetesi.com\/index.php?rest_route=%2Fwp%2Fv2%2Ftags&post=37741"}],"curies":[{"name":"wp","href":"https:\/\/api.w.org\/{rel}","templated":true}]}}