{"id":37754,"date":"2024-12-11T13:30:09","date_gmt":"2024-12-11T10:30:09","guid":{"rendered":"https:\/\/mersinkadingazetesi.com\/?p=37754"},"modified":"2024-12-11T13:37:41","modified_gmt":"2024-12-11T10:37:41","slug":"baskan-secer-6-uluslararasi-mersin-maratonu-basin-lansmanini-gerceklestirdi","status":"publish","type":"post","link":"https:\/\/mersinkadingazetesi.com\/?p=37754","title":{"rendered":"MERS\u0130N MARATONU \u00d6D\u00dcLLER\u0130NDE E\u015e\u0130TL\u0130K"},"content":{"rendered":"\n<p>Mersin B\u00fcy\u00fck\u015fehir Belediye Ba\u015fkan\u0131 Vahap Se\u00e7er, Mersin B\u00fcy\u00fck\u015fehir Belediyesi taraf\u0131ndan bu y\u0131l 6.&#8217;s\u0131 ger\u00e7ekle\u015ftirilecek olan<strong><em>&nbsp;&#8216;Uluslararas\u0131 Mersin Maratonu<\/em><\/strong>&#8216;nun Bas\u0131n Lansman\u0131&#8217;n\u0131 ger\u00e7ekle\u015ftirdi. Mersin B\u00fcy\u00fck\u015fehir Belediyesi Kongre ve Sergi Saray\u0131&#8217;nda ger\u00e7ekle\u015ftirilen Lansmana; 45-49 Ya\u015f D\u00fcnya Rekortmeni Kenya&#8217;l\u0131 sporcu Mark Kosgey Kiptoo ve Kenya&#8217;l\u0131 Maraton Sporcusu Truphena Chepchirchir de kat\u0131ld\u0131.<\/p>\n\n\n\n<p>D\u00fcnya Atletizm Birli\u011fi taraf\u0131ndan&nbsp;<strong><em>&#8216;Elite Label&#8217;<\/em><\/strong>&nbsp;kategorisine al\u0131nan&nbsp;<strong><em>&#8216;6. Uluslararas\u0131 Mersin Maratonu&#8217;<\/em><\/strong>; 42K, 10K ve Halk Ko\u015fusu ile 15 Aral\u0131k&#8217;ta yap\u0131lacak. Maraton heyecan\u0131 14 Aral\u0131k&#8217;ta saat 13.00 ile 18.00 aras\u0131nda \u00d6zgecan Aslan Bar\u0131\u015f Meydan\u0131&#8217;nda ger\u00e7ekle\u015ftirilecek olan fuar ile ba\u015flayacak. 15 Aral\u0131k saat 09.00&#8217;da verilecek ilk start ile sporcular Akdeniz&#8217;in mavi sular\u0131 e\u015fli\u011finde ko\u015facak. Maraton kapsam\u0131nda t\u00fcm kategorilerde toplamda 3 milyon 600 bin TL \u00f6d\u00fcl verilecek.<\/p>\n\n\n\n<p><strong>Ba\u015fkan Se\u00e7er: &#8220;Mersin&#8217;i her alanda rekorlar \u015fehri yapma gayreti i\u00e7erisindeyiz&#8221;<\/strong><\/p>\n\n\n\n<p>6. Uluslararas\u0131 Mersin Maratonu&#8217;na ili\u015fkin bilgiler vererek konu\u015fmas\u0131na ba\u015flayan Ba\u015fkan Se\u00e7er,&nbsp;<strong>&#8220;Bu y\u0131lki maratonumuzun mottosu;&nbsp;<em>&#8216;Rekorlar \u015eehrinde, Rekorlara Ko\u015fuyoruz&#8217;<\/em>. Bildi\u011finiz gibi Mersin&#8217;i her alanda rekorlar \u015fehri yapma gayreti i\u00e7erisindeyiz. Sadece spor bran\u015flar\u0131na de\u011fil, hayata ve kent ya\u015fam\u0131na dair ne varsa her alanda Mersin&#8217;i en y\u00fcksek noktalara getirmeye \u00e7al\u0131\u015f\u0131yoruz&#8221;<\/strong>&nbsp;ifadelerine yer verdi.<\/p>\n\n\n\n<p><strong>&#8220;T\u00fcrkiye tarihinde en h\u0131zl\u0131 ko\u015fulan parkur derecesinin elde edilmesini bekliyoruz&#8221;<\/strong><\/p>\n\n\n\n<p>Y\u00fcksek kat\u0131l\u0131m\u0131n ve \u00e7ok iyi derecelerin al\u0131nmas\u0131n\u0131 temenni eden Se\u00e7er,&nbsp;<strong>&#8220;Parkurumuz bu y\u0131l yap\u0131lan bir tak\u0131m de\u011fi\u015fikliklerle d\u00fcnyan\u0131n en g\u00fczel maraton parkurlar\u0131ndan birisi haline getirildi. \u015eehir i\u00e7erisine giri\u015fleri kald\u0131rd\u0131k, b\u00f6ylece parkurdaki yoku\u015flar olmayacak. Deniz seviyesinden ortalama y\u00fckseklik 4 metre oldu. Bu nedenle T\u00fcrkiye tarihinde ko\u015fulan en h\u0131zl\u0131 derecenin elde edilmesi olas\u0131l\u0131k dahilinde.&nbsp;<em>&#8216;Rekorlar \u015eehrinde Rekorlara Ko\u015fuyoruz&#8217;<\/em>&nbsp;mottosunu da bu beklentimizden yola \u00e7\u0131karak kullanm\u0131\u015f olduk&#8221;<\/strong>&nbsp;diye konu\u015ftu.<\/p>\n\n\n\n<p><strong>&#8220;T\u00fcrkiye&#8217;de de ko\u015fulan 3 maraton i\u00e7erisinde Mersin Maratonu birinci&#8221;<\/strong><\/p>\n\n\n\n<p>Ba\u015far\u0131l\u0131 bir organizasyon s\u00fcreci ge\u00e7irdiklerinin alt\u0131n\u0131 \u00e7izen Se\u00e7er, D\u00fcnya Atletizm Birli\u011fi taraf\u0131ndan Mersin Maratonu&#8217;nun&nbsp;<strong><em>&#8216;Elite Label&#8217;<\/em><\/strong>&nbsp;kategorisine al\u0131nd\u0131\u011f\u0131n\u0131 hat\u0131rlatt\u0131. Se\u00e7er,&nbsp;<strong>&#8220;2023 y\u0131l\u0131nda d\u00fcnyada ko\u015fulan 182 maraton aras\u0131nda Mersin Maratonu organizasyon ba\u015far\u0131s\u0131 olarak 46. s\u0131rada yer ald\u0131. Bunu \u00f6v\u00fcnerek s\u00f6ylememiz laz\u0131m. T\u00fcrkiye&#8217;de de ko\u015fulan 3 maraton i\u00e7erisinde organizasyon ba\u015far\u0131s\u0131 olarak birinci s\u0131rada Mersin Maratonu yer al\u0131yor. Bu Mersinimiz a\u00e7\u0131s\u0131ndan bir gurur tablosu. Mersin&#8217;imize yara\u015f\u0131r i\u015fler yapma gayreti i\u00e7erisinde oldu\u011fumuzu g\u00f6steren en \u00f6nemli g\u00f6stergelerden bir tanesi oldu\u011funu s\u00f6yleyebilirim&#8221;<\/strong>&nbsp;diye konu\u015ftu.<\/p>\n\n\n\n<p><strong>Binlerce sporcu Uluslararas\u0131 Mersin Maratonu&#8217;na kay\u0131t yapt\u0131rd\u0131<\/strong><\/p>\n\n\n\n<p>Maratonda 3 ayr\u0131 kategoride ko\u015fulaca\u011f\u0131n\u0131 kaydeden Se\u00e7er, 42K, 10K ve 3K Halk Ko\u015fusu&#8217;nun ger\u00e7ekle\u015ftirilece\u011fini kaydetti. T\u00fcm yar\u0131\u015flar\u0131n ba\u015flang\u0131\u00e7 noktas\u0131n\u0131n \u00d6zgecan Aslan Bar\u0131\u015f Meydan\u0131 olaca\u011f\u0131n\u0131 ifade eden Se\u00e7er, Halk Ko\u015fusu i\u00e7in kay\u0131tlar\u0131n 15 Aral\u0131k&#8217;a kadar devam etti\u011fini ve kay\u0131tlar\u0131n&nbsp;<strong><em>&#8216;mbbspor.org&#8217;<\/em><\/strong>&nbsp;\u00fczerinden yap\u0131labildi\u011fini belirterek&nbsp;<strong>&#8220;En y\u00fcksek seviyede kat\u0131l\u0131m bekliyoruz&#8221;<\/strong>&nbsp;dedi. T\u00fcrkiye&#8217;nin yan\u0131 s\u0131ra 26 \u00fclkeden 398 sporcunun 42K kategorisine ba\u015fvuru yapt\u0131\u011f\u0131n\u0131 s\u00f6yleyen Se\u00e7er, 10K i\u00e7in ise 1654 sporcunun ba\u015fvurdu\u011funu ve 87&#8217;sinin yabanc\u0131 sporcu oldu\u011funu belirtti.<\/p>\n\n\n\n<p>Vatanda\u015flar\u0131, Uluslararas\u0131 Mersin Maratonu&#8217;na kat\u0131lmaya davet eden Se\u00e7er,&nbsp;<strong>&#8220;Sporu ve hareketi seven, sporun karde\u015flik, bar\u0131\u015f, birlik ve beraberlik arac\u0131 oldu\u011funu d\u00fc\u015f\u00fcnen herkes orada olacak. Spor sadece ruhen ve bedenen geli\u015fimi sa\u011flam\u0131yor; sosyalli\u011fi, toplumsal bar\u0131\u015f\u0131 ve bir arada olma k\u00fclt\u00fcr\u00fcn\u00fc de geli\u015ftiriyor&#8221;&nbsp;<\/strong>dedi.<\/p>\n\n\n\n<p><strong>&#8220;Mersin&#8217;in bir spor kenti olmas\u0131 gayret i\u00e7erisindeyiz&#8221;<\/strong><\/p>\n\n\n\n<p>Mersin B\u00fcy\u00fck\u015fehir olarak bir\u00e7ok bran\u015fta ulusal, uluslararas\u0131 etkinlikler yapma gayesi i\u00e7erisinde olduklar\u0131n\u0131n alt\u0131n\u0131 \u00e7izen Se\u00e7er, bunlar\u0131n \u00f6n\u00fcm\u00fczdeki y\u0131llarda da \u00fczerine yeni etkinlikler koyularak devam edece\u011fini kaydetti. Se\u00e7er,<strong>&nbsp;&#8220;Biz Mersin&#8217;in bir spor kenti olmas\u0131 gayret i\u00e7erisindeyiz ve Mersin de buna \u00e7ok uygun bir kent. 2013 y\u0131l\u0131nda Akdeniz Oyunlar\u0131 burada ger\u00e7ekle\u015ftirildi ve o d\u00f6nemde ger\u00e7ekten her bran\u015fta \u00f6nemli yat\u0131r\u0131mlar oldu. Akdeniz Oyunlar\u0131 bir ara\u00e7t\u0131 ama yap\u0131lan tesisler bug\u00fcn Mersin&#8217;de faal bir \u015fekilde spora ve sporcuya hizmet veriyor. Bunlar \u00f6nemlidir&#8221;&nbsp;<\/strong>dedi. Mersin&#8217;in topografisinden iklimsel yap\u0131s\u0131na, b\u00f6lgenin sosyolojisine ve demografisine kadar spora \u00e7ok yatk\u0131n bir kent oldu\u011funu kaydeden Se\u00e7er,&nbsp;<strong>&#8220;Biz Mersin&#8217;de sporu ve sporcunun ba\u015far\u0131s\u0131n\u0131 mevcut durumdan \u00e7ok daha \u00fcst noktalara getirme \u015fans\u0131na sahibiz. Bu bir irade ortaya koymakla ger\u00e7ekle\u015fir. Bu da zaman ve b\u00fct\u00e7e ay\u0131rmak, kafa yormakla olur. Retorikte bunlar\u0131 s\u00f6yleriz ama \u00f6nemli olan uygulamada ad\u0131mlar atabilmek&#8221;&nbsp;<\/strong>diye belirterek, sadece yerel y\u00f6netimlerin de\u011fil, merkezi y\u00f6netimin de ba\u015fta makro anlamda spor konusunda projeler geli\u015ftirmesi gerekti\u011fini kaydetti.<\/p>\n\n\n\n<p><strong>Se\u00e7er&#8217;den&nbsp;<em>&#8216;Sporda<\/em>&nbsp;<em>F\u0131rsat E\u015fitli\u011fi&#8217;<\/em>&nbsp;vurgusu: &#8220;Biz sosyal devletsek bunlar\u0131 da g\u00f6zetmek zorunday\u0131z&#8221;<\/strong><\/p>\n\n\n\n<p>Mersin B\u00fcy\u00fck\u015fehir olarak her alanda oldu\u011fu gibi spor alan\u0131nda da&nbsp;<strong><em>&#8216;f\u0131rsat e\u015fitli\u011fi&#8217;<\/em><\/strong>ni \u00e7ok \u00f6nemli bulduklar\u0131n\u0131 kaydeden Se\u00e7er,&nbsp;<strong>&#8220;T\u00fcrkiye gibi geli\u015fmekte olan \u00fclkelerde ve \u00f6zellikle gelir da\u011f\u0131l\u0131m\u0131nda u\u00e7urumlar olan \u00fclkelerde bu son derece \u00f6nemlidir. K\u00f6ylerimizde kabiliyetli \u00e7ocuklar\u0131n sportif faaliyetler yapma imk\u00e2n\u0131 ile \u015fehir merkezinde ya\u015fayan \u00e7ocuklar\u0131n imk\u00e2n\u0131 birbirinden \u00e7ok farkl\u0131. Gelir seviyesi y\u00fcksek ailelere mensup \u00e7ocuklar\u0131n spora y\u00f6nelmesi ile k\u0131t kanaat ge\u00e7inen, evin ge\u00e7imini zor sa\u011flayan ailenin \u00e7ocuklar\u0131n\u0131n spora eri\u015fimi \u00e7ok farkl\u0131d\u0131r. Burada e\u015fitlikten s\u00f6z edilemez. Ama biz sosyal devletsek, sosyal belediyeysek bunlar\u0131 da g\u00f6zetmek zorunday\u0131z&#8221;&nbsp;<\/strong>ifadelerine yer verdi.<\/p>\n\n\n\n<p><strong>Mersin, Avrupa Bisiklet Rotalar\u0131 A\u011f\u0131 EuroVelo&#8217;ya kat\u0131l\u0131yor<\/strong><\/p>\n\n\n\n<p>Bisiklet sporunun geli\u015fmesi i\u00e7in yapt\u0131klar\u0131 \u00e7al\u0131\u015fmalar hakk\u0131nda da kat\u0131l\u0131mc\u0131lar\u0131 bilgilendiren Se\u00e7er, Mersin&#8217;i prestijli bir organizasyona dahil etmek i\u00e7in son 3 y\u0131ld\u0131r \u00e7al\u0131\u015ft\u0131klar\u0131n\u0131 ve bunun da sonuna geldiklerini kaydetti. Se\u00e7er,&nbsp;<strong>&#8220;Avrupa Bisiklet Federasyonu taraf\u0131ndan planlanm\u0131\u015f, 70 bin kilometre \u00fczerinde bir proje bu. Kentimizi, 45 bin kilometresi tamamlanm\u0131\u015f, 16 adet uzun yol bisiklet rotas\u0131 ta\u015f\u0131yan EuroVelo Avrupa Bisiklet Rotalar\u0131 A\u011f\u0131&#8217;na ald\u0131rmaya gayret ediyoruz. Bu rotaya ald\u0131rd\u0131\u011f\u0131m\u0131z takdirde d\u00fcnyan\u0131n her b\u00f6lgesinden bisiklet sporcular\u0131n\u0131n \u015fehrimizi de ziyaret etmesini sa\u011flam\u0131\u015f olaca\u011f\u0131z. Yunanistan&#8217;dan ba\u015flayan ve \u0130zmir Sel\u00e7uk&#8217;a kadar uzanan EuroVelo, 8 Akdeniz Rota A\u011f\u0131&#8217;na \u00fcyelik \u00e7al\u0131\u015fmalar\u0131n\u0131 da k\u0131sa s\u00fcre i\u00e7erisinde tamamlam\u0131\u015f olaca\u011f\u0131z&#8221;&nbsp;<\/strong>dedi. Se\u00e7er,&nbsp;<strong><em>&#8216;6. Uluslararas\u0131 Mersin Maratonu&#8217;<\/em><\/strong>nun kat\u0131l\u0131m\u0131 y\u00fcksek, g\u00fczel iklim ko\u015fullar\u0131nda ve rekorlar\u0131n \u00e7\u0131kaca\u011f\u0131 bir organizasyon olmas\u0131 dilekleri ile konu\u015fmas\u0131n\u0131 sonland\u0131ran Se\u00e7er, eme\u011fi ge\u00e7enlere te\u015fekk\u00fcrlerini iletti.<\/p>\n\n\n\n<p><strong>&#8220;Spor a\u00e7\u0131s\u0131ndan d\u00fcnya kenti olaca\u011f\u0131z&#8221;<\/strong><\/p>\n\n\n\n<p>Ba\u015fkan Se\u00e7er konu\u015fmas\u0131n\u0131n ard\u0131ndan bas\u0131n mensuplar\u0131n\u0131n sorular\u0131n\u0131 yan\u0131tlad\u0131. Bir bas\u0131n mensubunun Mersin&#8217;in spor \u015fehri h\u00fcviyetini art\u0131rmak ve temsil, tan\u0131t\u0131m ve diplomasi noktas\u0131nda olimpik bir \u015fehir olmas\u0131 ad\u0131na neler yap\u0131laca\u011f\u0131n\u0131 sormas\u0131 \u00fczerine Se\u00e7er, Mersin&#8217;in lokasyonu, sahip oldu\u011fu \u00f6zellikler ile buna b\u00fcy\u00fck bir imkan sa\u011flad\u0131\u011f\u0131n\u0131 s\u00f6yledi. Mersin&#8217;in her a\u00e7\u0131dan cazip bir kent oldu\u011funu belirten Se\u00e7er,&nbsp;<strong>&#8220;Gelecek g\u00fcnler bu g\u00fcnlerden \u00e7ok daha iyi olacak, bunu g\u00f6rebiliyoruz. Hem merkezi h\u00fck\u00fcmetin yat\u0131r\u0131mlar\u0131 hem de \u00f6zellikle ba\u015fta B\u00fcy\u00fck\u015fehir Belediyesi olmak \u00fczere belediyelerimizin \u00e7abalar\u0131, do\u011fru zamanda do\u011fru dokunu\u015flar ve do\u011fru \u00e7al\u0131\u015fmalar Mersin&#8217;imizi daha de\u011ferli hale getirecek. Spor a\u00e7\u0131s\u0131ndan d\u00fcnya kenti olaca\u011f\u0131z. Her bran\u015fta bir\u00e7ok aktiviteler olacak&#8221;<\/strong>&nbsp;diye konu\u015ftu.<\/p>\n\n\n\n<p>Se\u00e7er, Mersin&#8217;in hem erkek hem de kad\u0131n basketbol tak\u0131mlar\u0131n\u0131n ba\u015far\u0131l\u0131 i\u015flere imza att\u0131\u011f\u0131n\u0131 s\u00f6yleyerek, B\u00fcy\u00fck\u015fehir b\u00fcnyesindeki Mersin Spor Kul\u00fcb\u00fc&#8217;n\u00fcn ma\u00e7lar\u0131n\u0131n olduk\u00e7a kalabal\u0131k ge\u00e7ti\u011fini kaydetti. Se\u00e7er,&nbsp;<strong>&#8220;Servet Tazeg\u00fcl Spor Salonu&#8217;nda binlerce insan basketbol ma\u00e7\u0131 izliyor. Demek ki vatanda\u015f bu tip organizasyonlar\u0131 \u00f6zlemi\u015f. Salona bak\u0131yorum hep aile, \u00e7ocuk, kad\u0131n; muazzam bir tablo&#8221;<\/strong>&nbsp;dedi.<\/p>\n\n\n\n<p><strong>Kiptoo: &#8220;Burada oldu\u011fum i\u00e7in kendimi ayr\u0131cal\u0131kl\u0131 hissediyorum&#8221;<\/strong><\/p>\n\n\n\n<p>Kenya&#8217;dan gelen erkek sporcu Mark Kosgey Kiptoo ise&nbsp;<strong>&#8220;Burada oldu\u011fum i\u00e7in kendimi \u00e7ok ayr\u0131cal\u0131kl\u0131 hissediyorum. Organizasyon i\u00e7in eme\u011fi ge\u00e7en herkese te\u015fekk\u00fcr ederim. Pazar g\u00fcn\u00fc iyi bir derece almay\u0131 umut ediyorum&#8221;<\/strong>&nbsp;dedi.<\/p>\n\n\n\n<p><strong>Chepchirchir<\/strong><strong>: &#8220;Bu organizasyon i\u00e7in minnettar\u0131m&#8221;<\/strong><strong><\/strong><\/p>\n\n\n\n<p>Kenya&#8217;dan gelen kad\u0131n sporcu&nbsp;Truphena Chepchirchir&nbsp;de Mersin&#8217;de oldu\u011fu i\u00e7in mutlu oldu\u011funu s\u00f6yleyerek<strong>,&nbsp;<\/strong><strong>&#8220;Mersin B\u00fcy\u00fck\u015fehir Belediyesi&#8217;ne bu organizasyon i\u00e7in minnettar\u0131m. Bu benim Mersin&#8217;e ikinci geli\u015fim. Daha \u00f6nce 2017&#8217;de yap\u0131lan maratonda ben kazanm\u0131\u015ft\u0131m. Bu sene bu ba\u015far\u0131m\u0131 ve zaman\u0131m\u0131 daha da geli\u015ftirmeyi umuyorum&#8221;<\/strong>&nbsp;diye konu\u015ftu.<\/p>\n","protected":false},"excerpt":{"rendered":"<p>Mersin B\u00fcy\u00fck\u015fehir Belediye Ba\u015fkan\u0131 Vahap Se\u00e7er, Mersin B\u00fcy\u00fck\u015fehir Belediyesi taraf\u0131ndan bu y\u0131l 6.&#8217;s\u0131 ger\u00e7ekle\u015ftirilecek olan&nbsp;&#8216;Uluslararas\u0131 Mersin Maratonu&#8216;nun Bas\u0131n Lansman\u0131&#8217;n\u0131 ger\u00e7ekle\u015ftirdi. Mersin B\u00fcy\u00fck\u015fehir Belediyesi Kongre ve Sergi Saray\u0131&#8217;nda ger\u00e7ekle\u015ftirilen Lansmana; 45-49 Ya\u015f D\u00fcnya Rekortmeni Kenya&#8217;l\u0131 sporcu Mark Kosgey Kiptoo ve Kenya&#8217;l\u0131 Maraton Sporcusu Truphena Chepchirchir de kat\u0131ld\u0131. D\u00fcnya Atletizm Birli\u011fi taraf\u0131ndan&nbsp;&#8216;Elite Label&#8217;&nbsp;kategorisine al\u0131nan&nbsp;&#8216;6. Uluslararas\u0131 Mersin Maratonu&#8217;; [&hellip;]<\/p>\n","protected":false},"author":2,"featured_media":37755,"comment_status":"closed","ping_status":"closed","sticky":false,"template":"","format":"standard","meta":{"footnotes":""},"categories":[7,34,3,10],"tags":[],"class_list":["post-37754","post","type-post","status-publish","format-standard","has-post-thumbnail","hentry","category-dunya","category-flas-haber","category-manset","category-spor"],"views":9,"_links":{"self":[{"href":"https:\/\/mersinkadingazetesi.com\/index.php?rest_route=\/wp\/v2\/posts\/37754"}],"collection":[{"href":"https:\/\/mersinkadingazetesi.com\/index.php?rest_route=\/wp\/v2\/posts"}],"about":[{"href":"https:\/\/mersinkadingazetesi.com\/index.php?rest_route=\/wp\/v2\/types\/post"}],"author":[{"embeddable":true,"href":"https:\/\/mersinkadingazetesi.com\/index.php?rest_route=\/wp\/v2\/users\/2"}],"replies":[{"embeddable":true,"href":"https:\/\/mersinkadingazetesi.com\/index.php?rest_route=%2Fwp%2Fv2%2Fcomments&post=37754"}],"version-history":[{"count":2,"href":"https:\/\/mersinkadingazetesi.com\/index.php?rest_route=\/wp\/v2\/posts\/37754\/revisions"}],"predecessor-version":[{"id":37757,"href":"https:\/\/mersinkadingazetesi.com\/index.php?rest_route=\/wp\/v2\/posts\/37754\/revisions\/37757"}],"wp:featuredmedia":[{"embeddable":true,"href":"https:\/\/mersinkadingazetesi.com\/index.php?rest_route=\/wp\/v2\/media\/37755"}],"wp:attachment":[{"href":"https:\/\/mersinkadingazetesi.com\/index.php?rest_route=%2Fwp%2Fv2%2Fmedia&parent=37754"}],"wp:term":[{"taxonomy":"category","embeddable":true,"href":"https:\/\/mersinkadingazetesi.com\/index.php?rest_route=%2Fwp%2Fv2%2Fcategories&post=37754"},{"taxonomy":"post_tag","embeddable":true,"href":"https:\/\/mersinkadingazetesi.com\/index.php?rest_route=%2Fwp%2Fv2%2Ftags&post=37754"}],"curies":[{"name":"wp","href":"https:\/\/api.w.org\/{rel}","templated":true}]}}