{"id":37758,"date":"2024-12-11T16:07:59","date_gmt":"2024-12-11T13:07:59","guid":{"rendered":"https:\/\/mersinkadingazetesi.com\/?p=37758"},"modified":"2024-12-11T16:08:00","modified_gmt":"2024-12-11T13:08:00","slug":"her-diktigimiz-fidan-gelecegimiz-icin-bir-umut-isigi","status":"publish","type":"post","link":"https:\/\/mersinkadingazetesi.com\/?p=37758","title":{"rendered":"&#8220;HER D\u0130KT\u0130\u011e\u0130M\u0130Z F\u0130DAN, GELECE\u011e\u0130M\u0130Z \u0130\u00c7\u0130N B\u0130R UMUT I\u015eI\u011eI&#8221;"},"content":{"rendered":"\n<p>\u00c7evreci kimli\u011fiyle bilinen Toroslar Belediye Ba\u015fkan\u0131 Abdurrahman Y\u0131ld\u0131z, \u00e7evreyle do\u011fru ili\u015fki kurman\u0131n \u00f6nemine de\u011finerek, &#8220;Hedefimiz, Toroslar&#8217;\u0131 betonla\u015fma tehlikesine kar\u015f\u0131 koruyarak &#8216;ye\u015fil kimli\u011fiyle&#8217; an\u0131lan bir il\u00e7e haline getirmektir. Bu \u00e7al\u0131\u015fmalar, \u00e7evreyi kurtarman\u0131n yan\u0131 s\u0131ra toplumumuzun do\u011fa ile daha g\u00fc\u00e7l\u00fc bir ba\u011f kurmas\u0131n\u0131 da sa\u011flayacakt\u0131r&#8221; dedi.<\/p>\n\n\n\n<p>Toroslar Belediyesi, il\u00e7eyi daha ye\u015fil ve ya\u015fanabilir bir hale getirmek amac\u0131yla ba\u015flatt\u0131\u011f\u0131 a\u011fa\u00e7land\u0131rma \u00e7al\u0131\u015fmalar\u0131na h\u0131z kesmeden devam ediyor. Belediyeye ait at\u0131l durumda bulunan alanlarda temizlik, a\u011fa\u00e7 dikimi ve peyzaj \u00e7al\u0131\u015fmalar\u0131 yap\u0131l\u0131yor. A\u011fa\u00e7land\u0131rma sonras\u0131nda bu at\u0131l b\u00f6lgelerde park veya sosyal alanlar\u0131n olu\u015fturulmas\u0131 hedefleniyor.<\/p>\n\n\n\n<p>Daha \u00f6nce Defne Korulu\u011fu&#8217;nu olu\u015fturarak il\u00e7eye yeni bir ye\u015fil alan kazand\u0131ran Toroslar Belediyesi, mahalle mahalle ger\u00e7ekle\u015ftirdi\u011fi fidan dikimleriyle b\u00f6lgeyi adeta ye\u015fil bir vadiye d\u00f6n\u00fc\u015ft\u00fcr\u00fcyor.<\/p>\n\n\n\n<p>Son olarak, Park ve Bah\u00e7eler M\u00fcd\u00fcrl\u00fc\u011f\u00fc taraf\u0131ndan Yal\u0131nayak ve Mevlana Mahallesi&#8217;ndeki at\u0131l haldeki alanlarda fidan dikimi ger\u00e7ekle\u015ftirildi. Fidan dikimi \u00f6ncesinde arazide titiz bir temizlik \u00e7al\u0131\u015fmas\u0131 y\u00fcr\u00fct\u00fcld\u00fc.<\/p>\n\n\n\n<p><strong>BA\u015eKAN YILDIZ: &#8220;DO\u011eAYA YAPILAN HER YATIRIM, GELECE\u011eE YAPILAN B\u0130R YATIRIMDIR&#8221;<\/strong><\/p>\n\n\n\n<p>Ba\u015fkan Y\u0131ld\u0131z, a\u011fa\u00e7land\u0131rma \u00e7al\u0131\u015fmalar\u0131n\u0131n sadece \u00e7evreyi g\u00fczelle\u015ftirmekle kalmay\u0131p ayn\u0131 zamanda il\u00e7enin ekosistemine de katk\u0131 sa\u011flad\u0131\u011f\u0131n\u0131 belirtti. Ba\u015fkan Y\u0131ld\u0131z, konuyla ilgili yapt\u0131\u011f\u0131 a\u00e7\u0131klamada \u015fu ifadeleri kulland\u0131:<\/p>\n\n\n\n<p>&#8220;Toroslar&#8217;\u0131 daha ye\u015fil, daha temiz ve daha ya\u015fanabilir bir il\u00e7e haline getirmek i\u00e7in \u00e7al\u0131\u015f\u0131yoruz. Bu anlam\u0131yla Toroslar ye\u015filleniyor. A\u011fa\u00e7land\u0131rma \u00e7al\u0131\u015fmalar\u0131, gelece\u011fe nefes olan projelerdir. \u00d6zellikle \u015fehirle\u015fmenin yo\u011fun oldu\u011fu b\u00f6lgelerde bu t\u00fcr projeler hem do\u011fan\u0131n korunmas\u0131 hem de ya\u015fam kalitesinin art\u0131r\u0131lmas\u0131 a\u00e7\u0131s\u0131ndan \u00e7ok \u00f6nemlidir. Vatanda\u015flar\u0131m\u0131z\u0131n ye\u015fil alanlara daha kolay eri\u015febilmesi ve gelecek nesillere temiz bir \u00e7evre b\u0131rakabilmek i\u00e7in elimizden geleni yap\u0131yoruz. Her dikti\u011fimiz fidan, gelece\u011fimiz i\u00e7in bir umut \u0131\u015f\u0131\u011f\u0131d\u0131r.&#8221;<\/p>\n\n\n\n<p>Ba\u015fkan Y\u0131ld\u0131z, a\u011fa\u00e7land\u0131rman\u0131n iklim de\u011fi\u015fikli\u011fiyle m\u00fccadelede oynad\u0131\u011f\u0131 kritik rol\u00fc de vurgulad\u0131. Topra\u011f\u0131n erozyona kar\u015f\u0131 korunmas\u0131nda, su kaynaklar\u0131n\u0131n muhafaza edilmesinde ve hava kalitesinin art\u0131r\u0131lmas\u0131nda a\u011fa\u00e7lar\u0131n temel bir unsur oldu\u011funu belirten Y\u0131ld\u0131z, bu \u00e7al\u0131\u015fmalar\u0131n ayn\u0131 zamanda toplumda \u00e7evre bilinci olu\u015fturma a\u00e7\u0131s\u0131ndan da \u00f6nemli oldu\u011funu dile getirdi.<\/p>\n","protected":false},"excerpt":{"rendered":"<p>\u00c7evreci kimli\u011fiyle bilinen Toroslar Belediye Ba\u015fkan\u0131 Abdurrahman Y\u0131ld\u0131z, \u00e7evreyle do\u011fru ili\u015fki kurman\u0131n \u00f6nemine de\u011finerek, &#8220;Hedefimiz, Toroslar&#8217;\u0131 betonla\u015fma tehlikesine kar\u015f\u0131 koruyarak &#8216;ye\u015fil kimli\u011fiyle&#8217; an\u0131lan bir il\u00e7e haline getirmektir. Bu \u00e7al\u0131\u015fmalar, \u00e7evreyi kurtarman\u0131n yan\u0131 s\u0131ra toplumumuzun do\u011fa ile daha g\u00fc\u00e7l\u00fc bir ba\u011f kurmas\u0131n\u0131 da sa\u011flayacakt\u0131r&#8221; dedi. Toroslar Belediyesi, il\u00e7eyi daha ye\u015fil ve ya\u015fanabilir bir hale getirmek amac\u0131yla [&hellip;]<\/p>\n","protected":false},"author":2,"featured_media":37759,"comment_status":"closed","ping_status":"closed","sticky":false,"template":"","format":"standard","meta":{"footnotes":""},"categories":[3],"tags":[],"class_list":["post-37758","post","type-post","status-publish","format-standard","has-post-thumbnail","hentry","category-manset"],"views":6,"_links":{"self":[{"href":"https:\/\/mersinkadingazetesi.com\/index.php?rest_route=\/wp\/v2\/posts\/37758"}],"collection":[{"href":"https:\/\/mersinkadingazetesi.com\/index.php?rest_route=\/wp\/v2\/posts"}],"about":[{"href":"https:\/\/mersinkadingazetesi.com\/index.php?rest_route=\/wp\/v2\/types\/post"}],"author":[{"embeddable":true,"href":"https:\/\/mersinkadingazetesi.com\/index.php?rest_route=\/wp\/v2\/users\/2"}],"replies":[{"embeddable":true,"href":"https:\/\/mersinkadingazetesi.com\/index.php?rest_route=%2Fwp%2Fv2%2Fcomments&post=37758"}],"version-history":[{"count":1,"href":"https:\/\/mersinkadingazetesi.com\/index.php?rest_route=\/wp\/v2\/posts\/37758\/revisions"}],"predecessor-version":[{"id":37760,"href":"https:\/\/mersinkadingazetesi.com\/index.php?rest_route=\/wp\/v2\/posts\/37758\/revisions\/37760"}],"wp:featuredmedia":[{"embeddable":true,"href":"https:\/\/mersinkadingazetesi.com\/index.php?rest_route=\/wp\/v2\/media\/37759"}],"wp:attachment":[{"href":"https:\/\/mersinkadingazetesi.com\/index.php?rest_route=%2Fwp%2Fv2%2Fmedia&parent=37758"}],"wp:term":[{"taxonomy":"category","embeddable":true,"href":"https:\/\/mersinkadingazetesi.com\/index.php?rest_route=%2Fwp%2Fv2%2Fcategories&post=37758"},{"taxonomy":"post_tag","embeddable":true,"href":"https:\/\/mersinkadingazetesi.com\/index.php?rest_route=%2Fwp%2Fv2%2Ftags&post=37758"}],"curies":[{"name":"wp","href":"https:\/\/api.w.org\/{rel}","templated":true}]}}