{"id":37761,"date":"2024-12-11T16:09:34","date_gmt":"2024-12-11T13:09:34","guid":{"rendered":"https:\/\/mersinkadingazetesi.com\/?p=37761"},"modified":"2024-12-11T16:09:34","modified_gmt":"2024-12-11T13:09:34","slug":"deva-partili-ekmen-cocuklar-sadece-ac-degil-saglikli-suya-da-ulasamiyor","status":"publish","type":"post","link":"https:\/\/mersinkadingazetesi.com\/?p=37761","title":{"rendered":"DEVA Partili Ekmen: \u00c7ocuklar sadece a\u00e7 de\u011fil, sa\u011fl\u0131kl\u0131 suya da ula\u015fam\u0131yor\u00a0"},"content":{"rendered":"\n<figure class=\"wp-block-table\"><table class=\"has-fixed-layout\"><tbody><tr><td><strong>DEVA Partisi Genel Ba\u015fkan Yard\u0131mc\u0131s\u0131 Mehmet Emin Ekmen, Milli E\u011fitim Bakanl\u0131\u011f\u0131 2025 y\u0131l\u0131 b\u00fct\u00e7esi \u00fczerinde yapt\u0131\u011f\u0131 konu\u015fmada, okullarda i\u00e7ilebilir su sorununu g\u00fcndeme getirdi.&nbsp;<\/strong><strong>&nbsp;<\/strong><strong>Okullardaki i\u00e7ilebilir su sorununa dikkat \u00e7eken Ekmen, Milli E\u011fitim Bakan\u0131 Yusuf Tekin<\/strong><strong>\u2019<\/strong><strong>e okullarda sa\u011fl\u0131kl\u0131 ve i\u00e7ilebilir su ile ilgili \u00e7al\u0131\u015fmalar\u0131n\u0131 sorarak, \u201c\u00c7ocuklar sadece a\u00e7 kalm\u0131yorlar. Ayn\u0131 zamanda sa\u011fl\u0131kl\u0131 ve temiz suya eri\u015fimde de \u00e7ok sorun ya\u015f\u0131yorlar. T\u00fcrkiye&#8217;deki okullar\u0131m\u0131z\u0131n ka\u00e7\u0131nda \u00e7e\u015fmeden i\u00e7ilebilir su oldu\u011funu d\u00fc\u015f\u00fcn\u00fcyorsunuz?\u201d dedi.&nbsp;<\/strong><strong>&nbsp;<\/strong><strong>&nbsp;<\/strong>DEVA Partisi Genel Ba\u015fkan Yard\u0131mc\u0131s\u0131 ve Mersin Milletvekili Mehmet Emin Ekmen, Mill\u00ee E\u011fitim Bakanl\u0131\u011f\u0131\u2019n\u0131n 2025 b\u00fct\u00e7e g\u00f6r\u00fc\u015fmelerinde e\u011fitimdeki geli\u015fmeler ba\u015fta olmak okullarda i\u00e7ilebilir su sorununu T\u00fcrkiye B\u00fcy\u00fck Millet Meclisinin (TBMM) g\u00fcndemine getirdi.&nbsp;<strong>Okullarda temiz suya eri\u015fimde sorun var!&nbsp;<\/strong>DEVA Partisi \u0130stanbul Milletvekilli Evrim R\u0131zvano\u011flu\u2019nun uzunca bir s\u00fcredir g\u00fcndemde tuttu\u011fu okullarda i\u00e7ilebilir su sorununa dikkat \u00e7eken Ekmen, Milli E\u011fitim Bakan\u0131 Yusuf Tekin\u2019e bakanl\u0131\u011f\u0131 s\u00f6z konusu sorunla ilgili \u00e7al\u0131\u015fmalar\u0131n\u0131 sorarak, \u201c\u00c7ocuklar sadece a\u00e7 kalm\u0131yorlar. Ayn\u0131 zamanda sa\u011fl\u0131kl\u0131 ve temiz suya eri\u015fimde de \u00e7ok sorun ya\u015f\u0131yorlar. Say\u0131n R\u0131zvano\u011flu bir okulda&nbsp;\u00f6rnek bir tesis de kurarak bu konuda bir fark\u0131ndal\u0131k yaratmaya \u00e7al\u0131\u015fm\u0131\u015ft\u0131. T\u00fcrkiye&#8217;deki okullar\u0131m\u0131z\u0131n ka\u00e7\u0131nda \u00e7e\u015fmeden i\u00e7ilebilir su oldu\u011funu d\u00fc\u015f\u00fcn\u00fcyorsunuz? Ka\u00e7\u0131nda bu konuda altyap\u0131 da iyile\u015ftirmeler sa\u011flanm\u0131\u015ft\u0131r?\u201d diye sordu.&nbsp;<strong>E\u011fitimden de\u011fil israftan tasarruf edin!<\/strong>Okullarda ya\u015fanan temizlik ve g\u00fcvenlik personeli sorununu g\u00fcndeme getiren Ekmen, e\u011fitim hizmetlerinden de\u011fil, g\u00f6steri\u015ften tasarruf gerekti\u011fini belirterek,&nbsp;\u201cYoksuzluk, israf, g\u00f6steri\u015ften vazge\u00e7ilmiyor. Mesela sadece 7 bin 200 tane arac\u0131n \u0130\u00e7i\u015fleri ve Jandarmaya teslimi i\u00e7in yap\u0131lan t\u00f6renin t\u00f6ren masraflar\u0131yla; okullar\u0131n birka\u00e7 ayl\u0131k temizlik gideri sa\u011flanabilirdi. Maalesef \u015fatafattan, g\u00f6steri\u015ften, israftan tasarruf etmiyoruz ama e\u011fitimden, okullardan, temizlikten, g\u00fcvenlikten tasarruf ediyoruz. Baz\u0131 okullarda \u00f6\u011frencilerden yaz\u0131l\u0131 k\u00e2\u011f\u0131t \u00fccreti topland\u0131\u011f\u0131ndan haberdar m\u0131s\u0131n\u0131z?&nbsp;\u00c7\u00fcnk\u00fc okulun&nbsp;\u00f6denek talebi tasarruf genelgesiyle kar\u015f\u0131lanmad\u0131, yaln\u0131z k\u00e2\u011f\u0131t \u00fccreti isteniyor\u201d ifadelerini kulland\u0131.<\/td><\/tr><tr><td><\/td><\/tr><\/tbody><\/table><\/figure>\n","protected":false},"excerpt":{"rendered":"<p>DEVA Partisi Genel Ba\u015fkan Yard\u0131mc\u0131s\u0131 Mehmet Emin Ekmen, Milli E\u011fitim Bakanl\u0131\u011f\u0131 2025 y\u0131l\u0131 b\u00fct\u00e7esi \u00fczerinde yapt\u0131\u011f\u0131 konu\u015fmada, okullarda i\u00e7ilebilir su sorununu g\u00fcndeme getirdi.&nbsp;&nbsp;Okullardaki i\u00e7ilebilir su sorununa dikkat \u00e7eken Ekmen, Milli E\u011fitim Bakan\u0131 Yusuf Tekin\u2019e okullarda sa\u011fl\u0131kl\u0131 ve i\u00e7ilebilir su ile ilgili \u00e7al\u0131\u015fmalar\u0131n\u0131 sorarak, \u201c\u00c7ocuklar sadece a\u00e7 kalm\u0131yorlar. Ayn\u0131 zamanda sa\u011fl\u0131kl\u0131 ve temiz suya eri\u015fimde de [&hellip;]<\/p>\n","protected":false},"author":2,"featured_media":37451,"comment_status":"closed","ping_status":"closed","sticky":false,"template":"","format":"standard","meta":{"footnotes":""},"categories":[2,3],"tags":[],"class_list":["post-37761","post","type-post","status-publish","format-standard","has-post-thumbnail","hentry","category-gundem","category-manset"],"views":5,"_links":{"self":[{"href":"https:\/\/mersinkadingazetesi.com\/index.php?rest_route=\/wp\/v2\/posts\/37761"}],"collection":[{"href":"https:\/\/mersinkadingazetesi.com\/index.php?rest_route=\/wp\/v2\/posts"}],"about":[{"href":"https:\/\/mersinkadingazetesi.com\/index.php?rest_route=\/wp\/v2\/types\/post"}],"author":[{"embeddable":true,"href":"https:\/\/mersinkadingazetesi.com\/index.php?rest_route=\/wp\/v2\/users\/2"}],"replies":[{"embeddable":true,"href":"https:\/\/mersinkadingazetesi.com\/index.php?rest_route=%2Fwp%2Fv2%2Fcomments&post=37761"}],"version-history":[{"count":1,"href":"https:\/\/mersinkadingazetesi.com\/index.php?rest_route=\/wp\/v2\/posts\/37761\/revisions"}],"predecessor-version":[{"id":37762,"href":"https:\/\/mersinkadingazetesi.com\/index.php?rest_route=\/wp\/v2\/posts\/37761\/revisions\/37762"}],"wp:featuredmedia":[{"embeddable":true,"href":"https:\/\/mersinkadingazetesi.com\/index.php?rest_route=\/wp\/v2\/media\/37451"}],"wp:attachment":[{"href":"https:\/\/mersinkadingazetesi.com\/index.php?rest_route=%2Fwp%2Fv2%2Fmedia&parent=37761"}],"wp:term":[{"taxonomy":"category","embeddable":true,"href":"https:\/\/mersinkadingazetesi.com\/index.php?rest_route=%2Fwp%2Fv2%2Fcategories&post=37761"},{"taxonomy":"post_tag","embeddable":true,"href":"https:\/\/mersinkadingazetesi.com\/index.php?rest_route=%2Fwp%2Fv2%2Ftags&post=37761"}],"curies":[{"name":"wp","href":"https:\/\/api.w.org\/{rel}","templated":true}]}}