{"id":37763,"date":"2024-12-11T16:11:41","date_gmt":"2024-12-11T13:11:41","guid":{"rendered":"https:\/\/mersinkadingazetesi.com\/?p=37763"},"modified":"2024-12-11T16:11:41","modified_gmt":"2024-12-11T13:11:41","slug":"chpli-gulcan-kis-iktidarin-enerji-politikalarini-elestirdi","status":"publish","type":"post","link":"https:\/\/mersinkadingazetesi.com\/?p=37763","title":{"rendered":"CHP&#8217;li G\u00fclcan K\u0131\u015f \u0130ktidar\u0131n Enerji Politikalar\u0131n\u0131 Ele\u015ftirdi"},"content":{"rendered":"\n<p>CHP Mersin Milletvekili G\u00fclcan K\u0131\u015f, TBMM Genel Kurulu&#8217;nda 2025 y\u0131l\u0131 b\u00fct\u00e7e g\u00f6r\u00fc\u015fmeleri kapsam\u0131nda Enerji Piyasas\u0131 D\u00fczenleme Kurumu (EPDK) ve N\u00fckleer D\u00fczenleme Kurumu (NDK) b\u00fct\u00e7elerine ili\u015fkin \u00f6nemli a\u00e7\u0131klamalarda bulundu. Cumhuriyet Halk Partisi Grubu ad\u0131na s\u00f6z alan G\u00fclcan K\u0131\u015f, iktidar\u0131n enerji politikalar\u0131n\u0131 ele\u015ftirerek halk\u0131n \u00e7\u0131karlar\u0131n\u0131 g\u00f6zetmeyen bir d\u00fczen y\u00fcr\u00fct\u00fcld\u00fc\u011f\u00fcn\u00fc vurgulad\u0131.<\/p>\n\n\n\n<p>&#8220;EPDK \u015eirketlerin \u00c7\u0131karlar\u0131n\u0131 G\u00f6zetiyor&#8221;<\/p>\n\n\n\n<p>Enerji Piyasas\u0131 D\u00fczenleme Kurumu&#8217;nun piyasay\u0131 d\u00fczenlemek yerine \u015firketleri kollad\u0131\u011f\u0131n\u0131 s\u00f6yleyen G\u00fclcan K\u0131\u015f, Say\u0131\u015ftay raporlar\u0131na at\u0131fta bulunarak EPDK&#8217;nin kesti\u011fi cezalar\u0131n b\u00fcy\u00fck bir k\u0131sm\u0131n\u0131 tahsil edemedi\u011fini belirtti. Elektrik da\u011f\u0131t\u0131m \u015firketlerinin kendi alt \u015firketlerine y\u00fcksek fiyatlarla ihaleler verdi\u011fini ifade eden G\u00fclcan K\u0131\u015f, bu durumun elektrik faturalar\u0131ndaki art\u0131\u015f\u0131n temel nedenlerinden biri oldu\u011funu s\u00f6yledi. &#8220;EPDK vatanda\u015f\u0131n hakk\u0131n\u0131 savunmak yerine \u015firketlerin avukatl\u0131\u011f\u0131n\u0131 yapmaktad\u0131r,&#8221; diyen G\u00fclcan K\u0131\u015f, iktidar\u0131n enerji politikalar\u0131n\u0131n halk\u0131 ma\u011fdur etti\u011fini vurgulad\u0131.<\/p>\n\n\n\n<p>&#8220;Akkuyu N\u00fckleer Santrali Egemenlik Kayb\u0131d\u0131r&#8221;<\/p>\n\n\n\n<p>CHP Mersin Milletvekili G\u00fclcan K\u0131\u015f, N\u00fckleer D\u00fczenleme Kurumu&#8217;nun Akkuyu N\u00fckleer G\u00fc\u00e7 Santrali \u00fczerindeki denetim eksikliklerine dikkat \u00e7ekti. &#8220;Akkuyu, enerji ba\u011f\u0131ms\u0131zl\u0131\u011f\u0131 de\u011fil, Rusya&#8217;ya ba\u011f\u0131ml\u0131l\u0131k yaratmaktad\u0131r,&#8221; diyen G\u00fclcan K\u0131\u015f, yap-i\u015flet-sahip ol modeliyle T\u00fcrkiye&#8217;nin y\u0131llarca Rusya&#8217;ya ekonomik olarak ba\u011f\u0131ml\u0131 hale getirildi\u011fini belirtti. Akkuyu&#8217;da ya\u015fanan zemin sorunlar\u0131 ve \u00e7evresel risklerin yan\u0131 s\u0131ra al\u0131m garantileriyle halk\u0131n s\u0131rt\u0131na ciddi mali y\u00fckler bindirildi\u011fini s\u00f6yleyen G\u00fclcan K\u0131\u015f, &#8220;Bu proje halk\u0131n \u00e7\u0131karlar\u0131na de\u011fil, \u015firketlerin ve Rusya&#8217;n\u0131n menfaatine hizmet etmektedir&#8221; dedi.<\/p>\n\n\n\n<p>&#8220;Yenilenebilir Enerji Potansiyeli De\u011ferlendirilmiyor&#8221;<\/p>\n\n\n\n<p>T\u00fcrkiye&#8217;nin g\u00fcne\u015f ve r\u00fczg\u00e2r enerjisi potansiyelinin de\u011ferlendirilmedi\u011fini ifade eden G\u00fclcan K\u0131\u015f, Mersin&#8217;in g\u00fcne\u015f enerjisi i\u00e7in ideal bir lokasyon olmas\u0131na ra\u011fmen projelerin desteklenmedi\u011fini dile getirdi. &#8220;Halk\u0131m\u0131z pahal\u0131 elektrik faturalar\u0131yla m\u00fccadele ederken, iktidar \u015firketlerin kasalar\u0131n\u0131 doldurmay\u0131 s\u00fcrd\u00fcr\u00fcyor,&#8221; diyerek yenilenebilir enerji politikalar\u0131na \u00f6ncelik verilmesi gerekti\u011fini savundu.<\/p>\n\n\n\n<p>&#8220;Cumhuriyetimizin \u0130kinci Y\u00fczy\u0131l\u0131nda Ayd\u0131nl\u0131k Bir Gelecek&#8221;<\/p>\n\n\n\n<p>Konu\u015fmas\u0131n\u0131 CHP&#8217;nin enerji vizyonuyla tamamlayan G\u00fclcan K\u0131\u015f, \u015fu ifadeleri kulland\u0131:<\/p>\n\n\n\n<p>&#8220;Cumhuriyet Halk Partisi olarak &#8216;Enerji halk\u0131nd\u0131r&#8217; diyoruz. T\u00fcrkiye&#8217;nin enerji politikas\u0131n\u0131 ba\u011f\u0131ms\u0131z, \u015feffaf ve s\u00fcrd\u00fcr\u00fclebilir bir temele oturtaca\u011f\u0131z. Halk\u0131m\u0131z\u0131n enerjiye kolay eri\u015fimini sa\u011flayacak, \u00e7evremizi koruyacak ve yenilenebilir enerjiye \u00f6ncelik veren politikalar\u0131 hayata ge\u00e7irece\u011fiz. \u0130ktidara geldi\u011fimizde, g\u00fcvenilir, ucuz ve \u00e7evre dostu enerji politikalar\u0131yla vatanda\u015flar\u0131m\u0131z\u0131n ya\u015fam kalitesini y\u00fckseltece\u011fiz. Cumhuriyetimizin ikinci y\u00fczy\u0131l\u0131nda, halk\u0131m\u0131z\u0131n hak etti\u011fi ayd\u0131nl\u0131k gelece\u011fi hep birlikte in\u015fa edece\u011fiz.&#8221;<\/p>\n\n\n\n<p>CHP Mersin Milletvekili G\u00fclcan K\u0131\u015f&#8217;\u0131n konu\u015fmas\u0131 CHP s\u0131ralar\u0131ndan yo\u011fun alk\u0131\u015f al\u0131rken, ele\u015ftirileri Genel Kurul&#8217;da&nbsp;dikkat&nbsp;\u00e7ekti.<\/p>\n","protected":false},"excerpt":{"rendered":"<p>CHP Mersin Milletvekili G\u00fclcan K\u0131\u015f, TBMM Genel Kurulu&#8217;nda 2025 y\u0131l\u0131 b\u00fct\u00e7e g\u00f6r\u00fc\u015fmeleri kapsam\u0131nda Enerji Piyasas\u0131 D\u00fczenleme Kurumu (EPDK) ve N\u00fckleer D\u00fczenleme Kurumu (NDK) b\u00fct\u00e7elerine ili\u015fkin \u00f6nemli a\u00e7\u0131klamalarda bulundu. Cumhuriyet Halk Partisi Grubu ad\u0131na s\u00f6z alan G\u00fclcan K\u0131\u015f, iktidar\u0131n enerji politikalar\u0131n\u0131 ele\u015ftirerek halk\u0131n \u00e7\u0131karlar\u0131n\u0131 g\u00f6zetmeyen bir d\u00fczen y\u00fcr\u00fct\u00fcld\u00fc\u011f\u00fcn\u00fc vurgulad\u0131. &#8220;EPDK \u015eirketlerin \u00c7\u0131karlar\u0131n\u0131 G\u00f6zetiyor&#8221; Enerji Piyasas\u0131 D\u00fczenleme [&hellip;]<\/p>\n","protected":false},"author":2,"featured_media":37309,"comment_status":"closed","ping_status":"closed","sticky":false,"template":"","format":"standard","meta":{"footnotes":""},"categories":[3],"tags":[],"class_list":["post-37763","post","type-post","status-publish","format-standard","has-post-thumbnail","hentry","category-manset"],"views":4,"_links":{"self":[{"href":"https:\/\/mersinkadingazetesi.com\/index.php?rest_route=\/wp\/v2\/posts\/37763"}],"collection":[{"href":"https:\/\/mersinkadingazetesi.com\/index.php?rest_route=\/wp\/v2\/posts"}],"about":[{"href":"https:\/\/mersinkadingazetesi.com\/index.php?rest_route=\/wp\/v2\/types\/post"}],"author":[{"embeddable":true,"href":"https:\/\/mersinkadingazetesi.com\/index.php?rest_route=\/wp\/v2\/users\/2"}],"replies":[{"embeddable":true,"href":"https:\/\/mersinkadingazetesi.com\/index.php?rest_route=%2Fwp%2Fv2%2Fcomments&post=37763"}],"version-history":[{"count":1,"href":"https:\/\/mersinkadingazetesi.com\/index.php?rest_route=\/wp\/v2\/posts\/37763\/revisions"}],"predecessor-version":[{"id":37764,"href":"https:\/\/mersinkadingazetesi.com\/index.php?rest_route=\/wp\/v2\/posts\/37763\/revisions\/37764"}],"wp:featuredmedia":[{"embeddable":true,"href":"https:\/\/mersinkadingazetesi.com\/index.php?rest_route=\/wp\/v2\/media\/37309"}],"wp:attachment":[{"href":"https:\/\/mersinkadingazetesi.com\/index.php?rest_route=%2Fwp%2Fv2%2Fmedia&parent=37763"}],"wp:term":[{"taxonomy":"category","embeddable":true,"href":"https:\/\/mersinkadingazetesi.com\/index.php?rest_route=%2Fwp%2Fv2%2Fcategories&post=37763"},{"taxonomy":"post_tag","embeddable":true,"href":"https:\/\/mersinkadingazetesi.com\/index.php?rest_route=%2Fwp%2Fv2%2Ftags&post=37763"}],"curies":[{"name":"wp","href":"https:\/\/api.w.org\/{rel}","templated":true}]}}