{"id":37765,"date":"2024-12-12T11:39:43","date_gmt":"2024-12-12T08:39:43","guid":{"rendered":"https:\/\/mersinkadingazetesi.com\/?p=37765"},"modified":"2024-12-12T11:39:44","modified_gmt":"2024-12-12T08:39:44","slug":"secer-gorevimiz-mersindeki-her-insanin-guvenli-ve-huzur-icerisinde-yasamasini-saglamak-herkese-esit-hizmet-vermek","status":"publish","type":"post","link":"https:\/\/mersinkadingazetesi.com\/?p=37765","title":{"rendered":"SE\u00c7ER: &#8220;G\u00d6REV\u0130M\u0130Z; MERS\u0130N&#8217;DEK\u0130 HER \u0130NSANIN G\u00dcVENL\u0130 VE HUZUR \u0130\u00c7ER\u0130S\u0130NDE YA\u015eAMASINI SA\u011eLAMAK, HERKESE E\u015e\u0130T H\u0130ZMET VERMEK&#8221;"},"content":{"rendered":"\n<p>Rus K\u00fclt\u00fcr\u00fc E\u011fitim ve Bilim Derne\u011fi y\u00f6netimi, 12 \u00f6\u011frenci ve 12 veliden olu\u015fan bir heyetle, Mersin B\u00fcy\u00fck\u015fehir Belediye Ba\u015fkan\u0131 Vahap Se\u00e7er&#8217;i ziyaret etti. Ziyarette Ba\u015fkan Se\u00e7er&#8217;e dernek taraf\u0131ndan Rus k\u00fclt\u00fcr\u00fcne ait lezzetler ikram edilirken bir \u00f6\u011frenci taraf\u0131ndan da kendi \u00e7izmi\u015f oldu\u011fu tablo hediye edildi. Heyet; Ba\u015fkan Se\u00e7er&#8217;e g\u00f6rev s\u00fcresince Mersin&#8217;deki her yurtta\u015fa e\u015fit hizmet etti\u011fi, g\u00f6\u00e7men olarak gelenlere de e\u015fit ilgi ve alaka g\u00f6sterdi\u011fi i\u00e7in te\u015fekk\u00fcrlerini iletti.<\/p>\n\n\n\n<p><strong>Ba\u015fkan Se\u00e7er: &#8220;\u015eahs\u0131ma d\u00fc\u015fen; Mersin&#8217;deki her insan\u0131n g\u00fcvenli ve huzur i\u00e7erisinde ya\u015famas\u0131n\u0131 sa\u011flamak&#8221;<\/strong><\/p>\n\n\n\n<p>Ziyarette Mersin&#8217;in kozmopolit yap\u0131s\u0131yla ilgili konu\u015fan Ba\u015fkan Se\u00e7er, kentin sadece T\u00fcrkiye&#8217;nin muhtelif \u015fehirlerinden insanlar\u0131n de\u011fil; farkl\u0131 uluslardan da insanlar\u0131n bir arada ya\u015fad\u0131\u011f\u0131 bir \u015fehir oldu\u011funu s\u00f6yledi. Se\u00e7er<strong>&nbsp;&#8220;Bu kadar farkl\u0131 k\u00fclt\u00fcr\u00fcn bir arada ya\u015fad\u0131\u011f\u0131 yerlerde karga\u015fa var gibi g\u00f6r\u00fcn\u00fcr ancak Mersin&#8217;de bir uyum var. \u0130nsanlar burada mutlu, huzurlu ve \u00e7ok g\u00fcvenli bir \u015fekilde ya\u015f\u0131yorlar&#8221;<\/strong>&nbsp;dedi. Mersin B\u00fcy\u00fck\u015fehir Belediye Ba\u015fkan\u0131 olarak her yurtta\u015f\u0131n e\u015fit \u015fekilde ya\u015famas\u0131 i\u00e7in \u00e7aba verdi\u011fini s\u00f6zlerine ekleyen Se\u00e7er,&nbsp;<strong>&#8220;\u015eu anda Mersin&#8217;de farkl\u0131 \u00fclke vatanda\u015flar\u0131 ve farkl\u0131 stat\u00fcde yakla\u015f\u0131k 300 bin kay\u0131tl\u0131 yabanc\u0131 insan ya\u015f\u0131yor. Burada \u015fahs\u0131ma d\u00fc\u015fen; Mersin&#8217;de ki her insan\u0131n g\u00fcvenli ve huzur i\u00e7erisinde ya\u015famas\u0131n\u0131 sa\u011flamak ve herkese e\u015fit hizmet vermek&#8221;<\/strong>&nbsp;ifadelerine yer verdi.<\/p>\n\n\n\n<p>Se\u00e7er, Rus K\u00fclt\u00fcr\u00fc E\u011fitim ve Bilim Derne\u011fi&#8217;nin \u00f6nemli bir olu\u015fum oldu\u011funun alt\u0131n\u0131 \u00e7izerek,&nbsp;<strong>&#8220;Bu derne\u011fin olu\u015fmas\u0131 \u00e7ok \u00f6nemli, \u00e7ok da yararl\u0131 i\u015fler yap\u0131l\u0131yor ve daha iyi noktalara da gelebilir. N\u00fcfusunuzu bir arada tutmak onlara e\u011fitimler vermek, hem k\u00fclt\u00fcrel hem sanatsal faaliyetlerde bulunmalar\u0131n\u0131 ve onlar\u0131n kendilerini iyi hissetmesini sa\u011flamak i\u00e7in \u00f6nemli bir olu\u015fum&#8221;<\/strong>&nbsp;diye konu\u015ftu.<\/p>\n\n\n\n<p><strong>Se\u00e7er&#8217;den i\u015f birli\u011fi vurgusu!<\/strong><\/p>\n\n\n\n<p>Dernek ile her konuda i\u015f birli\u011fi yapmaya haz\u0131r olduklar\u0131n\u0131 s\u00f6yleyen Se\u00e7er,&nbsp;<strong>&#8220;Derne\u011finizin faaliyet alan\u0131nda Belediyemizle hangi konuda i\u015f birli\u011fi yapmak isterseniz biz buna haz\u0131r\u0131z&#8221;<\/strong>&nbsp;dedi. Se\u00e7er, aktif olarak etkinlik d\u00fczenleyen bir Belediye olduklar\u0131n\u0131 belirterek etkinliklere kat\u0131lmalar\u0131 noktas\u0131nda da kat\u0131l\u0131mc\u0131lara davette bulundu. Se\u00e7er,&nbsp;<strong>&#8220;Bizim de \u00e7ok say\u0131da festivallerimiz, k\u00fclt\u00fcrel, sanatsal ve spor aktivitelerimiz var. Hafta sonu 6. Uluslararas\u0131 Mersin Maratonu var. Bunlar\u0131 duyural\u0131m ve herkes kat\u0131l\u0131m sa\u011flas\u0131n. Bu ve bunun gibi etkinliklerde ve festivallerde sizleri g\u00f6rmek isteriz&#8221;<\/strong>&nbsp;ifadelerini kulland\u0131.<\/p>\n\n\n\n<p>Bir veli taraf\u0131ndan, ge\u00e7ti\u011fimiz 23 Nisan Ulusal Egemenlik ve \u00c7ocuk Bayram\u0131&#8217;nda B\u00fcy\u00fck\u015fehir&#8217;in etkinli\u011fine kat\u0131ld\u0131klar\u0131n\u0131 ve etkinliklerin \u00e7ocuklar\u0131n kayna\u015fmas\u0131, farkl\u0131 k\u00fclt\u00fcrleri tan\u0131mas\u0131 a\u00e7\u0131s\u0131ndan faydal\u0131 oldu\u011funu belirtmesi \u00fczerine de\u011ferlendirme yapan Se\u00e7er,&nbsp;<strong>&#8220;Mustafa Kemal Atat\u00fcrk, bundan 100 y\u0131l \u00f6nce modern T\u00fcrkiye&#8217;nin in\u015fas\u0131 i\u00e7in ilk ad\u0131m\u0131 atan devrimci kimli\u011fe sahip bir liderdir. Biz de onun izinden gidiyoruz. Biz de yeniliklerle ve devrimlerle T\u00fcrkiye&#8217;yi daha iyi noktalara getirmek i\u00e7in \u00e7abal\u0131yoruz. 23 Nisan Ulusal Egemenlik ve \u00c7ocuk Bayram\u0131 d\u00fcnya \u00fczerinde kutlanan ilk ve tek \u00e7ocuk bayram\u0131d\u0131r. Mustafa Kemal Atat\u00fcrk bu bayram\u0131 \u00e7ocuklara arma\u011fan etmi\u015ftir. Biz de \u00e7ocuklar\u0131 \u00e7ok sevdi\u011fimiz i\u00e7in bu bayram\u0131 co\u015fkuyla kutluyor, \u00f6n\u00fcm\u00fczdeki bayramda sizleri de aram\u0131zda g\u00f6rmeyi istiyoruz&#8221;<\/strong>&nbsp;dedi.<\/p>\n\n\n\n<p><strong>\u00c7elik: &#8220;Ruslar ve T\u00fcrklerin karde\u015fli\u011fi var, biz bunu anlatmak istiyoruz&#8221;<\/strong><\/p>\n\n\n\n<p>Rus K\u00fclt\u00fcr\u00fc E\u011fitim ve Bilim Derne\u011fi Ba\u015fkan\u0131 Aleksandra \u00c7elik, yapt\u0131\u011f\u0131 konu\u015fmada derneklerinde ger\u00e7ekle\u015ftirdikleri \u00e7al\u0131\u015fmalar\u0131 aktararak,&nbsp;<strong>&#8220;Derne\u011fimizde \u015fu an dans, ses, jimnastik ve tiyatro \u00e7al\u0131\u015fmalar\u0131m\u0131z\u0131 s\u00fcrd\u00fcr\u00fcyoruz. Etkinliklerimizde devlet kurumlar\u0131yla da i\u015f birli\u011fi yapmaya \u00f6zen g\u00f6steriyoruz. Kad\u0131na kar\u015f\u0131 \u015fiddet konusunda da hassas davran\u0131yoruz, spor kul\u00fcb\u00fcnde \u00fccretsiz olarak kad\u0131nlara \u00f6z savunmay\u0131 \u00f6\u011fretiyoruz. Belediyenizin de bu konuda g\u00fczel programlar\u0131 var, bunlar\u0131 da takip ediyoruz.&#8221;<\/strong>&nbsp;dedi. \u00c7elik, konu\u015fmas\u0131n\u0131 T\u00fcrk ve Rus karde\u015fli\u011finin \u00f6nemine dikkat \u00e7ekerek devam ettirdi. \u00c7elik,&nbsp;<strong>&#8220;Hayalimiz, imece usul\u00fc bir Rus-T\u00fcrk evi kurmak. Herkes bilmiyor ancak Ruslar ve T\u00fcrklerin karde\u015fli\u011fi var ve biz bunu hem Ruslara hem T\u00fcrklere anlatmak istiyoruz&#8221;<\/strong>&nbsp;ifadelerine yer verdi<\/p>\n","protected":false},"excerpt":{"rendered":"<p>Rus K\u00fclt\u00fcr\u00fc E\u011fitim ve Bilim Derne\u011fi y\u00f6netimi, 12 \u00f6\u011frenci ve 12 veliden olu\u015fan bir heyetle, Mersin B\u00fcy\u00fck\u015fehir Belediye Ba\u015fkan\u0131 Vahap Se\u00e7er&#8217;i ziyaret etti. Ziyarette Ba\u015fkan Se\u00e7er&#8217;e dernek taraf\u0131ndan Rus k\u00fclt\u00fcr\u00fcne ait lezzetler ikram edilirken bir \u00f6\u011frenci taraf\u0131ndan da kendi \u00e7izmi\u015f oldu\u011fu tablo hediye edildi. Heyet; Ba\u015fkan Se\u00e7er&#8217;e g\u00f6rev s\u00fcresince Mersin&#8217;deki her yurtta\u015fa e\u015fit hizmet etti\u011fi, [&hellip;]<\/p>\n","protected":false},"author":2,"featured_media":37766,"comment_status":"closed","ping_status":"closed","sticky":false,"template":"","format":"standard","meta":{"footnotes":""},"categories":[3],"tags":[],"class_list":["post-37765","post","type-post","status-publish","format-standard","has-post-thumbnail","hentry","category-manset"],"views":4,"_links":{"self":[{"href":"https:\/\/mersinkadingazetesi.com\/index.php?rest_route=\/wp\/v2\/posts\/37765"}],"collection":[{"href":"https:\/\/mersinkadingazetesi.com\/index.php?rest_route=\/wp\/v2\/posts"}],"about":[{"href":"https:\/\/mersinkadingazetesi.com\/index.php?rest_route=\/wp\/v2\/types\/post"}],"author":[{"embeddable":true,"href":"https:\/\/mersinkadingazetesi.com\/index.php?rest_route=\/wp\/v2\/users\/2"}],"replies":[{"embeddable":true,"href":"https:\/\/mersinkadingazetesi.com\/index.php?rest_route=%2Fwp%2Fv2%2Fcomments&post=37765"}],"version-history":[{"count":1,"href":"https:\/\/mersinkadingazetesi.com\/index.php?rest_route=\/wp\/v2\/posts\/37765\/revisions"}],"predecessor-version":[{"id":37767,"href":"https:\/\/mersinkadingazetesi.com\/index.php?rest_route=\/wp\/v2\/posts\/37765\/revisions\/37767"}],"wp:featuredmedia":[{"embeddable":true,"href":"https:\/\/mersinkadingazetesi.com\/index.php?rest_route=\/wp\/v2\/media\/37766"}],"wp:attachment":[{"href":"https:\/\/mersinkadingazetesi.com\/index.php?rest_route=%2Fwp%2Fv2%2Fmedia&parent=37765"}],"wp:term":[{"taxonomy":"category","embeddable":true,"href":"https:\/\/mersinkadingazetesi.com\/index.php?rest_route=%2Fwp%2Fv2%2Fcategories&post=37765"},{"taxonomy":"post_tag","embeddable":true,"href":"https:\/\/mersinkadingazetesi.com\/index.php?rest_route=%2Fwp%2Fv2%2Ftags&post=37765"}],"curies":[{"name":"wp","href":"https:\/\/api.w.org\/{rel}","templated":true}]}}