{"id":37771,"date":"2024-12-12T11:43:35","date_gmt":"2024-12-12T08:43:35","guid":{"rendered":"https:\/\/mersinkadingazetesi.com\/?p=37771"},"modified":"2024-12-12T11:43:36","modified_gmt":"2024-12-12T08:43:36","slug":"ogrenciler-belgesel-film-yapimini-konunun-uzmanlarindan-dinledi","status":"publish","type":"post","link":"https:\/\/mersinkadingazetesi.com\/?p=37771","title":{"rendered":"\u00d6\u011eRENC\u0130LER BELGESEL F\u0130LM YAPIMINI KONUNUN UZMANLARINDAN D\u0130NLED\u0130"},"content":{"rendered":"\n<p>Belgesel Sinemac\u0131lar Birli\u011fi (BSB) ve Sinema Eseri Sahipleri Meslek Birli\u011fi&#8217;nin, K\u00fclt\u00fcr Bakanl\u0131\u011f\u0131 Sinema Genel M\u00fcd\u00fcrl\u00fc\u011f\u00fc deste\u011fiyle hayata ge\u00e7irdi\u011fi&nbsp;<strong>&#8220;Anadolu \u00dcniversiteleri Belgesel Sinema At\u00f6lyeleri&#8221;<\/strong>&nbsp;projesi kapsam\u0131nda; Mersin \u00dcniversitesi \u0130leti\u015fim Fak\u00fcltesi Radyo, Televizyon ve Sinema B\u00f6l\u00fcm\u00fc \u00f6\u011frencilerine y\u00f6nelik&nbsp;<strong><em>&#8220;Belgesel Film Proje Geli\u015ftirme At\u00f6lyesi&#8221;<\/em><\/strong>&nbsp;d\u00fczenlendi. Mersin B\u00fcy\u00fck\u015fehir Belediyesi&#8217;nin ev sahipli\u011finde Mersin Sinema Ofisi&#8217;nin ev sahipli\u011finde ger\u00e7ekle\u015ftirilen at\u00f6lye, gen\u00e7 sinemac\u0131lara belgesel film yap\u0131m\u0131 konusunda de\u011ferli bilgiler sundu.<\/p>\n\n\n\n<p>At\u00f6lye&#8217;ye kat\u0131lan \u00f6\u011frenciler, Belgesel Sinemac\u0131lar Birli\u011fi Y\u00f6netim Kurulu Ba\u015fkan\u0131 ve Belgesel Y\u00f6netmeni Bahriye Kabaday\u0131 Dal, Maltepe \u00dcniversitesi Sinema TV B\u00f6l\u00fcm Ba\u015fkan\u0131 ve BSB Y\u00f6netim Kurulu Ba\u015fkan Yard\u0131mc\u0131s\u0131 Do\u00e7. Dr. Hakan Aytekin ile G\u00f6r\u00fcnt\u00fc Y\u00f6netmeni ve Belgeselci BSB \u00fcyesi Ozan Turgut&#8217;tan olu\u015fan uzman ekibin rehberli\u011finde, belgesel film projelerinin nas\u0131l geli\u015ftirilece\u011fine dair pratik bilgiler edindi. Mersin \u00dcniversitesi \u0130leti\u015fim Fak\u00fcltesi Radyo, Sinema ve Televizyon B\u00f6l\u00fcm\u00fc \u00f6\u011fretim \u00fcyelerinden ve Mersin Sinema Ofisi Dan\u0131\u015fman\u0131 Prof. Senem Duruel Erk\u0131l\u0131\u00e7 ile Do\u00e7. Dr. Hakan Erk\u0131l\u0131\u00e7 da \u00f6\u011frencilere e\u015flik etti.<\/p>\n\n\n\n<p>At\u00f6lye&#8217;de belgesel yap\u0131m s\u00fcre\u00e7lerinin her a\u015famas\u0131 ele al\u0131narak, \u00f6\u011frencilere finansman bulma y\u00f6ntemlerine kadar bir\u00e7ok konu derinlemesine anlat\u0131ld\u0131. Proje kapsam\u0131nda 7 \u015fehirde ve 9 \u00fcniversitede at\u00f6lye \u00e7al\u0131\u015fmas\u0131 yapan ekibin son dura\u011f\u0131 Mersin oldu. At\u00f6lye \u00e7al\u0131\u015fmas\u0131 sonunda \u00f6\u011frencilerin belgesel film proje \u00f6nerileri de\u011ferlendirilecek ve en be\u011fenilenlere destek sa\u011flanacak. Ger\u00e7ekle\u015ftirilen bu at\u00f6lye, gen\u00e7 belgeselcilerin sinematik bak\u0131\u015f a\u00e7\u0131lar\u0131n\u0131 geli\u015ftirmelerine ve projelerini profesyonel bir seviyeye ta\u015f\u0131malar\u0131na da imkan sa\u011fl\u0131yor.<\/p>\n\n\n\n<p><strong>Do\u00e7. Dr. Aytekin: &#8220;At\u00f6lye sonunda \u00f6\u011frencilerin fikirleri bir proje paketine d\u00f6n\u00fc\u015ft\u00fcr\u00fclecek&#8221;<\/strong><\/p>\n\n\n\n<p>Maltepe \u00dcniversitesi Sinema TV B\u00f6l\u00fcm Ba\u015fkan\u0131 ve BSB Y\u00f6netim Kurulu Ba\u015fkan Yard\u0131mc\u0131s\u0131 Do\u00e7. Dr. Hakan Aytekin, metropol d\u0131\u015f\u0131nda kalan yerlerde belgesel sinema konusunda destek olu\u015fturma hedefiyle yola \u00e7\u0131kt\u0131klar\u0131n\u0131 belirterek,&nbsp;<strong>&#8220;Bunun i\u00e7in de en \u00f6nemli kaynaklardan biri \u00fcniversitelerin ileti\u015fim fak\u00fcltelerinin sinema televizyonla ilgili b\u00f6l\u00fcmleri. Dolay\u0131s\u0131yla biz hedef grup olarak bunlar\u0131 se\u00e7tik. Burada, m\u00fcfredatlar\u0131na ek olarak belgesel sinemay\u0131 fiilen de yapan insanlar olarak &#8216;<em>belgesel projesi nas\u0131l haz\u0131rlanabilir, haz\u0131rlanan projelerde nelere dikkat edilmesi gerekir ve projeler kendilerine finans ya da yap\u0131m olanaklar\u0131 bulmak i\u00e7in ne t\u00fcr ortamlara sunulabilir&#8217;<\/em>&nbsp;konular\u0131nda bir at\u00f6lye d\u00fczenliyoruz&#8221;&nbsp;<\/strong>dedi.<\/p>\n\n\n\n<p>At\u00f6lye sonunda \u00f6\u011frencilerin belgesel film fikirlerinin bir proje paketine d\u00f6n\u00fc\u015ft\u00fcrebilece\u011fini aktaran, psikolojik anlamda travma tepkisinden ve destek mekanizmalar\u0131ndan bahsettiklerini kaydeden Do\u00e7 Dr. Aytekin,&nbsp;<strong>&#8220;Proje dosyalar\u0131n\u0131 tamamlad\u0131ktan sonra, gerek yurt i\u00e7inde gerekse yurt d\u0131\u015f\u0131nda onlara \u00f6nerece\u011fimiz yerlere proje dosyalar\u0131n\u0131 yollayacaklar. E\u011fer projeleri oralarda herhangi bir olanak bulursa, ki daha \u00f6nceki y\u0131llarda yapt\u0131\u011f\u0131m\u0131z deneyimler bunun m\u00fcmk\u00fcn oldu\u011funu g\u00f6steriyor. Biz s\u00fcreci bu sefer de projelerin desteklenmesi \u015feklinde y\u00fcr\u00fct\u00fcyoruz. Dolay\u0131s\u0131yla b\u00f6yle bir b\u00fct\u00fcn i\u00e7in buraday\u0131z&#8221;<\/strong>&nbsp;ifadelerini kulland\u0131.<\/p>\n\n\n\n<p><strong>Dal: &#8220;At\u00f6lyenin amac\u0131, belgesel sinema alan\u0131nda nitelikli projelerin \u00fcretilmesine destek olmak&#8221;<\/strong><\/p>\n\n\n\n<p>Belgesel Sinemac\u0131lar Birli\u011fi Y\u00f6netim Kurulu Ba\u015fkan\u0131 ve Belgesel Y\u00f6netmeni Bahriye Kabaday\u0131 Dal,&nbsp;<strong>&#8220;At\u00f6lyenin amac\u0131, belgesel sinema alan\u0131nda nitelikli projelerin \u00fcretilmesine destek olmak.&nbsp;<em>&#8216;Nas\u0131l bir fikir projeye d\u00f6n\u00fc\u015ft\u00fcr\u00fcl\u00fcr, destek almak i\u00e7in nerelere ba\u015fvurulabilir&#8217;<\/em>&nbsp;konular\u0131nda bir e\u011fitim verebilmek amac\u0131yla at\u00f6lyelere ba\u015flad\u0131k. Mersin, e\u011fitimlerimizin son aya\u011f\u0131. Bu ba\u011flamda Mersin \u00dcniversitesi \u00f6\u011frencilerinden de fikirlerini proje halinde sunmalar\u0131n\u0131 bekleyece\u011fiz&#8221;<\/strong>&nbsp;dedi.<\/p>\n\n\n\n<p><strong>Turgut: &#8220;At\u00f6lye hem akademik hem de pratik anlamda \u00e7ok k\u0131ymetli&#8221;<\/strong><\/p>\n\n\n\n<p>G\u00f6r\u00fcnt\u00fc Y\u00f6netmeni ve Belgesel Y\u00f6netmeni Ozan Turgut, at\u00f6lyenin hem akademik hem de pratik anlamda \u00e7ok k\u0131ymetli oldu\u011funu ifade ederek,&nbsp;<strong>&#8220;\u00dcniversitelerde \u00f6\u011frenciler akademik bilgiye sahip oluyorlar, fakat sahaya \u00e7\u0131kt\u0131klar\u0131nda akademik bilginin \u00e7ok da uygulanabilir olmad\u0131\u011f\u0131n\u0131 fark ediyorlar. Bunu daha ba\u015f\u0131nda g\u00f6r\u00fcp bu deneyimleri aktarmak \u00e7ok de\u011ferli bir hal al\u0131yor. Projenin amac\u0131; her at\u00f6lyeden istedi\u011fimiz en az 2-3 film \u00f6nerisinin \u00e7\u0131kmas\u0131 durumunda, bunu hayata ge\u00e7irebilecek destekleri sa\u011flayabilmek&#8221;&nbsp;<\/strong>diye konu\u015ftu.<\/p>\n\n\n\n<p><strong>Do\u00e7. Dr. Erk\u0131l\u0131\u00e7: &#8220;\u00d6\u011frenciler i\u00e7in bulunmaz bir f\u0131rsat&#8221;<\/strong><\/p>\n\n\n\n<p>Mersin \u00dcniversitesi \u0130leti\u015fim Fak\u00fcltesi Radyo, Sinema ve Televizyon B\u00f6l\u00fcm\u00fc \u00d6\u011fretim \u00dcyesi ve Mersin Sinema Ofisi Dan\u0131\u015fman\u0131 Do\u00e7. Dr. Hakan Erk\u0131l\u0131\u00e7,&nbsp;<strong>&#8221;&nbsp;<em>&#8216;Belgesel fikri, belgesel sinema nedir, bir belgesel projesini nas\u0131l yapar\u0131m, bir belgesel fikrini bir projeye nas\u0131l d\u00f6n\u00fc\u015ft\u00fcr\u00fcr\u00fcm, yap\u0131m klas\u00f6r\u00fc nas\u0131l haz\u0131rlar\u0131m&#8217;&nbsp;<\/em>gibis\u00fcre\u00e7leri, Belgesel Sinemac\u0131lar Birli\u011fi&#8217;nin profesyonel \u00fcyelerinden \u00f6\u011freniyorlar. \u00d6\u011frenciler i\u00e7in bulunmaz bir f\u0131rsat. Yani bu ekibin \u015f\u00f6yle bir \u00f6zelli\u011fi var; i\u015fin hem teorik k\u0131sm\u0131n\u0131 biliyorlar hem s\u00fcrekli belgesel yap\u0131yorlar. Dolay\u0131s\u0131yla teorik anlamda anlat\u0131rken, ayn\u0131 zamanda kendi uygulamalar\u0131ndan ve deneyimlerinden de \u00f6rnekler veriyorlar&#8221;&nbsp;<\/strong>ifadelerine yer verdi.<\/p>\n\n\n\n<p><strong>Prof. Erk\u0131l\u0131\u00e7: \u00d6\u011frencilerimizin belgesel sinemay\u0131 do\u011frudan \u00fcretimde bulunanlardan dinliyor olmalar\u0131 \u00e7ok \u00f6nemli&#8221;<\/strong><\/p>\n\n\n\n<p>Mersin \u00dcniversitesi \u0130leti\u015fim Fak\u00fcltesi Radyo, Sinema ve Televizyon B\u00f6l\u00fcm\u00fc \u00d6\u011fretim \u00dcyesi ve Mersin Sinema Ofisi Dan\u0131\u015fman\u0131 Prof. Senem Duruel Erk\u0131l\u0131\u00e7, Mersin Sinema Ofisi&#8217;nin ev sahipli\u011finde ge\u00e7en sene de belgesel sinema at\u00f6lye \u00e7al\u0131\u015fmas\u0131 ger\u00e7ekle\u015ftirildi\u011fini ifade ederek,&nbsp;<strong>&#8220;\u00d6\u011frencilerimizin belgesel sinemay\u0131, do\u011frudan \u00fcretimde bulunanlardan dinliyor olmalar\u0131 ve ayn\u0131 zamanda akademisyen olarak farkl\u0131 bir perspektiften Hakan Aytekin hocadan da bunu dinliyor olmalar\u0131 \u00e7ok \u00f6nemli. Farkl\u0131 sesler duyarak, pratikte bu i\u015fin nas\u0131l yap\u0131ld\u0131\u011f\u0131n\u0131 dinleyerek \u00f6\u011frenmelerinin, \u00f6\u011frencilerin ilerlemesi i\u00e7in \u00e7ok \u00f6nemli bir kaynak oldu\u011funu d\u00fc\u015f\u00fcn\u00fcyorum. Bu projeler ileride bir tak\u0131m projeler ortaya \u00e7\u0131kmas\u0131 i\u00e7in de \u00e7ok \u00f6nemli bir ba\u015flang\u0131\u00e7 noktas\u0131 oluyor. Mersin Sinema Ofisi hem \u00f6\u011frenciler, hem de kentteki di\u011fer sinema \u00fcretiminde bulunacak olan herkes i\u00e7in \u00f6nemli bir taban olu\u015fturuyor&#8221;&nbsp;<\/strong>dedi.<\/p>\n\n\n\n<p><strong>At\u00f6lyeye kat\u0131lan \u00f6\u011frenciler memnun<\/strong><\/p>\n\n\n\n<p>Mersin \u00dcniversitesi Radyo Televizyon ve Sinema B\u00f6l\u00fcm\u00fc 4. s\u0131n\u0131f \u00f6\u011frencisi Yaren Sena Demirel<strong>, &#8220;Ben bu at\u00f6lyeye kat\u0131lana kadar belgeselden hep ka\u00e7\u0131yordum, \u00e7ok korkuyordum. Hi\u00e7 benim alan\u0131m de\u011fil gibi geliyordu. Ama burada \u00f6\u011frendim ki, bir \u015feylerin derinlemesine bak\u0131lmas\u0131 belgesel \u00fczerinden olabilen bir \u015feymi\u015f. \u0130yi ki gelmi\u015fim. \u00c7ok heyecanl\u0131y\u0131m ve daha \u00f6\u011frenece\u011fim \u015fey var. \u00c7ok etkili oldu&#8221;&nbsp;<\/strong>diye konu\u015ftu.<\/p>\n\n\n\n<p>Mersin \u00dcniversitesi Radyo Televizyon ve Sinema B\u00f6l\u00fcm\u00fc 2. s\u0131n\u0131f \u00f6\u011frencisi Mehmet K\u00f6ksal,&nbsp;<strong>&#8220;At\u00f6lye&#8217;nin, belgesele ba\u015flamak hakk\u0131nda kafamdaki sorular\u0131 cevaplad\u0131\u011f\u0131n\u0131 d\u00fc\u015f\u00fcn\u00fcyorum. En az\u0131ndan&nbsp;<em>&#8216;ba\u015flamak i\u00e7in bir fikir nas\u0131l olu\u015fturulur, neye dikkat etmemiz ve nas\u0131l bir ara\u015ft\u0131rma yapmam\u0131z gerekiyor&#8217;<\/em>&nbsp;gibi konular\u0131 \u00f6\u011frendik diyebilirim&#8221;<\/strong>&nbsp;dedi.<\/p>\n\n\n\n<p>Radyo Televizyon ve Sinema B\u00f6l\u00fcm\u00fc 2. s\u0131n\u0131f \u00f6\u011frencisi \u0130kra \u0130rem Demir ise,&nbsp;<strong>&#8220;Asl\u0131nda hi\u00e7 g\u00f6rmedi\u011fim yerlerden yola \u00e7\u0131karak bir \u015feyler yapabilece\u011fimizi d\u00fc\u015f\u00fcn\u00fcyordum, ama \u00f6yle de\u011filmi\u015f. Kendi hayat\u0131m\u0131zdan yola \u00e7\u0131karsak, daha verimli i\u015fler \u00e7\u0131kartabiliriz. Bana \u00e7ok farkl\u0131 bak\u0131\u015f a\u00e7\u0131lar\u0131 kazand\u0131rd\u0131. De\u011fi\u015fik alanlarda da \u00e7al\u0131\u015fabilece\u011fimizi \u00f6\u011frenmi\u015f oldum&#8221;&nbsp;<\/strong>ifadelerine yer verdi.<\/p>\n","protected":false},"excerpt":{"rendered":"<p>Belgesel Sinemac\u0131lar Birli\u011fi (BSB) ve Sinema Eseri Sahipleri Meslek Birli\u011fi&#8217;nin, K\u00fclt\u00fcr Bakanl\u0131\u011f\u0131 Sinema Genel M\u00fcd\u00fcrl\u00fc\u011f\u00fc deste\u011fiyle hayata ge\u00e7irdi\u011fi&nbsp;&#8220;Anadolu \u00dcniversiteleri Belgesel Sinema At\u00f6lyeleri&#8221;&nbsp;projesi kapsam\u0131nda; Mersin \u00dcniversitesi \u0130leti\u015fim Fak\u00fcltesi Radyo, Televizyon ve Sinema B\u00f6l\u00fcm\u00fc \u00f6\u011frencilerine y\u00f6nelik&nbsp;&#8220;Belgesel Film Proje Geli\u015ftirme At\u00f6lyesi&#8221;&nbsp;d\u00fczenlendi. Mersin B\u00fcy\u00fck\u015fehir Belediyesi&#8217;nin ev sahipli\u011finde Mersin Sinema Ofisi&#8217;nin ev sahipli\u011finde ger\u00e7ekle\u015ftirilen at\u00f6lye, gen\u00e7 sinemac\u0131lara belgesel film yap\u0131m\u0131 [&hellip;]<\/p>\n","protected":false},"author":2,"featured_media":37772,"comment_status":"closed","ping_status":"closed","sticky":false,"template":"","format":"standard","meta":{"footnotes":""},"categories":[3,5],"tags":[],"class_list":["post-37771","post","type-post","status-publish","format-standard","has-post-thumbnail","hentry","category-manset","category-mersin"],"views":4,"_links":{"self":[{"href":"https:\/\/mersinkadingazetesi.com\/index.php?rest_route=\/wp\/v2\/posts\/37771"}],"collection":[{"href":"https:\/\/mersinkadingazetesi.com\/index.php?rest_route=\/wp\/v2\/posts"}],"about":[{"href":"https:\/\/mersinkadingazetesi.com\/index.php?rest_route=\/wp\/v2\/types\/post"}],"author":[{"embeddable":true,"href":"https:\/\/mersinkadingazetesi.com\/index.php?rest_route=\/wp\/v2\/users\/2"}],"replies":[{"embeddable":true,"href":"https:\/\/mersinkadingazetesi.com\/index.php?rest_route=%2Fwp%2Fv2%2Fcomments&post=37771"}],"version-history":[{"count":1,"href":"https:\/\/mersinkadingazetesi.com\/index.php?rest_route=\/wp\/v2\/posts\/37771\/revisions"}],"predecessor-version":[{"id":37773,"href":"https:\/\/mersinkadingazetesi.com\/index.php?rest_route=\/wp\/v2\/posts\/37771\/revisions\/37773"}],"wp:featuredmedia":[{"embeddable":true,"href":"https:\/\/mersinkadingazetesi.com\/index.php?rest_route=\/wp\/v2\/media\/37772"}],"wp:attachment":[{"href":"https:\/\/mersinkadingazetesi.com\/index.php?rest_route=%2Fwp%2Fv2%2Fmedia&parent=37771"}],"wp:term":[{"taxonomy":"category","embeddable":true,"href":"https:\/\/mersinkadingazetesi.com\/index.php?rest_route=%2Fwp%2Fv2%2Fcategories&post=37771"},{"taxonomy":"post_tag","embeddable":true,"href":"https:\/\/mersinkadingazetesi.com\/index.php?rest_route=%2Fwp%2Fv2%2Ftags&post=37771"}],"curies":[{"name":"wp","href":"https:\/\/api.w.org\/{rel}","templated":true}]}}