{"id":37774,"date":"2024-12-12T11:45:40","date_gmt":"2024-12-12T08:45:40","guid":{"rendered":"https:\/\/mersinkadingazetesi.com\/?p=37774"},"modified":"2024-12-12T11:45:41","modified_gmt":"2024-12-12T08:45:41","slug":"dilek-panosu-projesi-ile-cocuklara-yeni-yil-hediyesi","status":"publish","type":"post","link":"https:\/\/mersinkadingazetesi.com\/?p=37774","title":{"rendered":"D\u0130LEK PANOSU PROJES\u0130 \u0130LE \u00c7OCUKLARA YEN\u0130 YIL HED\u0130YES\u0130"},"content":{"rendered":"\n<p>Mersin Barosu \u00c7ocuk Haklar\u0131 Merkezi ve Mersin Kent Konseyi i\u015f birli\u011finde ger\u00e7ekle\u015ftirilen &#8216;Dilek Panosu Projesi&#8217; ile Mersin Sevgi Evleri&#8217;nde kalan \u00e7ocuklar\u0131n y\u00fcz\u00fc yeni y\u0131l hediyesiyle g\u00fclecek.<\/p>\n\n\n\n<p>Dilekte bulunan \u00e7ocuklar\u0131n hayallerine kavu\u015ftu\u011fu etkinlik kapsam\u0131nda; \u00e7ocuklar\u0131n isteklerinin yaz\u0131l\u0131 oldu\u011fu k\u00fc\u00e7\u00fck k\u00e2\u011f\u0131tlar zarf\u0131n i\u00e7ine yerle\u015ftirilip, Mersin Barosu avukatlar odas\u0131nda yer alan panoya as\u0131ld\u0131. Mersin Barosu y\u00f6netim kurulu \u00fcyeleri ve \u00c7ocuk Haklar\u0131 Merkezi Ba\u015fkan\u0131 Av. Dilan Topalo\u011flu&#8217;nun yer ald\u0131\u011f\u0131 etkinlikte avukatlar, panodan diledi\u011fi zarf\u0131 \u00e7ekerek, zarfta yazan hediyeleri temin edecek.<\/p>\n\n\n\n<p>\u00c7ocuklar\u0131n hediyeleri i\u00e7in ayr\u0131ca nakdi yard\u0131m da yap\u0131ld\u0131. \u00c7ocuklara hediyeleri, 19 Aral\u0131k&#8217;ta Hilton Otel&#8217;de yap\u0131lacak y\u0131l sonu e\u011flencesinde \u00c7ocuk Haklar\u0131 Merkezimiz taraf\u0131ndan teslim edilecek.&nbsp;<\/p>\n","protected":false},"excerpt":{"rendered":"<p>Mersin Barosu \u00c7ocuk Haklar\u0131 Merkezi ve Mersin Kent Konseyi i\u015f birli\u011finde ger\u00e7ekle\u015ftirilen &#8216;Dilek Panosu Projesi&#8217; ile Mersin Sevgi Evleri&#8217;nde kalan \u00e7ocuklar\u0131n y\u00fcz\u00fc yeni y\u0131l hediyesiyle g\u00fclecek. Dilekte bulunan \u00e7ocuklar\u0131n hayallerine kavu\u015ftu\u011fu etkinlik kapsam\u0131nda; \u00e7ocuklar\u0131n isteklerinin yaz\u0131l\u0131 oldu\u011fu k\u00fc\u00e7\u00fck k\u00e2\u011f\u0131tlar zarf\u0131n i\u00e7ine yerle\u015ftirilip, Mersin Barosu avukatlar odas\u0131nda yer alan panoya as\u0131ld\u0131. Mersin Barosu y\u00f6netim kurulu \u00fcyeleri [&hellip;]<\/p>\n","protected":false},"author":2,"featured_media":37775,"comment_status":"closed","ping_status":"closed","sticky":false,"template":"","format":"standard","meta":{"footnotes":""},"categories":[3],"tags":[],"class_list":["post-37774","post","type-post","status-publish","format-standard","has-post-thumbnail","hentry","category-manset"],"views":3,"_links":{"self":[{"href":"https:\/\/mersinkadingazetesi.com\/index.php?rest_route=\/wp\/v2\/posts\/37774"}],"collection":[{"href":"https:\/\/mersinkadingazetesi.com\/index.php?rest_route=\/wp\/v2\/posts"}],"about":[{"href":"https:\/\/mersinkadingazetesi.com\/index.php?rest_route=\/wp\/v2\/types\/post"}],"author":[{"embeddable":true,"href":"https:\/\/mersinkadingazetesi.com\/index.php?rest_route=\/wp\/v2\/users\/2"}],"replies":[{"embeddable":true,"href":"https:\/\/mersinkadingazetesi.com\/index.php?rest_route=%2Fwp%2Fv2%2Fcomments&post=37774"}],"version-history":[{"count":1,"href":"https:\/\/mersinkadingazetesi.com\/index.php?rest_route=\/wp\/v2\/posts\/37774\/revisions"}],"predecessor-version":[{"id":37776,"href":"https:\/\/mersinkadingazetesi.com\/index.php?rest_route=\/wp\/v2\/posts\/37774\/revisions\/37776"}],"wp:featuredmedia":[{"embeddable":true,"href":"https:\/\/mersinkadingazetesi.com\/index.php?rest_route=\/wp\/v2\/media\/37775"}],"wp:attachment":[{"href":"https:\/\/mersinkadingazetesi.com\/index.php?rest_route=%2Fwp%2Fv2%2Fmedia&parent=37774"}],"wp:term":[{"taxonomy":"category","embeddable":true,"href":"https:\/\/mersinkadingazetesi.com\/index.php?rest_route=%2Fwp%2Fv2%2Fcategories&post=37774"},{"taxonomy":"post_tag","embeddable":true,"href":"https:\/\/mersinkadingazetesi.com\/index.php?rest_route=%2Fwp%2Fv2%2Ftags&post=37774"}],"curies":[{"name":"wp","href":"https:\/\/api.w.org\/{rel}","templated":true}]}}