{"id":37777,"date":"2024-12-12T11:46:43","date_gmt":"2024-12-12T08:46:43","guid":{"rendered":"https:\/\/mersinkadingazetesi.com\/?p=37777"},"modified":"2024-12-12T11:46:44","modified_gmt":"2024-12-12T08:46:44","slug":"secer-sayin-cumhurbaskani-bize-uvey-evlat-muamelesi-yapmasin","status":"publish","type":"post","link":"https:\/\/mersinkadingazetesi.com\/?p=37777","title":{"rendered":"SE\u00c7ER: &#8220;SAYIN CUMHURBA\u015eKANI B\u0130ZE \u00dcVEY EVLAT MUAMELES\u0130 YAPMASIN&#8221;"},"content":{"rendered":"\n<p>Mersin B\u00fcy\u00fck\u015fehir Belediye Ba\u015fkan\u0131 Vahap Se\u00e7er; Gazeteci-Yazar Enver Aysever&#8217;in Youtube kanal\u0131nda yay\u0131nlanan&nbsp;<strong><em>&#8216;Radikal Tahamm\u00fcls\u00fcz&#8217;&nbsp;<\/em><\/strong>program\u0131na konuk oldu. . Programda; Cumhurba\u015fkan\u0131 Recep Tayyip Erdo\u011fan&#8217;\u0131n<em>&#8216;<strong>CHP&#8217;i Belediyeleri silkeleyin!&#8217;&nbsp;<\/strong><\/em>s\u00f6zlerindenSGK ve vergi bor\u00e7lar\u0131 konusuna, Cumhurba\u015fkanl\u0131\u011f\u0131 adayl\u0131\u011f\u0131 tart\u0131\u015fmalar\u0131ndan Suriye meselesine kadar d\u00fcnya ve T\u00fcrkiye g\u00fcndemine ili\u015fkin pek \u00e7ok konu hakk\u0131nda de\u011ferlendirmeler yap\u0131ld\u0131.<\/p>\n\n\n\n<p><strong>&#8220;Say\u0131n Cumhurba\u015fkan\u0131 bize \u00fcvey evlat muamelesi yapmas\u0131n&#8221;<\/strong><\/p>\n\n\n\n<p>Gazeteci-Yazar Enver Aysever&#8217;in, Cumhurba\u015fkan\u0131 Recep Tayyip Erdo\u011fan&#8217;\u0131n<em>&#8216;<strong>CHP&#8217;i Belediyeleri silkeleyin!&#8217;&nbsp;<\/strong><\/em>s\u00f6zlerini hat\u0131rlatmas\u0131 ve Mersin B\u00fcy\u00fck\u015fehir Belediye Ba\u015fkan\u0131 Vahap Se\u00e7er&#8217;in de buna hakl\u0131 bir isyanda bulundu\u011funu ifade etmesi \u00fczerine konu\u015fan Ba\u015fkan Se\u00e7er,&nbsp;<strong>&#8220;Say\u0131n Cumhurba\u015fkan\u0131 herkesin Cumhurba\u015fkan\u0131 ise hepimizin Cumhurba\u015fkan\u0131 ise hangi siyasi partiye mensup olursak olal\u0131m belediyeler de devletin bir kurumudur, hepimizin Cumhurba\u015fkan\u0131d\u0131r. Do\u011fal olarak da bize farkl\u0131 bir muamele g\u00f6r\u00fclmesi \u00e7ok uygun de\u011fil. Say\u0131n Cumhurba\u015fkan\u0131 bize \u00fcvey evlat muamelesi yapmas\u0131n&#8221;&nbsp;<\/strong>dedi.<\/p>\n\n\n\n<p><strong>Se\u00e7er SGK bor\u00e7lar\u0131na ili\u015fkin konu\u015ftu: &#8220;Bu tamamen adaletsizlik&#8221;<\/strong><\/p>\n\n\n\n<p>CHP&#8217;li belediyelerin SGK ve vergi bor\u00e7lar\u0131 konusuna ili\u015fkin de a\u00e7\u0131klamalarda bulunan Se\u00e7er, s\u00f6z konusu bor\u00e7lar hakk\u0131nda belediyelerin bir yap\u0131lanma beklerken hacizlerin ve tebligatlar\u0131n geldi\u011fini belirterek,&nbsp;<strong>&#8220;Mesele \u015fu; bu bor\u00e7lar\u0131n nereden kaynakland\u0131\u011f\u0131na bakmak laz\u0131m. Bug\u00fcne kadar bir\u00e7ok b\u00fcy\u00fck kenti, il belediyesini ya da il\u00e7e belde belediyesini Cumhur \u0130ttifak\u0131&#8217;na mensup belediye ba\u015fkanlar\u0131 y\u00f6netiyordu. E\u011fer bir bor\u00e7 birikimi varsa zaten onlardan aktar\u0131lan bor\u00e7lar. Do\u011fal olarak da Cumhuriyet Halk Partili belediye ba\u015fkanlar\u0131 k\u00f6t\u00fc bir miras ile kar\u015f\u0131 kar\u015f\u0131ya kald\u0131lar&#8221;&nbsp;<\/strong>diye belirtti.<\/p>\n\n\n\n<p>Yeni se\u00e7ilen CHP&#8217;li belediye ba\u015fkanlar\u0131n\u0131n k\u00f6t\u00fc bir mirasla kar\u015f\u0131 kar\u015f\u0131ya kald\u0131klar\u0131n\u0131 kaydederken; 2.&nbsp;&nbsp;d\u00f6nemlerine ba\u015flayan belediye ba\u015fkanlar\u0131na da bu kez kamuya olan bor\u00e7lar konusu \u00fczerinden bask\u0131 kurulmaya \u00e7al\u0131\u015f\u0131ld\u0131\u011f\u0131n\u0131 vurgulayan Se\u00e7er,&nbsp;<strong>&#8220;Bu tamamen adaletsizlik. Say\u0131n Cumhurba\u015fkan\u0131&#8217;n\u0131n bu konuyu diline pelesenk etmesini de anlam\u0131\u015f de\u011filim. Asl\u0131nda kendi kendine zarar veriyor. B\u0131rak\u0131n bir belediye ba\u015fkan\u0131n\u0131, d\u0131\u015far\u0131dan bir se\u00e7men olarak ben de\u011ferlendirme yapsam, AK Parti&#8217;ye de oy veren bir se\u00e7men olsam;&nbsp;<em>&#8216;Bug\u00fcne kadar hi\u00e7 bu konulara girmiyordunuz da, belediyeleri kaybedince mi akl\u0131n\u0131zda belediyelerden SGK&#8217;n\u0131n vergi dairelerinin alaca\u011f\u0131 geldi?&#8217;&nbsp;<\/em>diye d\u00fc\u015f\u00fcn\u00fcr\u00fcm. Belediyelerin bor\u00e7 y\u00fck\u00fcne, SGK&#8217;n\u0131n, vergi dairelerinin T\u00fcrkiye&#8217;de genel alacaklar\u0131na bak\u0131n, \u00e7ok k\u00fc\u00e7\u00fck bir oran\u0131n\u0131n belediyelerin borcu oldu\u011funu g\u00f6r\u00fcrs\u00fcn\u00fcz&#8221;&nbsp;<\/strong>dedi.<\/p>\n\n\n\n<p><strong>&#8220;Engellemelere ra\u011fmen ba\u015far\u0131l\u0131 olduk&#8221;<\/strong><\/p>\n\n\n\n<p>Mersin B\u00fcy\u00fck\u015fehir olarak g\u00f6reve geldikleri g\u00fcnden bug\u00fcne k\u00fcm\u00fclatifte 250 milyon dolara yak\u0131n bor\u00e7 azalmalar\u0131 oldu\u011funu ifade eden Se\u00e7er,&nbsp;<strong>&#8220;530 milyon dolar bor\u00e7 vard\u0131. \u015eu anda 300 milyon dolar borcumuz bile yok. 250 milyon dolara yak\u0131n bir bor\u00e7 azalmas\u0131 oldu. \u00c7\u00fcnk\u00fc mali disiplini sa\u011flamak i\u00e7in \u00e7aba sarf ettik. Meclis \u00e7o\u011funlu\u011fumuz yoktu ve bor\u00e7lanma yetkisi alam\u0131yorduk. Bunlara ra\u011fmen ba\u015far\u0131l\u0131 olduk&#8221;&nbsp;<\/strong>ifadelerine yer verdi.<\/p>\n\n\n\n<p><strong>&#8220;\u00d6n\u00fcm\u00fcz\u00fcn a\u00e7\u0131lmas\u0131 engellendi, b\u00fcy\u00fck s\u0131k\u0131nt\u0131lar ya\u015fad\u0131k&#8221;<\/strong><\/p>\n\n\n\n<p>Aysever&#8217;in finansman bulma ve bor\u00e7lanma sorunlar\u0131na ili\u015fkin de maddi olarak bir k\u0131ska\u00e7 alt\u0131nda olup olmad\u0131klar\u0131n\u0131 sormas\u0131 \u00fczerine konu\u015fan Se\u00e7er,&nbsp;<strong>&#8220;Ge\u00e7ti\u011fimiz d\u00f6nem bunu \u00e7ok y\u00fcksek \u015fiddetle ya\u015fad\u0131k. Do\u011fal ak\u0131\u015f\u0131 i\u00e7erisinde at\u0131lacak imzalar, verilecek izinler maalesef engellendi ve b\u00fcy\u00fck s\u0131k\u0131nt\u0131lar ya\u015fad\u0131k. \u015eimdi 2. d\u00f6nemimizde bunlar\u0131 a\u015fmaya \u00e7al\u0131\u015f\u0131yoruz. Genel siyasette de \u00e7ok konu\u015fuldu,<em>&nbsp;&#8216;Normalle\u015fme S\u00fcreci acaba bize bir yarar sa\u011flayacak m\u0131?&#8217;<\/em>&nbsp;diye bir beklentimiz de olmad\u0131 de\u011fil ama g\u00f6r\u00fcyorum ki hala \u015fik\u00e2yet etti\u011fimiz konular var. Bunlar\u0131 ileti\u015fim kurarak \u00e7\u00f6zmeye \u00e7al\u0131\u015f\u0131yoruz&#8221;&nbsp;<\/strong>dedi.<\/p>\n\n\n\n<p><strong>&#8220;Normalle\u015fme \u00e7abalar\u0131 bizim taraf\u0131m\u0131zdan de\u011fil, iktidar taraf\u0131ndan yap\u0131lmal\u0131&#8221;<\/strong><\/p>\n\n\n\n<p>CHP&#8217;nin normalle\u015fme ad\u0131mlar\u0131na ili\u015fkin yorumlar\u0131n\u0131 merak eden Aysever&#8217;e yan\u0131t veren Se\u00e7er,&nbsp;<strong>&#8220;Partimin y\u00fcr\u00fctt\u00fc\u011f\u00fc siyaseti normal g\u00f6rd\u00fc\u011f\u00fcm i\u00e7in normalle\u015fme \u00e7abalar\u0131n\u0131n bizim taraf\u0131m\u0131zdan de\u011fil, iktidar taraf\u0131ndan yap\u0131lmas\u0131 gerekti\u011fini s\u00f6yledim. Anormal bir \u015fey varsa normalle\u015firsiniz. \u015eahs\u0131m ve partim ad\u0131na bunu s\u00f6yleyebilirim; anormal bir \u015fey olmad\u0131\u011f\u0131 i\u00e7in bu kavram bizim \u00fczerimize \u00e7ok oturmuyor. Normal olan bizim yapt\u0131\u011f\u0131m\u0131z, yapmaya da devam edece\u011fiz&#8221;<\/strong>&nbsp;diyerek, baz\u0131 problemlerin kar\u015f\u0131l\u0131kl\u0131 konu\u015farak \u00e7\u00f6z\u00fclebilece\u011fini ve normal olan\u0131n da bu oldu\u011funu kaydetti. Se\u00e7er,&nbsp;<strong>&#8220;Biz hep normal olan\u0131 yapmaya gayret ettik. \u0130lk 5 y\u0131ll\u0131k hizmet y\u0131l\u0131m\u0131zda da \u00f6n\u00fcm\u00fcze \u00e7\u0131kar\u0131lan engellerde hep bu tav\u0131rlar i\u00e7erisindeydik. Bu kavramlar etraf\u0131nda \u00e7ok zaman ge\u00e7irmenin do\u011fru olmad\u0131\u011f\u0131n\u0131 s\u00f6yleyebilirim&#8221;<\/strong>&nbsp;s\u00f6zlerine yer verdi.<\/p>\n\n\n\n<p><strong>&#8220;Vicdanen ve hukuken rahat\u0131z; normal olan bu&#8221;<\/strong><\/p>\n\n\n\n<p>T\u00fcrkiye&#8217;de ya\u015fan\u0131lan olaylara ili\u015fkin Mersin&#8217;i \u00f6rnek g\u00f6steren Se\u00e7er,&nbsp;<strong>&#8220;Hep adalet, ayr\u0131mc\u0131l\u0131k vurgusu yap\u0131yoruz. \u015eikayet etti\u011fimiz temel konular var; \u00f6zg\u00fcrl\u00fckler, ifade \u00f6zg\u00fcrl\u00fc\u011f\u00fc, yarg\u0131 ba\u011f\u0131ms\u0131zl\u0131\u011f\u0131 vesaire. B\u00fct\u00fcn bu anormal olanlar\u0131n i\u00e7erisinde ben Mersin&#8217;de y\u00f6netim anlay\u0131\u015f\u0131nda 2019 y\u0131l\u0131ndan beri&nbsp;<em>&#8216;Adalet&#8217;<\/em>&nbsp;dedim. Herkese e\u015fit hizmet var, ayr\u0131mc\u0131l\u0131k yok. Siyasi g\u00f6r\u00fc\u015f\u00fcnden, mezhebinden, ekonomik yap\u0131s\u0131ndan dolay\u0131&nbsp;<em>&#8216;Sen benim yan\u0131mdas\u0131n, sen benim kar\u015f\u0131mdas\u0131n&#8217;&nbsp;<\/em>anlay\u0131\u015f\u0131n\u0131 ortadan kald\u0131rd\u0131m&#8221;<\/strong>&nbsp;dedi. CHP&#8217;li bir belediye ba\u015fkan\u0131 oldu\u011funu hat\u0131rlatan Se\u00e7er,&nbsp;<strong>&#8220;Ben uygulamalar\u0131mda herkesin belediye ba\u015fkan\u0131y\u0131m. \u0130\u015fte normal olan bu; adaleti sa\u011fl\u0131yoruz, vicdanen ve hukuken rahat\u0131z. Biz normal olan\u0131 yapmaya devam edece\u011fiz&#8221;<\/strong>&nbsp;\u015feklinde konu\u015ftu.<\/p>\n\n\n\n<p>Her yerde cesurca CHP&#8217;li oldu\u011funu s\u00f6yledi\u011fini belirten Se\u00e7er,&nbsp;<strong>&#8220;<em>&#8216;Vahap Se\u00e7er Belediyecili\u011fi&#8217;<\/em>&nbsp;diye bir kavram bizi s\u0131k\u0131nt\u0131ya sokar. Vahap Se\u00e7er, CHP&#8217;li bir belediye ba\u015fkan\u0131d\u0131r. CHP&#8217;nin sosyal belediyecilik ve halk\u00e7\u0131 belediyecilik anlay\u0131\u015f\u0131n\u0131 uygulayan bir belediye ba\u015fkan\u0131 olarak an\u0131l\u0131rsak partinin oy oran\u0131 y\u00fckselir&#8221;<\/strong>&nbsp;diye konu\u015ftu.<\/p>\n\n\n\n<p><strong>&#8220;D\u00f6nemin atmosferine g\u00f6re konu\u015fmuyorum&#8221;<\/strong><\/p>\n\n\n\n<p>Aysever&#8217;in; parti ismi yerine ki\u015fi isimlerin konu\u015fulmas\u0131n\u0131 do\u011fru bulup bulmad\u0131\u011f\u0131n\u0131 sormas\u0131 \u00fczerine Se\u00e7er,&nbsp;<strong>&#8220;Ben CHP&#8217;nin misyoneriyim ve CHP&#8217;nin misyoneri gibi konu\u015fuyorum. D\u00f6nemin atmosferine ya da ruhuna g\u00f6re konu\u015fmuyorum. Eski tablolara g\u00f6re de \u015fimdiye g\u00f6re de yar\u0131nlara g\u00f6re de konu\u015fmuyorum. Emin olabilirsiniz ki amac\u0131m bir yerlere mesaj g\u00f6ndermek ya da birilerini ele\u015ftirmek de\u011fil. CHP&#8217;lilik konusunda bir misyon y\u00fcklenmi\u015fim. Yapmam ve uygulamam gereken bu&#8221;<\/strong>&nbsp;dedi. Ki\u015filerin partisini bir yana b\u0131rakarak sadece kendi hizmetlerini anlatmas\u0131n\u0131n do\u011fru olmad\u0131\u011f\u0131n\u0131 s\u00f6zlerine ekleyen Ba\u015fkan Se\u00e7er,&nbsp;<strong><em>&#8216;Asla CHP&#8217;ye oy vermem!&#8217;<\/em><\/strong>&nbsp;diyen vatanda\u015flar\u0131n oyunu alabilmek i\u00e7in CHP&#8217;nin anlat\u0131lmas\u0131 gerekti\u011fini aktard\u0131.<\/p>\n\n\n\n<p><strong>&#8220;Cumhurba\u015fkanl\u0131\u011f\u0131 i\u00e7in erkenden isim zikretmek partiye ve insanlara zarar verir&#8221;<\/strong><\/p>\n\n\n\n<p>Aysever; Se\u00e7er&#8217;e CHP&#8217;nin Cumhurba\u015fkan\u0131 aday\u0131 olarak Ekrem \u0130mamo\u011flu ve Mansur Yava\u015f&#8217;\u0131n isimlerinin zikredilmesini do\u011fru bulup bulmad\u0131\u011f\u0131n\u0131 da sordu. Aysever&#8217;in&nbsp;<strong><em>&#8216;Biz bu kadar ba\u015far\u0131l\u0131 g\u00f6rev yapan insanlarken neden biz Cumhurba\u015fkan\u0131 olmayal\u0131m?&#8217;<\/em><\/strong>&nbsp;diyor musunuz sorusu \u00fczerine ise Se\u00e7er \u015funlar\u0131 s\u00f6yledi:<\/p>\n\n\n\n<p><strong>&#8220;Aday olmak, niyet etmek herkesin hakk\u0131. Siyaset bir iddia ortaya koyma i\u015fidir. Farkl\u0131 alanlarda her zaman g\u00f6rev almak istersiniz. Herkes cumhurba\u015fkan\u0131 adayl\u0131\u011f\u0131 d\u00fc\u015f\u00fcn\u00fclebilir. \u0130stanbul, Ankara, \u0130zmir; hangi kentin belediye ba\u015fkan\u0131ysan\u0131z bu fark etmiyor. Ben buna daha \u00f6nce de farkl\u0131 yerlerde de\u011findim; her kimse; yeri ve zaman\u0131 de\u011ferlendirecek olursak \u00e7ok do\u011fru bir yerde ve zamanda de\u011filiz. Bu zarar verir. Bu kimseye bir fayda getirmez. Bu yar\u0131\u015f, insanlar\u0131 ve partiyi b\u00f6ler, yorar ve y\u0131prat\u0131r. Ba\u015fkanlar\u0131m\u0131z\u0131n her biri ayr\u0131 bir de\u011fer, toplumsal kar\u015f\u0131l\u0131\u011f\u0131 olan insanlar. Bu kadar toplumsal kar\u015f\u0131l\u0131\u011f\u0131 olan insanlar bu kadar erken bir zamanda neden bir tart\u0131\u015fman\u0131n i\u00e7erisine \u00e7ekilip y\u0131prat\u0131ls\u0131n? \u00c7ok erken buluyorum.&#8221;<\/strong><\/p>\n\n\n\n<p>Se\u00e7er, di\u011fer partilerde birden fazla Cumhurba\u015fkan\u0131 aday\u0131 \u00e7\u0131kar\u0131lacak isimler yokken CHP&#8217;nin bu konuda \u00e7ok zengin oldu\u011funu ve birden fazla, farkl\u0131 donan\u0131mlarda isimlerin Cumhurba\u015fkan\u0131 aday\u0131 olabilece\u011fini de s\u00f6zlerine ekledi.<\/p>\n\n\n\n<p><strong>&#8220;Mersin&#8217;de etnik\u00e7ilik \u00e7ok fazla kullan\u0131ld\u0131 ama biz bu alg\u0131y\u0131 y\u0131kt\u0131k&#8221;<\/strong><\/p>\n\n\n\n<p>Aysever, farkl\u0131 etnik yap\u0131 ve siyasi g\u00f6r\u00fc\u015fe sahip Mersin gibi \u00e7ok kozmopolit bir kentte Se\u00e7er&#8217;in oyunu art\u0131rarak yerel se\u00e7imi kazanmas\u0131n\u0131n \u00f6nemli oldu\u011funu vurgulamas\u0131 \u00fczerine, Se\u00e7er,&nbsp;<strong>&#8220;Etnik\u00e7ilik benim d\u00fcnya g\u00f6r\u00fc\u015f\u00fcme \u00e7ok ayk\u0131r\u0131. Ama ne yaz\u0131k ki siyaset bunu \u00e7ok ac\u0131mas\u0131zca kullan\u0131yor. Bunu biz kullanmad\u0131k ama siyaset kulland\u0131. Mersin&#8217;de \u00e7ok fazla kullan\u0131ld\u0131 ama se\u00e7im sonucu her \u015feyi bir anda alt\u00fcst etti, b\u00fct\u00fcn \u00f6nyarg\u0131lar\u0131 tuzla buz etti. B\u00fct\u00fcn o yaftalamalar\u0131, karalama kampanyalar\u0131n\u0131n hepsini bo\u015fa \u00e7\u0131kard\u0131&#8221;<\/strong>&nbsp;de\u011ferlendirmesinde bulundu. Mersin&#8217;de 5 y\u0131l boyunca ger\u00e7ekle\u015ftirdikleri ayr\u0131ms\u0131z hizmetin vatanda\u015fta kar\u015f\u0131l\u0131k buldu\u011funu ve CHP&#8217;ye daha \u00f6nce oy vermemi\u015f insanlar\u0131n da kendisine oy verdi\u011fini s\u00f6yleyen Se\u00e7er,&nbsp;<strong>&#8220;Bu ba\u015fkan 15 puan oy art\u0131rarak, Cumhur \u0130ttifak\u0131&#8217;n\u0131n destekledi\u011fi milliyet\u00e7i bir adaya 28,5 puan fark att\u0131. Herkese normal yakla\u015f\u0131yorum, demokrat ruhlu bir insan\u0131m. Farkl\u0131 u\u00e7takileri bir araya getirdim&#8221;<\/strong>&nbsp;dedi.<\/p>\n\n\n\n<p><strong>&#8220;Suriye&#8217;de ya\u015fanan geli\u015fmeler bizi endi\u015feye d\u00fc\u015f\u00fcr\u00fcyor&#8221;<\/strong><\/p>\n\n\n\n<p>Suriye&#8217;de ya\u015fanan rejim de\u011fi\u015fikli\u011fine ili\u015fkin de\u011ferlendirme yapan Se\u00e7er, 2011 y\u0131l\u0131ndan beri Mersin&#8217;in en fazla g\u00f6\u00e7 alan kentlerden bir tanesi oldu\u011funu kaydederek,&nbsp;<strong>&#8220;B\u00f6lgede baz\u0131 geli\u015fmeler oldu ve birka\u00e7 g\u00fcnde olmu\u015f gibi g\u00f6r\u00fcnse de bunun projeksiyonu daha geriye dayan\u0131yor. \u00c7\u00fcnk\u00fc i\u00e7 politikada da bunun yans\u0131malar\u0131n\u0131 g\u00f6rd\u00fck. Bunun i\u00e7in de m\u00fcneccim olmaya gerek yok. \u00d6zellikle K\u00fcrt meselesi konusunda baz\u0131 a\u00e7\u0131l\u0131mlar\u0131n yap\u0131lmas\u0131, \u0130srail tehdidinin burada anons edilmesi ya da b\u00f6lgede baz\u0131 geli\u015fmeler olabilecek d\u00fcnyada bar\u0131\u015f\u0131 sa\u011flamaya \u00e7al\u0131\u015f\u0131rken;&nbsp;<em>&#8216;Kendi i\u00e7imizde mi bar\u0131\u015famayaca\u011f\u0131z?&#8217;<\/em>&nbsp;gibi asl\u0131nda \u00e7ok \u00f6nemli notlar verildi. Bunlar, okuyabilenler i\u00e7in \u00e7ok \u00f6nemli ayr\u0131nt\u0131lard\u0131&#8221;<\/strong>&nbsp;dedi.<\/p>\n\n\n\n<p><strong>&#8220;\u0130kinci bir g\u00f6\u00e7 dalgas\u0131 olursa bu bizim b\u00f6lgemizde de\u011fi\u015fik komplikasyonlar yaratabilir&#8221;<\/strong><\/p>\n\n\n\n<p>Rejim de\u011fi\u015fikli\u011fi sonras\u0131 \u015fu an belirsiz bir ortam\u0131n bulundu\u011funu dile getiren Se\u00e7er,&nbsp;<strong>&#8220;Geldi\u011fimiz noktada orada me\u00e7hul bir durum ve farkl\u0131 gelecek beklentisi i\u00e7erisinde olan farkl\u0131 gruplar var. Bir de \u015fimdi \u0130srail tehdidi var; kendi ba\u015f\u0131na okyanusun ortas\u0131nda kaptan\u0131 olmadan, r\u00fczg\u00e2r\u0131n\u0131 arkas\u0131na ald\u0131\u011f\u0131 \u015fekli ile devam eden bir yolculu\u011fa \u00e7\u0131km\u0131\u015f bir gemi h\u00fcviyetinde. Bu bizi endi\u015feye d\u00fc\u015f\u00fcr\u00fcyor ve b\u00f6lgemizde tarihi ba\u011flar\u0131m\u0131z var&#8221;<\/strong>&nbsp;diye konu\u015ftu. Se\u00e7er, devam\u0131nda bu b\u00f6lgelerde ya\u015fayan s\u0131\u011f\u0131nmac\u0131lar\u0131n belli bir program d\u00e2hilinde kendi vatanlar\u0131na d\u00f6nmesi gerekti\u011finin alt\u0131n\u0131 \u00e7izerek,&nbsp;&nbsp;rejim de\u011fi\u015fikli\u011fi ile birlikte b\u00f6lgede ikinci bir g\u00f6\u00e7 dalgas\u0131 tehlikesinin de olabilece\u011fini vurgulad\u0131.<\/p>\n\n\n\n<p>Gelinen noktada T\u00fcrkiye&#8217;nin olas\u0131 bir yeni g\u00f6\u00e7 tehlikesi ve baz\u0131 geli\u015fmelere kar\u015f\u0131 haz\u0131r olmas\u0131 gerekti\u011fine dikkat \u00e7eken Se\u00e7er, s\u00f6z konusu farkl\u0131 y\u00fcksek beklentileri olan gruplar\u0131 bir arada anla\u015ft\u0131r\u0131p, bir h\u00fck\u00fcmet \u00e7er\u00e7evesinde toplay\u0131p demokratik bir d\u00fczen sa\u011flaman\u0131n kolay olmad\u0131\u011f\u0131n\u0131 s\u00f6yledi. Se\u00e7er,&nbsp;<strong>&#8220;Her g\u00fcn farkl\u0131 geli\u015fmeler oluyor D\u00fcn farkl\u0131yd\u0131, \u00f6nceki g\u00fcn \u00e7ok farkl\u0131, yar\u0131n da farkl\u0131 olabilir. Bu olaylardan en \u00e7ok etkilenen bir \u015fehrin Belediye Ba\u015fkan\u0131 endi\u015fesiyle bunlar\u0131 s\u00f6yl\u00fcyorum. B\u00f6yle bir tehlike olursa \u015fehrimiz tekrar b\u00f6yle bir d\u00fczensiz, plans\u0131z g\u00f6\u00e7\u00fc almak zorunda kal\u0131rsa bu bize de\u011fi\u015fik komplikasyonlar yaratabilir&#8221;&nbsp;<\/strong>dedi.<\/p>\n\n\n\n<p><strong>&#8220;T\u00fcrkiye&#8217;nin ge\u00e7ti\u011fi bu hassas d\u00f6nemde, CHP g\u00fc\u00e7l\u00fc olmal\u0131d\u0131r&#8221;<\/strong><\/p>\n\n\n\n<p>T\u00fcrkiye&#8217;nin ge\u00e7ti\u011fi zor d\u00f6nemlerde CHP&#8217;nin g\u00fc\u00e7l\u00fc olmas\u0131 gerekti\u011fini ve muhalefetin b\u00f6yle durumlarda destekleyici g\u00f6rev g\u00f6rmesi gerekti\u011fini ifade eden Se\u00e7er,&nbsp;<strong>&#8220;T\u00fcrkiye&#8217;nin ge\u00e7ti\u011fi bu hassas d\u00f6nemde CHP g\u00fc\u00e7l\u00fc olmal\u0131 ki s\u00fcrece katk\u0131 sunabilsin. CHP ana muhalefet partisi de olsa, iktidar kadar g\u00fc\u00e7l\u00fc olabilir. Her d\u00f6nemde ve her sorunda partimiz sigorta olur. Y\u00fcksek ak\u0131m geldi\u011fi zaman k\u0131sa devre olur, sistem durur; muhalefetin g\u00f6revi de tam bu noktadad\u0131r&#8221;<\/strong>&nbsp;diye konu\u015ftu.<\/p>\n\n\n\n<p>Suriye&#8217;de ya\u015fanan geli\u015fmelerde CHP&#8217;nin bir tutumu oldu\u011funu s\u00f6zlerine ekleyerek konu\u015fmas\u0131n\u0131 devam ettiren Se\u00e7er,&nbsp;<strong>&#8220;Suriye konusunda, kom\u015fu \u00fclkelerimizde ya da d\u00fcnyan\u0131n muhtelif yerlerindeki geli\u015fmeler konusunda CHP&#8217;nin bir tutumu vard\u0131r. Bu tutum, partinin temel ilkelerinin \u00e7er\u00e7evesinden ge\u00e7er. Say\u0131n Genel Ba\u015fkan\u0131m\u0131z\u0131n feraseti, g\u00f6zlemleri, m\u00fcktesebat\u0131, konular\u0131 okumas\u0131 ve anla\u015f\u0131l\u0131r bir dille kamu ile payla\u015fmas\u0131 olduk\u00e7a \u00f6nemlidir&#8221;<\/strong>&nbsp;diye konu\u015ftu.<\/p>\n\n\n\n<p>Se\u00e7er, Suriye&#8217;deki geli\u015fmelerin hen\u00fcz \u00e7ok yeni oldu\u011funu ve bir s\u00fcre g\u00f6zlem yap\u0131lmas\u0131n\u0131n \u00f6nemli oldu\u011funu kaydederek,&nbsp;<strong>&#8220;Suriye&#8217;deki geli\u015fmeler \u00e7ok yenidir, erken konu\u015fmak baz\u0131 ki\u015fileri bo\u015fa d\u00fc\u015f\u00fcrebilir. Bu hususta emin oldu\u011fum tek \u015fey; Suriye&#8217;de de T\u00fcrkiye&#8217;de de hi\u00e7bir \u015feyin eskisi gibi olmayaca\u011f\u0131d\u0131r. Suriye&#8217;deki uygulamalar\u0131 ne savunurum ne yererim. Bu konular \u015fu anda ne benim konum ne de bunlar\u0131 konu\u015fman\u0131n yeri&#8221;<\/strong>&nbsp;ifadelerini kulland\u0131.<\/p>\n\n\n\n<p>Se\u00e7er,&nbsp;<strong>&#8216;Arap Bahar\u0131&#8217;<\/strong>&nbsp;ve b\u00fcy\u00fck resimde&nbsp;<strong>&#8216;B\u00fcy\u00fck Ortado\u011fu Projesi&#8217;<\/strong>&nbsp;ve bug\u00fcn gelinen noktay\u0131 b\u00fct\u00fcn bu senaryolar\u0131n bir par\u00e7as\u0131 olarak g\u00f6rd\u00fc\u011f\u00fcn\u00fc s\u00f6yledi. D\u0131\u015f politikada g\u00fc\u00e7l\u00fc ve ferasetli isimlerin s\u00fcreci iyi okuyaca\u011f\u0131na inand\u0131\u011f\u0131n\u0131 da s\u00f6zlerine ekleyen Se\u00e7er,&nbsp;<strong>&#8220;T\u00fcrkiye&#8217;nin; Mustafa Kemal Atat\u00fcrk&#8217;\u00fcn&nbsp;<em>&#8216;Sava\u015f mecbur kal\u0131nmad\u0131k\u00e7a bir cinayettir!&#8217;<\/em>&nbsp;,&nbsp;<em>&#8216;Yurtta sulh, d\u00fcnyada sulh&#8217;<\/em>&nbsp;s\u00f6zleri \u00e7er\u00e7evesinde y\u00fcr\u00fctece\u011fi d\u0131\u015f politikas\u0131n\u0131n bize her zaman yarar getirece\u011fini d\u00fc\u015f\u00fcn\u00fcyorum&#8221;<\/strong>&nbsp;dedi.<\/p>\n","protected":false},"excerpt":{"rendered":"<p>Mersin B\u00fcy\u00fck\u015fehir Belediye Ba\u015fkan\u0131 Vahap Se\u00e7er; Gazeteci-Yazar Enver Aysever&#8217;in Youtube kanal\u0131nda yay\u0131nlanan&nbsp;&#8216;Radikal Tahamm\u00fcls\u00fcz&#8217;&nbsp;program\u0131na konuk oldu. . Programda; Cumhurba\u015fkan\u0131 Recep Tayyip Erdo\u011fan&#8217;\u0131n&#8216;CHP&#8217;i Belediyeleri silkeleyin!&#8217;&nbsp;s\u00f6zlerindenSGK ve vergi bor\u00e7lar\u0131 konusuna, Cumhurba\u015fkanl\u0131\u011f\u0131 adayl\u0131\u011f\u0131 tart\u0131\u015fmalar\u0131ndan Suriye meselesine kadar d\u00fcnya ve T\u00fcrkiye g\u00fcndemine ili\u015fkin pek \u00e7ok konu hakk\u0131nda de\u011ferlendirmeler yap\u0131ld\u0131. &#8220;Say\u0131n Cumhurba\u015fkan\u0131 bize \u00fcvey evlat muamelesi yapmas\u0131n&#8221; Gazeteci-Yazar Enver Aysever&#8217;in, Cumhurba\u015fkan\u0131 [&hellip;]<\/p>\n","protected":false},"author":2,"featured_media":37778,"comment_status":"closed","ping_status":"closed","sticky":false,"template":"","format":"standard","meta":{"footnotes":""},"categories":[34,2,3,5],"tags":[],"class_list":["post-37777","post","type-post","status-publish","format-standard","has-post-thumbnail","hentry","category-flas-haber","category-gundem","category-manset","category-mersin"],"views":5,"_links":{"self":[{"href":"https:\/\/mersinkadingazetesi.com\/index.php?rest_route=\/wp\/v2\/posts\/37777"}],"collection":[{"href":"https:\/\/mersinkadingazetesi.com\/index.php?rest_route=\/wp\/v2\/posts"}],"about":[{"href":"https:\/\/mersinkadingazetesi.com\/index.php?rest_route=\/wp\/v2\/types\/post"}],"author":[{"embeddable":true,"href":"https:\/\/mersinkadingazetesi.com\/index.php?rest_route=\/wp\/v2\/users\/2"}],"replies":[{"embeddable":true,"href":"https:\/\/mersinkadingazetesi.com\/index.php?rest_route=%2Fwp%2Fv2%2Fcomments&post=37777"}],"version-history":[{"count":1,"href":"https:\/\/mersinkadingazetesi.com\/index.php?rest_route=\/wp\/v2\/posts\/37777\/revisions"}],"predecessor-version":[{"id":37779,"href":"https:\/\/mersinkadingazetesi.com\/index.php?rest_route=\/wp\/v2\/posts\/37777\/revisions\/37779"}],"wp:featuredmedia":[{"embeddable":true,"href":"https:\/\/mersinkadingazetesi.com\/index.php?rest_route=\/wp\/v2\/media\/37778"}],"wp:attachment":[{"href":"https:\/\/mersinkadingazetesi.com\/index.php?rest_route=%2Fwp%2Fv2%2Fmedia&parent=37777"}],"wp:term":[{"taxonomy":"category","embeddable":true,"href":"https:\/\/mersinkadingazetesi.com\/index.php?rest_route=%2Fwp%2Fv2%2Fcategories&post=37777"},{"taxonomy":"post_tag","embeddable":true,"href":"https:\/\/mersinkadingazetesi.com\/index.php?rest_route=%2Fwp%2Fv2%2Ftags&post=37777"}],"curies":[{"name":"wp","href":"https:\/\/api.w.org\/{rel}","templated":true}]}}