{"id":37780,"date":"2024-12-12T11:49:08","date_gmt":"2024-12-12T08:49:08","guid":{"rendered":"https:\/\/mersinkadingazetesi.com\/?p=37780"},"modified":"2024-12-12T11:49:08","modified_gmt":"2024-12-12T08:49:08","slug":"tarsusta-egitime-ve-spora-buyuk-katki","status":"publish","type":"post","link":"https:\/\/mersinkadingazetesi.com\/?p=37780","title":{"rendered":"TARSUS&#8217;TA E\u011e\u0130T\u0130ME VE SPORA B\u00dcY\u00dcK KATKI"},"content":{"rendered":"\n<p>Tarsus&#8217;un Beylice Mahallesi&#8217;nde Beylice \u015eehit Piyade Ba\u015f\u00e7avu\u015f Faruk Kaya \u0130lk\/Ortaokulunda hay\u0131rsever i\u015f insanlar\u0131n\u0131n katk\u0131lar\u0131yla yap\u0131lan Nevriye Y\u0131ld\u0131r\u0131m Yemekhanesi ve Mehmet Can Y\u0131ld\u0131r\u0131m Spor Odas\u0131, d\u00fczenlenen t\u00f6renle hizmete a\u00e7\u0131ld\u0131.<\/p>\n\n\n\n<p>Tarsus Kaymakam\u0131m\u0131z Say\u0131n Mehmet Ali Aky\u00fcz ve \u0130l Mill\u00ee E\u011fitim M\u00fcd\u00fcr\u00fc Fazilet Durmu\u015f&#8217;un kat\u0131ld\u0131\u011f\u0131 a\u00e7\u0131l\u0131\u015f t\u00f6reni sayg\u0131 duru\u015funda bulunulmas\u0131 ve \u0130stiklal Mar\u015f\u0131&#8217;n\u0131n okunmas\u0131 ile ba\u015flad\u0131. Fazilet Durmu\u015f, hay\u0131rseverlerin e\u011fitime sundu\u011fu katk\u0131lar\u0131n \u00f6nemine dikkat \u00e7ekerek: &#8220;T\u00fcrkiye Y\u00fczy\u0131l\u0131, gelece\u011fimizin teminat\u0131 olan \u00e7ocuklar\u0131m\u0131z\u0131n ve gen\u00e7lerimizin hayallerini ger\u00e7ekle\u015ftirecek bir e\u011fitim modeliyle \u015fekillenecektir. Maarif Modeli&#8217;nin temelini olu\u015fturan de\u011ferler e\u011fitimi, nitelikli akademik ba\u015far\u0131 ve beceri odakl\u0131 \u00f6\u011frenme, \u00e7ocuklar\u0131m\u0131z\u0131 yaln\u0131zca bug\u00fcn\u00fcn de\u011fil yar\u0131n\u0131n d\u00fcnyas\u0131na da haz\u0131rlayacakt\u0131r. Bu do\u011frultuda, burada a\u00e7\u0131l\u0131\u015f\u0131n\u0131 ger\u00e7ekle\u015ftirdi\u011fimiz yemekhanemiz ve spor odam\u0131z, \u00f6\u011frencilerimizin zihinsel, bedensel ve ruhsal geli\u015fimine katk\u0131 sunacak \u00f6nemli bir yat\u0131r\u0131md\u0131r.<\/p>\n\n\n\n<p>E\u011fitim yaln\u0131zca bireysel bir kazan\u0131m de\u011fil, ayn\u0131 zamanda milletimizin kalk\u0131nmas\u0131n\u0131n anahtar\u0131d\u0131r. \u0130\u015fte bu noktada hay\u0131rseverlerimizin deste\u011fi, bu kalk\u0131nma yolculu\u011funun en g\u00fc\u00e7l\u00fc teminatlar\u0131ndan biridir. Nevriye Y\u0131ld\u0131r\u0131m Yemekhanesi ve Mehmet Can Y\u0131ld\u0131r\u0131m Spor Odas\u0131, bu dayan\u0131\u015fman\u0131n ve ortak hedeflere y\u00fcr\u00fcy\u00fc\u015f\u00fcm\u00fcz\u00fcn en somut \u00f6rneklerindendir.<\/p>\n\n\n\n<p>Yemekhane ve spor odas\u0131n\u0131n yap\u0131lmas\u0131nda, s\u00fcrecin en ba\u015f\u0131ndan bug\u00fcne kadar eme\u011fi ge\u00e7en ba\u015fta hay\u0131rseverlerimiz Nevriye Y\u0131ld\u0131r\u0131m, Mehmet Can Y\u0131ld\u0131r\u0131m olmak \u00fczere, Tarsus Kaymakam\u0131m\u0131z Say\u0131n Mehmet Ali Aky\u00fcz&#8217;e ve t\u00fcm payda\u015flar\u0131m\u0131za y\u00fcrekten te\u015fekk\u00fcr ediyorum.&#8221; dedi.<\/p>\n\n\n\n<p>E\u011fitime verilen desteklerin \u00f6nemine vurgu yapan konu\u015fmalar\u0131n yap\u0131lmas\u0131n\u0131n ard\u0131ndan \u00f6\u011frencilerin sergiledi\u011fi renkli g\u00f6steriler izleyenlerden b\u00fcy\u00fck be\u011feni toplad\u0131. Program\u0131n devam\u0131nda Tarsus Kaymakam\u0131m\u0131z Say\u0131n Mehmet Ali Aky\u00fcz ve \u0130l Mill\u00ee E\u011fitim M\u00fcd\u00fcr\u00fc Fazilet Durmu\u015f taraf\u0131ndan hay\u0131rseverlere plaket takdim edilerek te\u015fekk\u00fcr edildi.<\/p>\n\n\n\n<p>A\u00e7\u0131l\u0131\u015f kurdelelerinin kesilmesinin ard\u0131ndan kat\u0131l\u0131mc\u0131lar, Nevriye Y\u0131ld\u0131r\u0131m Yemekhanesi ve Mehmet Can Y\u0131ld\u0131r\u0131m Spor Odas\u0131n\u0131 gezerek yap\u0131lan \u00e7al\u0131\u015fmalar\u0131 yerinde inceledi. Toplu foto\u011fraf \u00e7ekimi ile etkinlik sona erdi.<\/p>\n\n\n\n<p>A\u00e7\u0131l\u0131\u015f Program\u0131na Tarsus Kaymakam\u0131m\u0131z Say\u0131n Mehmet Ali Aky\u00fcz, \u0130l Mill\u00ee E\u011fitim M\u00fcd\u00fcr\u00fc Fazilet Durmu\u015f, Tarsus \u0130l\u00e7e Mill\u00ee E\u011fitim M\u00fcd\u00fcr\u00fc Mustafa Anteplio\u011flu, Tarsus \u0130l\u00e7e Mill\u00ee E\u011fitim \u015eube M\u00fcd\u00fcr\u00fc Mehmet Bulut, \u00f6\u011fretmenler, \u00f6\u011frenciler ve veliler kat\u0131ld\u0131.<\/p>\n\n\n\n<p><a href=\"https:\/\/mersin.meb.gov.tr\/meb_iys_dosyalar\/2024_12\/10204212_whatsappimage20241210at16.17.56.jpg\" target=\"_blank\" rel=\"noreferrer noopener\"><\/a><\/p>\n","protected":false},"excerpt":{"rendered":"<p>Tarsus&#8217;un Beylice Mahallesi&#8217;nde Beylice \u015eehit Piyade Ba\u015f\u00e7avu\u015f Faruk Kaya \u0130lk\/Ortaokulunda hay\u0131rsever i\u015f insanlar\u0131n\u0131n katk\u0131lar\u0131yla yap\u0131lan Nevriye Y\u0131ld\u0131r\u0131m Yemekhanesi ve Mehmet Can Y\u0131ld\u0131r\u0131m Spor Odas\u0131, d\u00fczenlenen t\u00f6renle hizmete a\u00e7\u0131ld\u0131. Tarsus Kaymakam\u0131m\u0131z Say\u0131n Mehmet Ali Aky\u00fcz ve \u0130l Mill\u00ee E\u011fitim M\u00fcd\u00fcr\u00fc Fazilet Durmu\u015f&#8217;un kat\u0131ld\u0131\u011f\u0131 a\u00e7\u0131l\u0131\u015f t\u00f6reni sayg\u0131 duru\u015funda bulunulmas\u0131 ve \u0130stiklal Mar\u015f\u0131&#8217;n\u0131n okunmas\u0131 ile ba\u015flad\u0131. Fazilet Durmu\u015f, [&hellip;]<\/p>\n","protected":false},"author":2,"featured_media":37781,"comment_status":"closed","ping_status":"closed","sticky":false,"template":"","format":"standard","meta":{"footnotes":""},"categories":[3,10],"tags":[],"class_list":["post-37780","post","type-post","status-publish","format-standard","has-post-thumbnail","hentry","category-manset","category-spor"],"views":12,"_links":{"self":[{"href":"https:\/\/mersinkadingazetesi.com\/index.php?rest_route=\/wp\/v2\/posts\/37780"}],"collection":[{"href":"https:\/\/mersinkadingazetesi.com\/index.php?rest_route=\/wp\/v2\/posts"}],"about":[{"href":"https:\/\/mersinkadingazetesi.com\/index.php?rest_route=\/wp\/v2\/types\/post"}],"author":[{"embeddable":true,"href":"https:\/\/mersinkadingazetesi.com\/index.php?rest_route=\/wp\/v2\/users\/2"}],"replies":[{"embeddable":true,"href":"https:\/\/mersinkadingazetesi.com\/index.php?rest_route=%2Fwp%2Fv2%2Fcomments&post=37780"}],"version-history":[{"count":1,"href":"https:\/\/mersinkadingazetesi.com\/index.php?rest_route=\/wp\/v2\/posts\/37780\/revisions"}],"predecessor-version":[{"id":37782,"href":"https:\/\/mersinkadingazetesi.com\/index.php?rest_route=\/wp\/v2\/posts\/37780\/revisions\/37782"}],"wp:featuredmedia":[{"embeddable":true,"href":"https:\/\/mersinkadingazetesi.com\/index.php?rest_route=\/wp\/v2\/media\/37781"}],"wp:attachment":[{"href":"https:\/\/mersinkadingazetesi.com\/index.php?rest_route=%2Fwp%2Fv2%2Fmedia&parent=37780"}],"wp:term":[{"taxonomy":"category","embeddable":true,"href":"https:\/\/mersinkadingazetesi.com\/index.php?rest_route=%2Fwp%2Fv2%2Fcategories&post=37780"},{"taxonomy":"post_tag","embeddable":true,"href":"https:\/\/mersinkadingazetesi.com\/index.php?rest_route=%2Fwp%2Fv2%2Ftags&post=37780"}],"curies":[{"name":"wp","href":"https:\/\/api.w.org\/{rel}","templated":true}]}}