{"id":37789,"date":"2024-12-12T11:58:52","date_gmt":"2024-12-12T08:58:52","guid":{"rendered":"https:\/\/mersinkadingazetesi.com\/?p=37789"},"modified":"2024-12-12T11:58:52","modified_gmt":"2024-12-12T08:58:52","slug":"nukleer-enerjide-yanlis-inanislar-yerini-bilgiye-dayali-yaklasimlara-birakiyor","status":"publish","type":"post","link":"https:\/\/mersinkadingazetesi.com\/?p=37789","title":{"rendered":"\u201cN\u00fckleer enerjide yanl\u0131\u015f inan\u0131\u015flar yerini bilgiye dayal\u0131 yakla\u015f\u0131mlara b\u0131rak\u0131yor\u201d\u00a0"},"content":{"rendered":"\n<p>D\u00fcnyaca \u00fcnl\u00fc y\u00f6netmen Oliver Stone\u2019un \u00e7ekti\u011fi \u201c<em>Nuclear Now\u201d <\/em>isimli belgesel filmin g\u00f6sterildi\u011fiHacettepe \u00dcniversitesi ve Sinop \u00dcniversitesi\u2019nin N\u00fckleer Enerji M\u00fchendisli\u011fi B\u00f6l\u00fcm Ba\u015fkanlar\u0131 Prof. Dr. \u015eule Erg\u00fcn ile Prof. Dr. Meryem Seferino\u011flu, kamuoyunun n\u00fckleer enerji konusunda do\u011fru bilgilendirilmesinin n\u00fckleer enerjiye deste\u011fin artmas\u0131nda b\u00fcy\u00fck rol oynad\u0131\u011f\u0131n\u0131 ifade etti. D\u00fcnya \u00e7ap\u0131nda n\u00fckleer end\u00fcstrinin tarihini ve modern n\u00fckleer teknolojileri ke\u015ffetme f\u0131rsat\u0131 sunan belgeselde n\u00fckleer enerjinin d\u00fcnya i\u00e7in \u00f6nemi aktar\u0131l\u0131yor. Filmde ayr\u0131ca, ge\u00e7mi\u015fte n\u00fckleer enerjiyle ilgili ya\u015fanan olumsuz deneyimlerin, g\u00fcn\u00fcm\u00fcz teknolojik ilerlemeleri sayesinde a\u015f\u0131ld\u0131\u011f\u0131 vurgulanarak n\u00fckleer enerjinin kaza veya radyasyon korkusu perspektifinden de\u011ferlendirilmesinin do\u011fru olmad\u0131\u011f\u0131 aktar\u0131l\u0131yor.<\/p>\n\n\n\n<p>Hacettepe \u00dcniversitesi N\u00fckleer Enerji M\u00fchendisli\u011fi B\u00f6l\u00fcm Ba\u015fkan\u0131 Prof. Dr. \u015eule Erg\u00fcn, \u201c<em>Nuclear Now\u201d<\/em> gibi belgesellerin n\u00fckleer enerjiye ili\u015fkin bilimsel yakla\u015f\u0131mlar\u0131 te\u015fvik etti\u011fini s\u00f6yledi. Bu tarz bilgilendirici materyallerin gen\u00e7lerde merak uyand\u0131rarak konuyu daha fazla ara\u015ft\u0131rmalar\u0131na yol a\u00e7t\u0131\u011f\u0131n\u0131 belirten Prof. Dr. Erg\u00fcn, \u201cFilmde n\u00fckleer enerjinin sadece elektrik \u00fcretimindeki rol\u00fc de\u011fil, bar\u0131\u015f\u00e7\u0131l kullan\u0131m alanlar\u0131 ve temel bilimlere katk\u0131s\u0131 da \u00f6ne \u00e7\u0131k\u0131yor. Film b\u00f6ylece yanl\u0131\u015f bilgi, yarg\u0131 ve alg\u0131lar\u0131n giderilmesine katk\u0131 sa\u011fl\u0131yor. Gen\u00e7leri bilimle bulu\u015fturmak, n\u00fckleer enerjiye y\u00f6nelik \u00f6nyarg\u0131lar\u0131 k\u0131rmak ad\u0131na bu t\u00fcr etkinliklerin \u00e7ok de\u011ferli oldu\u011funu d\u00fc\u015f\u00fcn\u00fcyorum\u201d dedi.&nbsp;<\/p>\n\n\n\n<p><strong>\u201cT\u00fcrkiye\u2019de N\u00fckleer Alg\u0131s\u0131 De\u011fi\u015fiyor\u201d<\/strong><\/p>\n\n\n\n<p>T\u00fcrkiye&#8217;de n\u00fckleer enerjiye y\u00f6nelik alg\u0131n\u0131n giderek de\u011fi\u015fti\u011fini vurgulayan Prof. Dr. Erg\u00fcn \u201cD\u00fcnyada n\u00fckleer enerjiye y\u00f6nelik deste\u011fin artt\u0131\u011f\u0131n\u0131 g\u00f6zlemliyoruz. Kazakistan\u2019da yap\u0131lan referandumda, \u00fclkenin ilk n\u00fckleer santralinin in\u015fas\u0131 i\u00e7in halk\u0131n %71,1&#8217;i &#8216;evet&#8217; oyunu vererek n\u00fckleer enerjiye destek verdi. Macaristanl\u0131 bir d\u00fc\u015f\u00fcnce kurulu\u015fu taraf\u0131ndan Avrupa Projesi kapsam\u0131nda yap\u0131lan bir anket, Avrupa vatanda\u015flar\u0131n\u0131n n\u00fckleer enerjiye bak\u0131\u015f a\u00e7\u0131s\u0131n\u0131n giderek daha olumlu hale geldi\u011fini ortaya koydu. Sonu\u00e7lar, Avrupa&#8217;da enerji ihtiyac\u0131n\u0131n \u00e7o\u011funlu\u011funun n\u00fckleer kaynaklardan sa\u011flanmas\u0131 gerekti\u011fini d\u00fc\u015f\u00fcnenlerin oran\u0131n\u0131n 2022&#8217;de bir \u00f6nceki y\u0131la g\u00f6re %14 artarak %40&#8217;a y\u00fckseldi\u011fini g\u00f6sterdi. Ayn\u0131 zamanda, T\u00fcrkiye&#8217;de gen\u00e7 nesil aras\u0131nda n\u00fckleer enerjiye olan ilginin s\u00fcrekli artt\u0131\u011f\u0131 g\u00f6r\u00fcl\u00fcyor. Ge\u00e7en y\u0131l 50, bu y\u0131l ise 55 \u00f6\u011frenci Hacettepe \u00dcniversitesi N\u00fckleer M\u00fchendislik B\u00f6l\u00fcm\u00fc&#8217;ne kay\u0131t yapt\u0131rd\u0131. Ayr\u0131ca, son \u00e7al\u0131\u015fmalar, toplumun %44,9&#8217;unun T\u00fcrkiye&#8217;nin d\u00fcnya \u00e7ap\u0131nda \u00f6nde gelen \u00fclkeler aras\u0131nda yer alabilmesi i\u00e7in n\u00fckleer enerjiye ihtiya\u00e7 duydu\u011funu d\u00fc\u015f\u00fcnd\u00fc\u011f\u00fcn\u00fc g\u00f6steriyor. Akkuyu NGS faaliyete ge\u00e7ti\u011finde bu oran\u0131n daha da artaca\u011f\u0131ndan eminim\u201d a\u00e7\u0131klamas\u0131nda bulundu.<\/p>\n\n\n\n<p><strong>\u201c<em>Nuclear Now<\/em> \u2018N\u00fckleer enerji \u00e7\u00f6z\u00fcm olabilir mi?\u2019 sorusuna yan\u0131t ar\u0131yor\u201d&nbsp;<\/strong><\/p>\n\n\n\n<p>Oliver Stone&#8217;un \u201c<em>Nuclear Now\u201d<\/em> belgeseli hakk\u0131nda g\u00f6r\u00fc\u015flerini de payla\u015fan Prof. Dr. Erg\u00fcn: \u201cBelgesel, iklim de\u011fi\u015fikli\u011fi gibi k\u00fcresel sorunlara dikkat \u00e7ekiyor ve bu sorunlar\u0131n n\u00fckleer enerjiye dair korkulardan \u00e7ok daha tehlikeli oldu\u011funu g\u00f6steriyor. N\u00fckleer enerjiyi \u00e7ok y\u00f6nl\u00fc bir \u015fekilde inceleyerek, tarihini ve avantajlar\u0131yla dezavantajlar\u0131n\u0131 dengeli bir bi\u00e7imde ortaya koyuyor. En \u00f6nemlisi, modern n\u00fckleer sanayinin, ge\u00e7mi\u015fteki silahlar ve kazalarla olan ili\u015fkilerinden farkl\u0131 oldu\u011funu vurguluyor ve sanayinin g\u00fcvenlik a\u00e7\u0131s\u0131ndan \u00f6nemli \u00f6l\u00e7\u00fcde geli\u015fti\u011fini belirtiyor. Ayr\u0131ca, k\u00fcresel iklim de\u011fi\u015fikli\u011fiyle m\u00fccadelede ve CO2 emisyonlar\u0131n\u0131 azaltmada n\u00fckleer enerjinin dikkate al\u0131nmas\u0131n\u0131n ne kadar hayati oldu\u011funu vurguluyor. Stone\u2019un filminde n\u00fckleer kar\u015f\u0131t\u0131 hareketlere pek \u00e7ok farkl\u0131 sekt\u00f6rden kurulu\u015flar\u0131n da destek verdi\u011fine ili\u015fkin bilgiler yer al\u0131yor. Filmde bu hareketlerin petrol ve do\u011fal gaz \u015firketleri taraf\u0131ndan desteklendi\u011fi belirtiliyor\u201d diye konu\u015ftu.<\/p>\n\n\n\n<p><strong>\u201cN\u00fckleer enerji pek \u00e7ok farkl\u0131 end\u00fcstriyel alanda kullan\u0131l\u0131yor\u201d<\/strong><\/p>\n\n\n\n<p>Sinop \u00dcniversitesi N\u00fckleer Enerji M\u00fchendisli\u011fi B\u00f6l\u00fcm\u00fc Ba\u015fkan\u0131 Prof. Dr. Meryem Seferino\u011flu da, n\u00fckleer teknolojinin sadece santrallerde de\u011fil, pek \u00e7ok farkl\u0131 end\u00fcstriyel alanda kullan\u0131ld\u0131\u011f\u0131n\u0131 s\u00f6yledi. Prof. Dr. Seferino\u011flu, \u201cUygulama teknolojileri ile n\u00fckleer enerji teknolojilerini ikiye ay\u0131r\u0131yorum. N\u00fckleer bilim teknolojilerinin en \u00f6nemli uygulamalar\u0131 aras\u0131nda n\u00fckleer t\u0131p, g\u0131da sekt\u00f6r\u00fc sanayi bulunuyor. T\u00fcrkiye sa\u011fl\u0131k sekt\u00f6r\u00fcnde n\u00fckleer bilim teknolojilerini \u00e7ok iyi kullan\u0131yor. Bu konuda uluslararas\u0131 d\u00fczeydeyiz.&nbsp; N\u00fckleer enerji teknolojilerine ise uranyumun do\u011fumundan \u00f6l\u00fcm\u00fcne kadar ge\u00e7en t\u00fcm s\u00fcre\u00e7 diyebilirim. N\u00fckleer enerji teknolojileri sadece santral de\u011fil, bir\u00e7ok teknolojinin b\u00fct\u00fcn\u00fc olarak d\u00fc\u015f\u00fcn\u00fclmeli. Yak\u0131t d\u00f6ng\u00fcs\u00fcn\u00fcn her ad\u0131m\u0131 enerji teknolojisinin i\u00e7erisinde yer al\u0131yor\u201d dedi.&nbsp;<\/p>\n\n\n\n<p>N\u00fckleer enerji alan\u0131n\u0131n, y\u00fcksek m\u00fchendislik hesaplamalar\u0131 ve dikkatli uygulamalar gerektiren bir teknoloji oldu\u011funu vurgulayan Prof. Dr Seferino\u011flu, \u201cN\u00fckleer enerji teknolojilerinde \u00e7al\u0131\u015fmak disiplin, kalite ve ger\u00e7ekten \u00e7ok iyi olmay\u0131 gerektiriyor. \u00d6\u011frencilerime, bu alandaki bilgiyi her yerden edinmelerini ve iyi bir m\u00fchendis olabilmek i\u00e7in her alanda yetkin olmalar\u0131n\u0131 tavsiye ediyorum. N\u00fckleer enerji m\u00fchendisli\u011fi, m\u00fckemmeliyet gerektiren bir alan. Sistemleri do\u011fru \u015fekilde kontrol edebilirseniz, g\u00fcvenli bir enerji \u00fcretimi sa\u011flars\u0131n\u0131z\u201d diye konu\u015ftu. Prof. Dr. Seferino\u011flu ayr\u0131ca, Akkuyu gibi modern n\u00fckleer santrallerde personelin son derece nitelikli oldu\u011funu ve g\u00fcvenlik sistemlerinin ayr\u0131ca tesisi \u2018insan hatas\u0131\u2019 olarak adland\u0131r\u0131lan durumlara kar\u015f\u0131 korudu\u011funu ekledi.<\/p>\n\n\n\n<p><strong>\u201cD\u00fcnyada n\u00fckleer enerji kullan\u0131m\u0131 olduk\u00e7a yayg\u0131n\u201d<\/strong><\/p>\n\n\n\n<p>N\u00fckleer enerjinin d\u00fcnya genelinde olduk\u00e7a yayg\u0131n kullan\u0131ld\u0131\u011f\u0131n\u0131 vurgulayan Prof. Dr. Seferino\u011flu \u201cRusya, ABD, Fransa ve di\u011fer \u00fclkeler bu teknolojiyi etkin bir \u015fekilde kullan\u0131yor. Fransa, elektrik ihtiyac\u0131n\u0131n %70&#8217;ini n\u00fckleer enerjiden kar\u015f\u0131larken, Rusya bu ihtiyac\u0131n %20&#8217;sini n\u00fckleer enerjiyle kar\u015f\u0131lamaktad\u0131r. Kanada, Bel\u00e7ika, \u0130sve\u00e7, Macaristan gibi geli\u015fmi\u015f \u00fclkelerde de n\u00fckleer enerji kullan\u0131l\u0131yor. Bahsedilen \u00fclkeler, enerji ihtiya\u00e7lar\u0131n\u0131n yakla\u015f\u0131k %50&#8217;sini n\u00fckleer enerjiyle kar\u015f\u0131layarak temiz enerjiden faydalan\u0131yor. 2024 D\u00fcnya N\u00fckleer Performans Raporu&#8217;na g\u00f6re, ge\u00e7ti\u011fimiz y\u0131l k\u00fcresel elektrik talebinin %9&#8217;u n\u00fckleer enerjiyle kar\u015f\u0131land\u0131. Raporda ayr\u0131ca, d\u00fcnya genelindeki n\u00fckleer reakt\u00f6r say\u0131s\u0131n\u0131n son 20 y\u0131lda %80 artt\u0131\u011f\u0131 ve n\u00fckleer santrallerin 2023 y\u0131l\u0131nda 2,1 milyar ton karbondioksit emisyonunu engelledi\u011fi belirtiliyor. Bu nedenle, bu \u00fclkeler temiz enerji kayna\u011f\u0131 olarak n\u00fckleer enerjiye ge\u00e7meselerdi, \u00f6l\u00fcmc\u00fcl sonu\u00e7lara yol a\u00e7abilecek ciddi hava ve \u00e7evre kirlili\u011fi ile m\u00fccadele etmek zorunda kalacaklard\u0131.\u201d a\u00e7\u0131klamas\u0131nda bulundu.<\/p>\n\n\n\n<p>Enerji \u00fcretiminin iklim de\u011fi\u015fikli\u011fi \u00fczerindeki do\u011frudan etkisine dikkat \u00e7eken Prof. Dr. Seferino\u011flu, T\u00fcrkiye\u2019nin enerjide kat etti\u011fi yola da de\u011finerek \u201cBu nedenle, enerji elde ederken g\u00fcvenilir y\u00f6ntemler kullanmal\u0131, do\u011fay\u0131 korumal\u0131 ve karbon ayak izini azaltan teknolojilerden faydalanmal\u0131y\u0131z. Bildi\u011finiz gibi, T\u00fcrkiye, Paris Anla\u015fmas\u0131&#8217;n\u0131 imzalayarak 2053 y\u0131l\u0131na kadar s\u0131f\u0131r karbon emisyonu hedefi belirledi. Bu hedefe ula\u015fabilmek i\u00e7in, do\u011fay\u0131 koruyarak g\u00fcvenilir enerji \u00fcretmemiz gerekiyor. Fosil yak\u0131tlara k\u0131yasla, n\u00fckleer enerji \u00e7evre \u00fczerinde zararl\u0131 bir etki yaratmadan s\u00fcrekli enerji sa\u011flama kapasitesine sahip.\u201d \u015feklinde konu\u015ftu.<\/p>\n\n\n\n<p><strong>\u201cN\u00fckleer enerji kesintisiz enerji sa\u011flayabilen bir sistem\u201d<\/strong><\/p>\n\n\n\n<p>N\u00fckleer enerji ile yenilenebilir enerji kaynaklar\u0131n\u0131 k\u0131yaslayan Prof. Dr Seferino\u011flu, \u201cYenilenebilir enerji teknolojileri ye\u015fil bir enerji, ancak tamamen do\u011fal \u015fartlara ba\u011fl\u0131 ve s\u00fcrekli de\u011fil. Buna kar\u015f\u0131n n\u00fckleer enerji kesintisiz, 7\/24 enerji sa\u011flayabilen bir sistem. Ayr\u0131ca hava ko\u015fullar\u0131ndan etkilenmemesi bu enerjiyi g\u00fcvenli k\u0131l\u0131yor. T\u00fcm d\u00fcnyan\u0131n oldu\u011fu gibi T\u00fcrkiye\u2019nin de daha fazla enerjiye ihtiyac\u0131 var. Gelecekte, elektrikli ara\u00e7lar\u0131n yayg\u0131nla\u015fmas\u0131yla birlikte, enerji \u00fcretiminin daha da kritik bir hal alacak. Bu elektri\u011fin nas\u0131l \u00fcretilece\u011fini d\u00fc\u015f\u00fcnmeliyiz. T\u00fcrkiye\u2019nin s\u00fcrd\u00fcr\u00fclebilir kalk\u0131nma i\u00e7in g\u00fc\u00e7l\u00fc bir enerji altyap\u0131s\u0131na ihtiyac\u0131 var\u201d a\u00e7\u0131klamas\u0131nda bulundu.&nbsp;<\/p>\n","protected":false},"excerpt":{"rendered":"<p>D\u00fcnyaca \u00fcnl\u00fc y\u00f6netmen Oliver Stone\u2019un \u00e7ekti\u011fi \u201cNuclear Now\u201d isimli belgesel filmin g\u00f6sterildi\u011fiHacettepe \u00dcniversitesi ve Sinop \u00dcniversitesi\u2019nin N\u00fckleer Enerji M\u00fchendisli\u011fi B\u00f6l\u00fcm Ba\u015fkanlar\u0131 Prof. Dr. \u015eule Erg\u00fcn ile Prof. Dr. Meryem Seferino\u011flu, kamuoyunun n\u00fckleer enerji konusunda do\u011fru bilgilendirilmesinin n\u00fckleer enerjiye deste\u011fin artmas\u0131nda b\u00fcy\u00fck rol oynad\u0131\u011f\u0131n\u0131 ifade etti. D\u00fcnya \u00e7ap\u0131nda n\u00fckleer end\u00fcstrinin tarihini ve modern n\u00fckleer teknolojileri ke\u015ffetme [&hellip;]<\/p>\n","protected":false},"author":2,"featured_media":37790,"comment_status":"closed","ping_status":"closed","sticky":false,"template":"","format":"standard","meta":{"footnotes":""},"categories":[7,3,11],"tags":[],"class_list":["post-37789","post","type-post","status-publish","format-standard","has-post-thumbnail","hentry","category-dunya","category-manset","category-teknoloji"],"views":3,"_links":{"self":[{"href":"https:\/\/mersinkadingazetesi.com\/index.php?rest_route=\/wp\/v2\/posts\/37789"}],"collection":[{"href":"https:\/\/mersinkadingazetesi.com\/index.php?rest_route=\/wp\/v2\/posts"}],"about":[{"href":"https:\/\/mersinkadingazetesi.com\/index.php?rest_route=\/wp\/v2\/types\/post"}],"author":[{"embeddable":true,"href":"https:\/\/mersinkadingazetesi.com\/index.php?rest_route=\/wp\/v2\/users\/2"}],"replies":[{"embeddable":true,"href":"https:\/\/mersinkadingazetesi.com\/index.php?rest_route=%2Fwp%2Fv2%2Fcomments&post=37789"}],"version-history":[{"count":1,"href":"https:\/\/mersinkadingazetesi.com\/index.php?rest_route=\/wp\/v2\/posts\/37789\/revisions"}],"predecessor-version":[{"id":37791,"href":"https:\/\/mersinkadingazetesi.com\/index.php?rest_route=\/wp\/v2\/posts\/37789\/revisions\/37791"}],"wp:featuredmedia":[{"embeddable":true,"href":"https:\/\/mersinkadingazetesi.com\/index.php?rest_route=\/wp\/v2\/media\/37790"}],"wp:attachment":[{"href":"https:\/\/mersinkadingazetesi.com\/index.php?rest_route=%2Fwp%2Fv2%2Fmedia&parent=37789"}],"wp:term":[{"taxonomy":"category","embeddable":true,"href":"https:\/\/mersinkadingazetesi.com\/index.php?rest_route=%2Fwp%2Fv2%2Fcategories&post=37789"},{"taxonomy":"post_tag","embeddable":true,"href":"https:\/\/mersinkadingazetesi.com\/index.php?rest_route=%2Fwp%2Fv2%2Ftags&post=37789"}],"curies":[{"name":"wp","href":"https:\/\/api.w.org\/{rel}","templated":true}]}}