{"id":37792,"date":"2024-12-12T15:33:11","date_gmt":"2024-12-12T12:33:11","guid":{"rendered":"https:\/\/mersinkadingazetesi.com\/?p=37792"},"modified":"2024-12-12T15:33:12","modified_gmt":"2024-12-12T12:33:12","slug":"deva-partili-ekmen-profesyonel-orduya-gecis-icin-hazirliklar-yapilmalidir","status":"publish","type":"post","link":"https:\/\/mersinkadingazetesi.com\/?p=37792","title":{"rendered":"DEVA Partili Ekmen: Profesyonel orduya ge\u00e7i\u015f i\u00e7in haz\u0131rl\u0131klar yap\u0131lmal\u0131d\u0131r!\u00a0"},"content":{"rendered":"\n<figure class=\"wp-block-table\"><table class=\"has-fixed-layout\"><tbody><tr><td><strong>DEVA Partisi Genel Ba\u015fkan Yard\u0131mc\u0131s\u0131 Mehmet Emin Ekmen, Milli Savunma Bakanl\u0131\u011f\u0131n\u0131<\/strong><strong>n 2025 b<\/strong><strong>\u00fct\u00e7esi \u00fczerine yapt\u0131\u011f\u0131 konu\u015fmada, gen\u00e7lerin k\u0131\u015flas\u0131z bedelli askerlik talebini g\u00fcndeme getirdi. Profesyonel orduya ge\u00e7i\u015fin bir zaruret oldu\u011funun alt\u0131n\u0131 \u00e7izen Ekmen, zorunlu askerlikle bedelli askerlik aras\u0131ndaki fark\u0131n ortadan kald\u0131r\u0131lmas\u0131 gerekti\u011fine dikkat \u00e7ekerek,&nbsp;<\/strong><strong>\u201c<\/strong><strong>Bir ayl\u0131k bir e\u011fitim s\u00fcresi ne savunma ne de sava\u015fma kapasitesi a\u00e7\u0131s\u0131ndan gen\u00e7lerimize kayda de\u011fer bir yetenek kazand\u0131rmamaktad\u0131r. Bu bir ayl\u0131k s\u00fcrenin ise gen\u00e7lerimize ciddi bir maliyeti bulunmaktad\u0131r. Yurt d\u0131\u015f\u0131ndaki vatanda\u015flar\u0131m\u0131z d<\/strong><strong>\u00f6<\/strong><strong>vizle askerlik yapmalar\u0131 h\u00e2linde bu hizmetten muafken yurt i\u00e7erisindeki vatanda\u015flar\u0131m\u0131z zorunlu olarak bu hizmeti y\u00fcr\u00fctmektedirler. Bu da bir e\u015fitsizlik ve \u00e7ifte standart olu\u015fturdu\u011fu y<\/strong><strong>\u00f6<\/strong><strong>n\u00fcnde gen\u00e7lerimizde ciddi bir ele\u015ftiri konusu olmaktad\u0131r\u201d dedi.<\/strong><strong>&nbsp;<\/strong>DEVA Partisi Genel Ba\u015fkan Yard\u0131mc\u0131s\u0131 ve Mersin Milletvekili Mehmet Emin Ekmen, Mill\u00ee Savunma Bakanl\u0131\u011f\u0131\u2019n\u0131n 2025 b\u00fct\u00e7esi \u00fczerinde de\u011ferlendirmelerde bulundu. Gen\u00e7lerin k\u0131\u015flas\u0131z bedelli askerlik talebini g\u00fcndeme getiren Ekmen, s\u00f6z konusu durumun gen\u00e7ler aras\u0131nda adaletsizli\u011fe sebep oldu\u011funun alt\u0131n\u0131 \u00e7izerek, gen\u00e7lerin taleplerine dikkat \u00e7ekti.<br><br><strong>Profesyonel orduya ge\u00e7ilmeli!&nbsp;<\/strong>\u0130nsan kayna\u011f\u0131, kurumsal y\u00f6netimi, teknik donan\u0131m\u0131yla g\u00fc\u00e7l\u00fc bir TSK&#8217;nin demokratik denetim ve g\u00f6zetime tabi bir \u015fekilde cayd\u0131r\u0131c\u0131 ve etkin bir g\u00fc\u00e7 olmas\u0131n\u0131n partilerinin temel hedefleri oldu\u011funu vurgulayan Ekmen, profesyonel orduya ge\u00e7i\u015fle ilgili,&nbsp;\u201cGerek kendi \u00fclke tecr\u00fcbemiz gerekse de d\u00fcnya&nbsp;\u00f6rneklerine bakt\u0131\u011f\u0131m\u0131zda, profesyonel orduya ge\u00e7i\u015fin bir zaruret oldu\u011funu ve \u00fclkemizin savunma kapasitesini art\u0131raca\u011f\u0131n\u0131 d\u00fc\u015f\u00fcnd\u00fc\u011f\u00fcm\u00fcz\u00fc ifade etmek istiyorum. Profesyonel orduya ge\u00e7i\u015fin, sadece savunma kapasitesi a\u00e7\u0131s\u0131ndan de\u011fil zorunlu askerlik ile bedelli askerlik aras\u0131ndaki fark\u0131n ortadan kald\u0131r\u0131lmas\u0131, vicdanlar\u0131 ve adalet ve hakkaniyet duygular\u0131n\u0131 zedeleyen bu durumun da sonland\u0131r\u0131lmas\u0131 a\u00e7\u0131s\u0131ndan&nbsp;\u00f6nemli oldu\u011funu d\u00fc\u015f\u00fcn\u00fcyorum. Zaten muvazzaf askerlerimiz, bunun yan\u0131nda uzman er ve erba\u015flar\u0131m\u0131z profesyonel orduya ge\u00e7i\u015f noktas\u0131nda&nbsp;\u00f6nemli bir a\u015fama kaydetmi\u015flerdir\u201d ifadelerini kulland\u0131.&nbsp;<strong>Gen\u00e7ler aras\u0131nda \u00e7ifte standart olu\u015fuyor!<\/strong>Gen\u00e7lerin k\u0131\u015flas\u0131z bedelli askerlik talebini oldu\u011funu s\u00f6yleyen Ekmen, ge\u00e7ti\u011fimiz g\u00fcnlerde bedelli askerlik yapacak gen\u00e7lerin k\u0131\u015fla hizmetinden muaf tutulmas\u0131na ili\u015fkin bir kanun teklifini Meclise sundu\u011funu dile getirerek, Mill\u00ee Savunma Komisyonu Ba\u015fkan\u0131 Hulusi Akar ile yapt\u0131\u011f\u0131 g\u00f6r\u00fc\u015fmede teklife mesafeli oldu\u011funu aktard\u0131. Ekmen, devam\u0131nda \u015f\u00f6yle devam etti;&nbsp;\u201cBir ayl\u0131k bir e\u011fitim s\u00fcresi ne savunma ne de sava\u015fma kapasitesi a\u00e7\u0131s\u0131ndan gen\u00e7lerimize kayda de\u011fer bir yetenek kazand\u0131rmamaktad\u0131r. Bu bir ayl\u0131k s\u00fcrenin ise gen\u00e7lerimize ciddi bir maliyeti bulunmaktad\u0131r. \u00d6zellikle ileri ya\u015fta olanlar\u0131n kurulu i\u015f g\u00fc\u00e7lerini terk etmeleri i\u015f hayatlar\u0131nda ve aile hayatlar\u0131nda ciddi bir soruna sebebiyet vermektedir. Yurt d\u0131\u015f\u0131ndaki vatanda\u015flar\u0131m\u0131z d\u00f6vizle askerlik yapmalar\u0131 h\u00e2linde bu hizmetten muafken yurt i\u00e7erisindeki vatanda\u015flar\u0131m\u0131z zorunlu olarak bu hizmeti y\u00fcr\u00fctmektedirler. Bu da bir e\u015fitsizlik ve \u00e7ifte standart olu\u015fturdu\u011fu y\u00f6n\u00fcnde gen\u00e7lerimizde ciddi bir ele\u015ftiri konusu olmaktad\u0131r.\u201d&nbsp;<strong>B\u00fct\u00e7e i\u00e7erisinde de y\u00fck olu\u015fturuyor!<\/strong>Milliyet\u00e7i Hareket Partisi Genel Ba\u015fkan\u0131 Devlet Bah\u00e7eli ile&nbsp;\u00f6nceki Mill\u00ee Savunma Bakan\u0131 Nurettin Canikli&#8217;nin ordu olarak k\u0131\u015flas\u0131z, bedelli askerli\u011fe ge\u00e7i\u015f noktas\u0131nda belirli bir haz\u0131rl\u0131\u011fa sahip oldu\u011fu konusunda a\u00e7\u0131klamalar\u0131n\u0131&nbsp;hat\u0131rlatan Ekmen, profesyonel askerli\u011fe ge\u00e7i\u015fin&nbsp;\u00f6ncesinde zorunlu askerlik ile bedelli askerli\u011fin vatanda\u015flar\u0131m\u0131z aras\u0131nda bir ayr\u0131mc\u0131l\u0131\u011fa tekab\u00fcl etti\u011fine dikkati \u00e7ekerek,&nbsp;\u201cGen\u00e7lerimizin ileri s\u00fcrd\u00fckleri gerek\u00e7elerin bir kez daha de\u011ferlendirilerek&nbsp;\u00f6zellikle ve&nbsp;\u00f6zellikle bu bir ayl\u0131k s\u00fcre i\u00e7erisinde elde edilen kazan\u0131mlar\u0131n ne savunma ne de h\u00fccum kapasitesi a\u00e7\u0131s\u0131ndan nitelikli bir duruma kar\u015f\u0131l\u0131k gelmedi\u011fi ve bir ay boyunca devletin bunlara yapm\u0131\u015f oldu\u011fu masraflar\u0131n ayn\u0131 zamanda ekonomik kriz i\u00e7erisinde b\u00fct\u00e7e i\u00e7inde ciddi bir y\u00fck olu\u015fturuyor\u201d de\u011ferlendirmesinde bulundu.<\/td><\/tr><\/tbody><\/table><\/figure>\n","protected":false},"excerpt":{"rendered":"<p>DEVA Partisi Genel Ba\u015fkan Yard\u0131mc\u0131s\u0131 Mehmet Emin Ekmen, Milli Savunma Bakanl\u0131\u011f\u0131n\u0131n 2025 b\u00fct\u00e7esi \u00fczerine yapt\u0131\u011f\u0131 konu\u015fmada, gen\u00e7lerin k\u0131\u015flas\u0131z bedelli askerlik talebini g\u00fcndeme getirdi. Profesyonel orduya ge\u00e7i\u015fin bir zaruret oldu\u011funun alt\u0131n\u0131 \u00e7izen Ekmen, zorunlu askerlikle bedelli askerlik aras\u0131ndaki fark\u0131n ortadan kald\u0131r\u0131lmas\u0131 gerekti\u011fine dikkat \u00e7ekerek,&nbsp;\u201cBir ayl\u0131k bir e\u011fitim s\u00fcresi ne savunma ne de sava\u015fma kapasitesi a\u00e7\u0131s\u0131ndan gen\u00e7lerimize [&hellip;]<\/p>\n","protected":false},"author":2,"featured_media":37793,"comment_status":"closed","ping_status":"closed","sticky":false,"template":"","format":"standard","meta":{"footnotes":""},"categories":[3],"tags":[],"class_list":["post-37792","post","type-post","status-publish","format-standard","has-post-thumbnail","hentry","category-manset"],"views":4,"_links":{"self":[{"href":"https:\/\/mersinkadingazetesi.com\/index.php?rest_route=\/wp\/v2\/posts\/37792"}],"collection":[{"href":"https:\/\/mersinkadingazetesi.com\/index.php?rest_route=\/wp\/v2\/posts"}],"about":[{"href":"https:\/\/mersinkadingazetesi.com\/index.php?rest_route=\/wp\/v2\/types\/post"}],"author":[{"embeddable":true,"href":"https:\/\/mersinkadingazetesi.com\/index.php?rest_route=\/wp\/v2\/users\/2"}],"replies":[{"embeddable":true,"href":"https:\/\/mersinkadingazetesi.com\/index.php?rest_route=%2Fwp%2Fv2%2Fcomments&post=37792"}],"version-history":[{"count":1,"href":"https:\/\/mersinkadingazetesi.com\/index.php?rest_route=\/wp\/v2\/posts\/37792\/revisions"}],"predecessor-version":[{"id":37794,"href":"https:\/\/mersinkadingazetesi.com\/index.php?rest_route=\/wp\/v2\/posts\/37792\/revisions\/37794"}],"wp:featuredmedia":[{"embeddable":true,"href":"https:\/\/mersinkadingazetesi.com\/index.php?rest_route=\/wp\/v2\/media\/37793"}],"wp:attachment":[{"href":"https:\/\/mersinkadingazetesi.com\/index.php?rest_route=%2Fwp%2Fv2%2Fmedia&parent=37792"}],"wp:term":[{"taxonomy":"category","embeddable":true,"href":"https:\/\/mersinkadingazetesi.com\/index.php?rest_route=%2Fwp%2Fv2%2Fcategories&post=37792"},{"taxonomy":"post_tag","embeddable":true,"href":"https:\/\/mersinkadingazetesi.com\/index.php?rest_route=%2Fwp%2Fv2%2Ftags&post=37792"}],"curies":[{"name":"wp","href":"https:\/\/api.w.org\/{rel}","templated":true}]}}