{"id":37795,"date":"2024-12-12T15:34:34","date_gmt":"2024-12-12T12:34:34","guid":{"rendered":"https:\/\/mersinkadingazetesi.com\/?p=37795"},"modified":"2024-12-12T15:34:34","modified_gmt":"2024-12-12T12:34:34","slug":"baskan-yildiz-temizlikle-ilgili-sorunlar-cozuluyor","status":"publish","type":"post","link":"https:\/\/mersinkadingazetesi.com\/?p=37795","title":{"rendered":"BA\u015eKAN YILDIZ: TEM\u0130ZL\u0130KLE \u0130LG\u0130L\u0130 SORUNLAR \u00c7\u00d6Z\u00dcL\u00dcYOR"},"content":{"rendered":"\n<p>Toroslar Belediye Ba\u015fkan\u0131 Abdurrahman Y\u0131ld\u0131z, belediyenin temizlik hizmetlerinin yeni personel al\u0131mlar\u0131yla daha da g\u00fc\u00e7lendi\u011fini belirterek, &#8220;Belediye olarak \u00fczerimize d\u00fc\u015fen t\u00fcm sorumluluklar\u0131 yerine getirmeye devam ediyoruz. Art\u0131k \u00e7\u00f6p toplama kamyonlar\u0131m\u0131z, t\u00fcm mahallelerimizde ve sokaklar\u0131m\u0131zda belirli bir zaman dilimi i\u00e7inde hizmet veriyor. Temizlikle ilgili sorunlar\u0131m\u0131z \u00e7\u00f6z\u00fclmeye ba\u015fland\u0131&#8221; dedi.<\/p>\n\n\n\n<p>Ba\u015fkan Y\u0131ld\u0131z&#8217;\u0131n, halk aras\u0131nda temizlik bilinci olu\u015fturmak amac\u0131yla ba\u015flatt\u0131\u011f\u0131 &#8220;Mahallede Temizlik Var&#8221; kampanyas\u0131n\u0131n bu haftaki adresi Mithat Toro\u011flu Mahallesi oldu.<\/p>\n\n\n\n<p>Her hafta farkl\u0131 bir mahalle ger\u00e7ekle\u015fen ve belediye ba\u015fkan yard\u0131mc\u0131lar\u0131, meclis \u00fcyeleri, sivil toplum kurulu\u015flar\u0131n\u0131n temsilcileri, mahalle halk\u0131n\u0131n da destek verdi\u011fi kampanya ile \u00e7evre bilinci fark\u0131ndal\u0131\u011f\u0131 olu\u015fturuluyor.<\/p>\n\n\n\n<p>Belediye ekipleri mahallede s\u00fcp\u00fcrme, y\u0131kama, budama, ila\u00e7lama ve \u00e7evre temizli\u011fi \u00e7al\u0131\u015fmalar\u0131n\u0131 s\u00fcrd\u00fcr\u00fcrken, Ba\u015fkan Y\u0131ld\u0131z da \u00e7al\u0131\u015fmalar\u0131 yerinde inceledi.<\/p>\n\n\n\n<p><strong>MAHALLE HALKINA TE\u015eEKK\u00dcR<\/strong><\/p>\n\n\n\n<p>Y\u0131ld\u0131z, burada yapt\u0131\u011f\u0131 a\u00e7\u0131klamada, Mithat Toro\u011flu Mahallesi&#8217;nin Toroslar&#8217;\u0131n en k\u00f6kl\u00fc mahallelerinden biri oldu\u011funa dikkat \u00e7ekerek, &#8220;Burada kom\u015fuluk ili\u015fkileri \u00e7ok g\u00fc\u00e7l\u00fc ve temizlik al\u0131\u015fkanl\u0131klar\u0131 oturmu\u015f durumda. Mahallemizin bu \u00f6rnek davran\u0131\u015flar\u0131 i\u00e7in muhtar\u0131m\u0131z ve t\u00fcm sakinlere te\u015fekk\u00fcr ediyorum&#8221; dedi.<\/p>\n\n\n\n<p><strong>TEM\u0130ZL\u0130K KONUSUNDA HASSAS\u0130YET \u00c7A\u011eRISI<\/strong><\/p>\n\n\n\n<p>Toroslar Belediyesi&#8217;nin temizlik hizmetlerini g\u00fc\u00e7lendirdi\u011fini ifade eden Y\u0131ld\u0131z, mahalle sakinlerine temiz bir \u00e7evre i\u00e7in duyarl\u0131l\u0131k \u00e7a\u011fr\u0131s\u0131nda bulundu. Y\u0131ld\u0131z \u015funlar\u0131 s\u00f6yledi:<\/p>\n\n\n\n<p>&#8220;Belediyemiz, temizlik hizmetleri konusunda kendisini h\u0131zla g\u00fc\u00e7lendiriyor. Yeni personelimiz e\u011fitimlerini tamamlad\u0131 ve art\u0131k Toroslar&#8217;\u0131n sokaklar\u0131nda daha ya\u015fanabilir, daha kaliteli bir kent olu\u015fturmak i\u00e7in \u00e7al\u0131\u015f\u0131yorlar. Ancak temiz olman\u0131n birinci ko\u015fulu kirletmemektir. T\u00fcm hem\u015ferilerimizden \u00e7\u00f6p konteynerlerini do\u011fru kullanmalar\u0131n\u0131, evlerinin \u00f6n\u00fcn\u00fc ve mahallelerini temiz tutmalar\u0131n\u0131 rica ediyorum. \u00c7\u00f6p konteynerlerine \u00e7\u00f6plerin d\u00fczg\u00fcn b\u0131rak\u0131lmas\u0131, at\u0131klar\u0131n geli\u015fig\u00fczel yerlere b\u0131rak\u0131lmamas\u0131 \u00f6nemlidir.&#8221;<\/p>\n\n\n\n<p><strong>&#8220;444 41 33 NUMARALI HATTI ARAYIN&#8221;<\/strong><\/p>\n\n\n\n<p>Ba\u015fkan Y\u0131ld\u0131z, \u00f6zellikle dal budak at\u0131klar\u0131, eski e\u015fya ve molozlar\u0131n mahallelerde kontrols\u00fcz bir \u015fekilde b\u0131rak\u0131lmas\u0131n\u0131n sorunlara yol a\u00e7t\u0131\u011f\u0131n\u0131 belirtti.<\/p>\n\n\n\n<p>Y\u0131ld\u0131z,&nbsp; &#8220;A\u011fa\u00e7 budarken dallar\u0131 yol kenar\u0131na b\u0131rakmayal\u0131m. Belediyemizi arayarak ekiplerimizin gelip bunlar\u0131 almas\u0131n\u0131 sa\u011flayabilirsiniz. Ayn\u0131 \u015fekilde kullan\u0131lmayan kanepe, masa, sandalye gibi e\u015fyalar\u0131 konteyner yan\u0131na b\u0131rakmak yerine 444 41 33 numaral\u0131 hatt\u0131m\u0131za ihbarda bulunabilirsiniz. Bu t\u00fcr at\u0131klar\u0131 d\u00fczenli bir \u015fekilde al\u0131yor ve \u00e7evreyi kirletmeden bertaraf ediyoruz. B\u0131rak\u0131lan molozlar, dal art\u0131klar\u0131 ya da ev e\u015fyalar\u0131 g\u00fcnlerce orada kalabilir. Bu durumun ya\u015fanmamas\u0131 i\u00e7in bahsetti\u011fim numaray\u0131 arayarak bildirimde bulunman\u0131z \u00f6nemli. Hem mahallemizin gereksiz kirlilikten korunmas\u0131n\u0131, k\u00f6t\u00fc kokular\u0131n \u00f6nlenmesini ve \u00e7irkin g\u00f6r\u00fcnt\u00fclerin olu\u015fmamas\u0131n\u0131 sa\u011flar\u0131z hem de g\u00fcvenlik risklerini en aza indiririz. \u00d6zellikle yan\u0131c\u0131 e\u015fyalar\u0131n sokakta b\u0131rak\u0131lmas\u0131 tehlike yaratabilir. \u00d6rne\u011fin, bir \u00e7ocuk oynarken ya da biri sigara att\u0131\u011f\u0131nda yang\u0131na sebep olabilir&#8221; ifadelerini kulland\u0131.<\/p>\n\n\n\n<p><strong>&#8220;TEM\u0130ZL\u0130K HEP\u0130M\u0130Z\u0130N SORUMLULU\u011eU&#8221;<\/strong><\/p>\n\n\n\n<p>Ba\u015fkan Y\u0131ld\u0131z, mahalledeki \u00e7al\u0131\u015fmalar\u0131n hem temizlik hem de dayan\u0131\u015fma a\u00e7\u0131s\u0131ndan \u00f6nemli oldu\u011funu belirterek &#8220;Toroslar Belediyemiz art\u0131k yava\u015f yava\u015f oturuyor. 1 Nisan&#8217;da ba\u015flayan s\u00fcrecin ya\u015famsal kar\u015f\u0131l\u0131klar\u0131n\u0131 g\u00f6rmeye ba\u015flad\u0131k. Temizlik i\u015flerimiz belirgin bir \u015fekilde ilerliyor. Kentimiz daha ya\u015fanabilir, daha konforlu ve daha temiz bir hale geliyor. Bu seviyeyi daha da yukar\u0131 ta\u015f\u0131mak i\u00e7in \u00e7al\u0131\u015fmaya devam edece\u011fiz. Gerek personel takviyesi gerekse ara\u00e7 gere\u00e7 deste\u011fiyle hizmetlerimizi g\u00fc\u00e7lendirece\u011fiz. Ancak toplum olarak her birimizin temizlik konusunda hassasiyet g\u00f6stermesi gerekti\u011fini unutmayal\u0131m. Temizlik, hepimizin sorumlulu\u011fu&#8221; ifadelerini kulland\u0131.<\/p>\n\n\n\n<p><strong>MUHTAR FARUK DO\u011eAN&#8217;DAN BA\u015eKAN&#8217;A TE\u015eEKK\u00dcR<\/strong><\/p>\n\n\n\n<p>Mahalle Muhtar\u0131 Faruk Do\u011fan da belediyenin hizmetlerinden duydu\u011fu memnuniyeti dile getirerek, &#8220;\u0130n\u015fallah ba\u015fkan\u0131m\u0131z\u0131n dedi\u011fi gibi farkl\u0131 bir Toroslar ile kar\u015f\u0131la\u015faca\u011f\u0131z. Ba\u015fkan\u0131m\u0131z\u0131n her zaman yan\u0131nday\u0131z. Belli bir zamandan sonra her \u015feyin daha da ray\u0131na oturaca\u011f\u0131na inan\u0131yorum. Ba\u015fkan\u0131m\u0131z\u0131 tekrar tebrik ediyorum&#8221; \u015feklinde konu\u015ftu.<\/p>\n","protected":false},"excerpt":{"rendered":"<p>Toroslar Belediye Ba\u015fkan\u0131 Abdurrahman Y\u0131ld\u0131z, belediyenin temizlik hizmetlerinin yeni personel al\u0131mlar\u0131yla daha da g\u00fc\u00e7lendi\u011fini belirterek, &#8220;Belediye olarak \u00fczerimize d\u00fc\u015fen t\u00fcm sorumluluklar\u0131 yerine getirmeye devam ediyoruz. Art\u0131k \u00e7\u00f6p toplama kamyonlar\u0131m\u0131z, t\u00fcm mahallelerimizde ve sokaklar\u0131m\u0131zda belirli bir zaman dilimi i\u00e7inde hizmet veriyor. Temizlikle ilgili sorunlar\u0131m\u0131z \u00e7\u00f6z\u00fclmeye ba\u015fland\u0131&#8221; dedi. Ba\u015fkan Y\u0131ld\u0131z&#8217;\u0131n, halk aras\u0131nda temizlik bilinci olu\u015fturmak amac\u0131yla ba\u015flatt\u0131\u011f\u0131 [&hellip;]<\/p>\n","protected":false},"author":2,"featured_media":37796,"comment_status":"closed","ping_status":"closed","sticky":false,"template":"","format":"standard","meta":{"footnotes":""},"categories":[2,3],"tags":[],"class_list":["post-37795","post","type-post","status-publish","format-standard","has-post-thumbnail","hentry","category-gundem","category-manset"],"views":6,"_links":{"self":[{"href":"https:\/\/mersinkadingazetesi.com\/index.php?rest_route=\/wp\/v2\/posts\/37795"}],"collection":[{"href":"https:\/\/mersinkadingazetesi.com\/index.php?rest_route=\/wp\/v2\/posts"}],"about":[{"href":"https:\/\/mersinkadingazetesi.com\/index.php?rest_route=\/wp\/v2\/types\/post"}],"author":[{"embeddable":true,"href":"https:\/\/mersinkadingazetesi.com\/index.php?rest_route=\/wp\/v2\/users\/2"}],"replies":[{"embeddable":true,"href":"https:\/\/mersinkadingazetesi.com\/index.php?rest_route=%2Fwp%2Fv2%2Fcomments&post=37795"}],"version-history":[{"count":1,"href":"https:\/\/mersinkadingazetesi.com\/index.php?rest_route=\/wp\/v2\/posts\/37795\/revisions"}],"predecessor-version":[{"id":37797,"href":"https:\/\/mersinkadingazetesi.com\/index.php?rest_route=\/wp\/v2\/posts\/37795\/revisions\/37797"}],"wp:featuredmedia":[{"embeddable":true,"href":"https:\/\/mersinkadingazetesi.com\/index.php?rest_route=\/wp\/v2\/media\/37796"}],"wp:attachment":[{"href":"https:\/\/mersinkadingazetesi.com\/index.php?rest_route=%2Fwp%2Fv2%2Fmedia&parent=37795"}],"wp:term":[{"taxonomy":"category","embeddable":true,"href":"https:\/\/mersinkadingazetesi.com\/index.php?rest_route=%2Fwp%2Fv2%2Fcategories&post=37795"},{"taxonomy":"post_tag","embeddable":true,"href":"https:\/\/mersinkadingazetesi.com\/index.php?rest_route=%2Fwp%2Fv2%2Ftags&post=37795"}],"curies":[{"name":"wp","href":"https:\/\/api.w.org\/{rel}","templated":true}]}}