{"id":37798,"date":"2024-12-12T15:35:48","date_gmt":"2024-12-12T12:35:48","guid":{"rendered":"https:\/\/mersinkadingazetesi.com\/?p=37798"},"modified":"2024-12-12T15:35:49","modified_gmt":"2024-12-12T12:35:49","slug":"onemli-olan-sorunlari-yerinde-gormektir","status":"publish","type":"post","link":"https:\/\/mersinkadingazetesi.com\/?p=37798","title":{"rendered":"&#8220;\u00d6NEML\u0130 OLAN SORUNLARI YER\u0130NDE G\u00d6RMEKT\u0130R&#8221;"},"content":{"rendered":"\n<p><strong>&#8220;Ekonomik Sorunlar\u0131n Var Bir \u00c7aresi&#8221;<\/strong>&nbsp;slogan\u0131 ile ba\u015flatt\u0131klar\u0131&nbsp;<strong>&#8216;Ekonomi Turu&#8217;<\/strong>&nbsp;kapsam\u0131nda bir dizi temasta bulunmak i\u00e7in Mersin&#8217;e gelen Cumhuriyet Halk Partisi (CHP) Genel Ba\u015fkan Yard\u0131mc\u0131lar\u0131 Prof. Dr. Yal\u00e7\u0131n Karatepe ve Prof. Dr. Volkan Demir beraberindeki heyetle birlikte, Mersin B\u00fcy\u00fck\u015fehir Belediye Ba\u015fkan\u0131 Vahap Se\u00e7er&#8217;i ziyaret etti.<\/p>\n\n\n\n<p>Ziyarete, Prof. Dr. Yal\u00e7\u0131n Karatepe, Prof. Dr. Volkan Demir, CHP Mersin \u0130l Ba\u015fkan\u0131 Koral \u00d6m\u00fcr, CHP Mersin Milletvekili G\u00fclcan K\u0131\u015f ve Talat Din\u00e7er, CHP Kayseri Milletvekili A\u015fk\u0131n Gen\u00e7, CHP Yalova Milletvekili Tahsin Becan, CHP Bolu Milletvekili T\u00fcrker Ate\u015f ve CHP Kocaeli Milletvekili Nail \u00c7iler de kat\u0131ld\u0131.<\/p>\n\n\n\n<p><strong>Ba\u015fkan Se\u00e7er: &#8220;T\u00fcrkiye&#8217;ye dair ne ararsan\u0131z Mersin&#8217;de var&#8221;<\/strong><\/p>\n\n\n\n<p>Ziyaretlerinden \u00f6t\u00fcr\u00fc heyete te\u015fekk\u00fcr ederek konu\u015fmas\u0131na ba\u015flayan Ba\u015fkan Se\u00e7er,&nbsp;<strong>&#8220;Ekonomi tak\u0131m\u0131 olarak Mersin&#8217;i ziyaret ediyorsunuz ve \u00e7ok isabetli bir yerdesiniz. \u00c7\u00fcnk\u00fc T\u00fcrkiye&#8217;ye dair ne ararsan\u0131z Mersinde var&#8221;<\/strong>&nbsp;dedi. Mersin&#8217;in ticaret konusundaki g\u00fcc\u00fcn\u00fcn, \u00f6denen vergilerle kan\u0131tlanabilece\u011fini s\u00f6yleyen Se\u00e7er,&nbsp;<strong>&#8220;Mersin \u00e7ok sekt\u00f6rl\u00fc bir \u015fehir. T\u00fcrkiye&#8217;de vergi \u00f6deyen ilk alt\u0131 kent i\u00e7erisindedir; buradan ticaretin, \u00fcretimin, ekonominin olduk\u00e7a hareketli oldu\u011funu anlayabilirsiniz&#8221;<\/strong>&nbsp;diye konu\u015ftu.<\/p>\n\n\n\n<p><strong>&#8220;Mersin Liman\u0131, Mersin&#8217;in olu\u015fmas\u0131ndaki en b\u00fcy\u00fck etken&#8221;<\/strong><\/p>\n\n\n\n<p>Mersin&#8217;deki ticaretin kalbinin att\u0131\u011f\u0131 nokta olan Mersin Liman\u0131&#8217;na dair bilgiler de veren Se\u00e7er, liman\u0131n \u00fclke ekonomisine de katk\u0131 sundu\u011funu belirterek,&nbsp;<strong>&#8220;Mersin Liman\u0131, Mersin&#8217;in olu\u015fmas\u0131nda en b\u00fcy\u00fck etken. T\u00fcrkiye&#8217;nin, Mersin&#8217;den d\u00fcnyan\u0131n bir\u00e7ok co\u011frafyas\u0131na a\u00e7\u0131lma imk\u00e2n\u0131 olmas\u0131 liman\u0131m\u0131z\u0131 \u00e7ok de\u011ferli k\u0131l\u0131yor&#8221;<\/strong>&nbsp;dedi. Mersin Liman\u0131n\u0131n Ortado\u011fu \u00e7ana\u011f\u0131nda en \u00f6nemli liman oldu\u011funu ifade ederek konu\u015fmas\u0131n\u0131 s\u00fcrd\u00fcren Se\u00e7er, tar\u0131m a\u00e7\u0131s\u0131ndan Mersin&#8217;in co\u011frafi konumunun avantaj\u0131n\u0131 da aktard\u0131. Se\u00e7er,&nbsp;<strong>&#8220;Mersin Liman\u0131 stratejik olarak \u00e7ok \u00f6nemli bir lokasyonda. Mersin&#8217;in bu g\u00fc\u00e7l\u00fc yap\u0131s\u0131 da bir\u00e7ok sekt\u00f6r\u00fc tetikliyor. Toprak yap\u0131s\u0131 ve iklimi gere\u011fi bu topraklar tar\u0131m\u0131 de\u011ferli k\u0131l\u0131yor \u00e7\u00fcnk\u00fc raf de\u011feri y\u00fcksek \u00fcr\u00fcnler burada \u00fcretiliyor&#8221;<\/strong>&nbsp;dedi.<\/p>\n\n\n\n<p><strong>&#8220;T\u00fcrkiye&#8217;nin ikinci b\u00fcy\u00fck filosu Mersin&#8217;de&#8221;<\/strong><\/p>\n\n\n\n<p>Kentte llman\u0131n yan\u0131 s\u0131ra kara ticaretinin de yo\u011fun oldu\u011funu ve bu sayede sanayinin de geli\u015fti\u011fini ifade eden Se\u00e7er,&nbsp;<strong>&#8220;T\u00fcrkiye&#8217;de ger\u00e7ekle\u015ftirilen bakliyat ticaretinin de merkezi Mersin. Mersin&#8217;de bakliyat \u00fcretimi olmamas\u0131na ra\u011fmen, bakliyat merkeziyiz. T\u00fcm bunlar\u0131n getirisi olarak burada sanayi de geli\u015fiyor, yeni organize sanayi b\u00f6lgeleri kuruluyor, bizler de destek oluyoruz&#8221;<\/strong>&nbsp;diye konu\u015ftu. T\u00fcrkiye&#8217;nin en b\u00fcy\u00fck filolar\u0131ndan birinin Mersin&#8217;de bulundu\u011funu ve transit ticaret a\u011f\u0131n\u0131n geli\u015fmi\u015f oldu\u011funa vurgu yapan Se\u00e7er,&nbsp;<strong>&#8220;T\u00fcrkiye&#8217;nin ikinci b\u00fcy\u00fck filosu Mersin&#8217;de \u00e7\u00fcnk\u00fc burada transit ticaret \u00e7ok yayg\u0131n. Buradan Ortado\u011fu&#8217;ya, Kafkaslara, Anadolu&#8217;ya gidebiliyor. T\u00fcm bunlar\u0131 ele ald\u0131\u011f\u0131m\u0131zda Mersin&#8217;de her \u015feyi bulabilirsiniz, \u00e7ok canl\u0131 bir kent&#8221;<\/strong>&nbsp;dedi.<\/p>\n\n\n\n<p>Mersin&#8217;de 300 binden fazla Suriyeli&#8217;nin bulundu\u011funu s\u00f6yleyen Se\u00e7er, resmi n\u00fcfusun 1 milyon 938 bin, hizmet verilen ger\u00e7ek n\u00fcfusun ise 2.6 milyona denk geldi\u011fini s\u00f6yledi. 6 \u015eubat depremi sonras\u0131 da \u00e7ok say\u0131da vatanda\u015f\u0131n ya\u015famak i\u00e7in Mersin&#8217;i tercih etti\u011fini s\u00f6zlerine ekleyen Ba\u015fkan Se\u00e7er, farkl\u0131 etnik yap\u0131lar\u0131n sayg\u0131yla bir arada ya\u015fayabildi\u011fini ifade etti.<\/p>\n\n\n\n<p><strong>&#8220;\u00d6nemli olan sorunlar\u0131 yerinde g\u00f6rmektir&#8221;<\/strong><\/p>\n\n\n\n<p>Se\u00e7er, ekonomik sorunlar\u0131 ele alabilmek i\u00e7in en do\u011fru y\u00f6ntemin sorunun oldu\u011fu alanlar\u0131 incelemek oldu\u011funu ifade ederek,&nbsp;<strong>&#8220;Yak\u0131n tarihte iktidar\u0131m\u0131zda sizler T\u00fcrkiye&#8217;nin ekonomisine y\u00f6n vereceksiniz. Kitabi bilgiler elbette \u00f6nemlidir ancak sorunlar\u0131 yerinde g\u00f6rmek, akt\u00f6rlerle konu\u015fmak ve bunun \u00fczerinden bir program a\u00e7\u0131klamak, bir politika \u00fcretmek; as\u0131l do\u011fru olan bu&#8221;<\/strong>&nbsp;s\u00f6zlerine yer verdi.<\/p>\n\n\n\n<p>T\u00fcrkiye&#8217;nin i\u00e7inde bulundu\u011fu ekonomik ko\u015fullar d\u00fc\u015f\u00fcn\u00fcld\u00fc\u011f\u00fcnde CHP&#8217;nin b\u00f6yle bir ekonomi turu d\u00fczenlemesini olduk\u00e7a \u00f6nemli buldu\u011funu ifade eden Se\u00e7er,&nbsp;<strong>&#8220;Ekonomik sorunlar\u0131n \u00e7ok boyutlu oldu\u011fu, siyasetin de as\u0131l odaklanmas\u0131 gereken konunun ekonomi, hayat pahal\u0131l\u0131\u011f\u0131 ve ge\u00e7im derdi olmas\u0131 gerekti\u011fi bir d\u00f6nemde; Cumhuriyet Halk Partimizin ekonomi tak\u0131m\u0131n\u0131n bu \u00e7al\u0131\u015fmalar\u0131n\u0131 \u00e7ok de\u011ferli, \u00e7ok \u00f6nemli buluyorum. Eminim ki her gitti\u011finiz yerde birka\u00e7 hafta sizin ziyaretleriniz konu\u015fulacak.&nbsp;<em>&#8216;CHP&#8217;nin g\u00f6r\u00fc\u015f\u00fc bu, CHP olaya b\u00f6yle bak\u0131yor&#8217;<\/em>&nbsp;diyeceklerdir&#8221;<\/strong>&nbsp;diye konu\u015ftu.<\/p>\n\n\n\n<p><strong>&#8220;CHP olarak, Mersin B\u00fcy\u00fck\u015fehir&#8217;de sa\u011flanan ba\u015far\u0131 \u00e7ok de\u011ferli bir ba\u015far\u0131d\u0131r&#8221;&nbsp;&nbsp;&nbsp;&nbsp;<\/strong><\/p>\n\n\n\n<p>Parlamentoda Mersin&#8217;i 8 partinin temsil etti\u011fini s\u00f6zlerine ekleyen Se\u00e7er,&nbsp;<strong>&#8220;Etnik, mezhepsel, siyasal da\u011f\u0131l\u0131m gibi bu kadar farkl\u0131l\u0131klara ra\u011fmen ilgin\u00e7 bir \u015fekilde beraber ya\u015fama k\u00fclt\u00fcr\u00fc var. Birbirine \u00e7ok b\u00fcy\u00fck sayg\u0131 var. Yani CHP olarak burada B\u00fcy\u00fck\u015fehir&#8217;de sa\u011flanan ba\u015far\u0131 \u00e7ok de\u011ferli bir ba\u015far\u0131d\u0131r. Bu kadar farkl\u0131 renkleri getirip y\u00fczde 60 gibi bir oranda bulu\u015fturmak ger\u00e7ekten \u00e7ok \u00f6nemlidir, \u00e7ok de\u011ferlidir diye d\u00fc\u015f\u00fcn\u00fcyorum. Tabi ki hizmet, tabi ki insanlara dokunmak ama kulland\u0131\u011f\u0131m\u0131z lisan da son derece \u00f6nemli ki bu kadar insana g\u00fcven verilebiliyor&#8221;<\/strong>&nbsp;ifadeleriyle konu\u015fmas\u0131n\u0131 sonland\u0131rd\u0131.<\/p>\n\n\n\n<p><strong>Karatepe: &#8220;Her \u015feye ra\u011fmen Mersin&#8217;de herkesin y\u00fcz\u00fc g\u00fcl\u00fcyor&#8221;<\/strong><\/p>\n\n\n\n<p>Mersin&#8217;in T\u00fcrkiye i\u00e7in de ve CHP i\u00e7in de \u00e7ok \u00f6nemli ve k\u0131ymetli bir kent oldu\u011funu vurgulayarak konu\u015fan CHP Genel Ba\u015fkan Yard\u0131mc\u0131s\u0131 Prof. Dr. Yal\u00e7\u0131n Karatepe,&nbsp;<strong>&#8220;CHP&#8217;nin parti program\u0131n\u0131n hem ekonomi k\u0131sm\u0131n\u0131 yaz\u0131yoruz hem de bir sonraki se\u00e7imde iktidar olaca\u011f\u0131m\u0131z\u0131 bildi\u011fimiz i\u00e7in h\u00fck\u00fcmet program\u0131n\u0131 yaz\u0131yoruz. Kar\u015f\u0131l\u0131kl\u0131 bir etkile\u015fimde bulunarak program\u0131n \u00e7ok daha ger\u00e7ek\u00e7i olmas\u0131 y\u00f6n\u00fcndeki \u00e7al\u0131\u015fmalar\u0131m\u0131z kapsam\u0131nda Mersin&#8217;deyiz&#8221;<\/strong>&nbsp;dedi. \u015eimdiye kadar 11 ili dola\u015ft\u0131klar\u0131n\u0131 belirten Karatepe,&nbsp;<strong>&#8220;Do\u011frudan i\u015f yapan insanlarla, \u00e7al\u0131\u015fanlarla kar\u015f\u0131la\u015ft\u0131\u011f\u0131m\u0131zda biz bunlar\u0131n hepsini not ediyor, il raporlar\u0131 haz\u0131rl\u0131yoruz. Mersin&#8217;e ili\u015fkin de ziyaretlerimizden sonra bir rapor haz\u0131rlayaca\u011f\u0131z. Buradan derledi\u011fimiz bilgileri onlarla da payla\u015faca\u011f\u0131z. \u00c7ok kapsaml\u0131 bir program ortaya \u00e7\u0131karaca\u011f\u0131z. Mersin&#8217;e ziyaret yapt\u0131\u011f\u0131m\u0131z i\u00e7in ayr\u0131ca mutlu olduk. Her \u015feye ra\u011fmen Mersin&#8217;de herkesin y\u00fcz\u00fc g\u00fcl\u00fcyor&#8221;<\/strong>&nbsp;s\u00f6zlerine yer verdi.<\/p>\n","protected":false},"excerpt":{"rendered":"<p>&#8220;Ekonomik Sorunlar\u0131n Var Bir \u00c7aresi&#8221;&nbsp;slogan\u0131 ile ba\u015flatt\u0131klar\u0131&nbsp;&#8216;Ekonomi Turu&#8217;&nbsp;kapsam\u0131nda bir dizi temasta bulunmak i\u00e7in Mersin&#8217;e gelen Cumhuriyet Halk Partisi (CHP) Genel Ba\u015fkan Yard\u0131mc\u0131lar\u0131 Prof. Dr. Yal\u00e7\u0131n Karatepe ve Prof. Dr. Volkan Demir beraberindeki heyetle birlikte, Mersin B\u00fcy\u00fck\u015fehir Belediye Ba\u015fkan\u0131 Vahap Se\u00e7er&#8217;i ziyaret etti. Ziyarete, Prof. Dr. Yal\u00e7\u0131n Karatepe, Prof. Dr. Volkan Demir, CHP Mersin \u0130l Ba\u015fkan\u0131 [&hellip;]<\/p>\n","protected":false},"author":2,"featured_media":37799,"comment_status":"closed","ping_status":"closed","sticky":false,"template":"","format":"standard","meta":{"footnotes":""},"categories":[8,3,5],"tags":[],"class_list":["post-37798","post","type-post","status-publish","format-standard","has-post-thumbnail","hentry","category-ekonomi","category-manset","category-mersin"],"views":7,"_links":{"self":[{"href":"https:\/\/mersinkadingazetesi.com\/index.php?rest_route=\/wp\/v2\/posts\/37798"}],"collection":[{"href":"https:\/\/mersinkadingazetesi.com\/index.php?rest_route=\/wp\/v2\/posts"}],"about":[{"href":"https:\/\/mersinkadingazetesi.com\/index.php?rest_route=\/wp\/v2\/types\/post"}],"author":[{"embeddable":true,"href":"https:\/\/mersinkadingazetesi.com\/index.php?rest_route=\/wp\/v2\/users\/2"}],"replies":[{"embeddable":true,"href":"https:\/\/mersinkadingazetesi.com\/index.php?rest_route=%2Fwp%2Fv2%2Fcomments&post=37798"}],"version-history":[{"count":1,"href":"https:\/\/mersinkadingazetesi.com\/index.php?rest_route=\/wp\/v2\/posts\/37798\/revisions"}],"predecessor-version":[{"id":37800,"href":"https:\/\/mersinkadingazetesi.com\/index.php?rest_route=\/wp\/v2\/posts\/37798\/revisions\/37800"}],"wp:featuredmedia":[{"embeddable":true,"href":"https:\/\/mersinkadingazetesi.com\/index.php?rest_route=\/wp\/v2\/media\/37799"}],"wp:attachment":[{"href":"https:\/\/mersinkadingazetesi.com\/index.php?rest_route=%2Fwp%2Fv2%2Fmedia&parent=37798"}],"wp:term":[{"taxonomy":"category","embeddable":true,"href":"https:\/\/mersinkadingazetesi.com\/index.php?rest_route=%2Fwp%2Fv2%2Fcategories&post=37798"},{"taxonomy":"post_tag","embeddable":true,"href":"https:\/\/mersinkadingazetesi.com\/index.php?rest_route=%2Fwp%2Fv2%2Ftags&post=37798"}],"curies":[{"name":"wp","href":"https:\/\/api.w.org\/{rel}","templated":true}]}}