{"id":37801,"date":"2024-12-13T11:43:57","date_gmt":"2024-12-13T08:43:57","guid":{"rendered":"https:\/\/mersinkadingazetesi.com\/?p=37801"},"modified":"2024-12-13T11:43:57","modified_gmt":"2024-12-13T08:43:57","slug":"el-emegi-goz-nuru-urunler-yeni-yil-temasiyla-alicilarla-bulusuyor","status":"publish","type":"post","link":"https:\/\/mersinkadingazetesi.com\/?p=37801","title":{"rendered":"EL EME\u011e\u0130 G\u00d6Z NURU \u00dcR\u00dcNLER, YEN\u0130 YIL TEMASIYLA ALICILARLA BULU\u015eUYOR"},"content":{"rendered":"\n<p>Mersin B\u00fcy\u00fck\u015fehir Belediyesi&#8217;nin sosyal projelerinden biri olan, kad\u0131nlar\u0131n \u00fcretim yapmalar\u0131n\u0131 te\u015fvik etti\u011fi ve kendi yapt\u0131\u011f\u0131 \u00fcr\u00fcnleri daha geni\u015f kitlelerle bulu\u015fturmalar\u0131n\u0131 sa\u011flad\u0131\u011f\u0131 \u00fcretici stantlar\u0131 bu kez yeni y\u0131l temas\u0131yla kuruldu. Kad\u0131n ve Aile Hizmetleri Dairesi Ba\u015fkanl\u0131\u011f\u0131 taraf\u0131ndan evde \u00fcretim yapan kad\u0131nlara mali kaynak yaratmak amac\u0131yla kentin d\u00f6rt bir yan\u0131nda kurdu\u011fu \u00fcretici kad\u0131n stantlar\u0131, Sayapark AVM&#8217;de yer ald\u0131.<\/p>\n\n\n\n<p>Yeni y\u0131l temal\u0131 hediyelik s\u00fcs e\u015fyalar\u0131n\u0131n yer ald\u0131\u011f\u0131 stantlar vatanda\u015flardan yo\u011fun ilgi g\u00f6r\u00fcrken, el eme\u011fi g\u00f6z nuru \u00fcr\u00fcnlerini al\u0131c\u0131larla bulu\u015fturan ve kazanca d\u00f6n\u00fc\u015ft\u00fcren \u00fcretici kad\u0131nlar da b\u00f6yle bir organizasyonda yer almaktan dolay\u0131 olduk\u00e7a mutlu olduklar\u0131n\u0131 ifade ettiler. Seramik e\u015fyalardan biblolara, bijuteriden oyuncaklara pek \u00e7ok \u00fcr\u00fcn\u00fc bulman\u0131n m\u00fcmk\u00fcn oldu\u011fu \u00fcretici kad\u0131n stantlar\u0131, 15 Aral\u0131k&#8217;a kadar ziyaret edilebilecek.<\/p>\n\n\n\n<p><strong>Sert: &#8220;\u00dcretici kad\u0131n stantlar\u0131m\u0131z\u0131 bu kez yeni y\u0131l konsepti ile haz\u0131rlad\u0131k&#8221;<\/strong><\/p>\n\n\n\n<p>B\u00fcy\u00fck\u015fehir Belediyesi Kad\u0131n ve Aile Hizmetleri Dairesi Ba\u015fkanl\u0131\u011f\u0131&#8217;ndan Burcu Sert, kad\u0131nlara mali kaynak yaratmak amac\u0131yla a\u00e7t\u0131klar\u0131 \u00fcretici kad\u0131n stantlar\u0131n\u0131 bu kez y\u0131lba\u015f\u0131 konsepti ile haz\u0131rlad\u0131klar\u0131n\u0131 s\u00f6yleyerek<strong>, &#8220;\u00dcretici kad\u0131n stantlar\u0131m\u0131z\u0131 bu kez Sayapark AVM&#8217;de a\u00e7t\u0131k. 15 Aral\u0131k tarihine kadar sabah 09.00 ile ak\u015fam 22.00 aras\u0131nda \u00fcretici kad\u0131nlar, y\u0131lba\u015f\u0131na \u00f6zel \u00fcrettikleri \u00fcr\u00fcnlerle birlikte al\u0131\u015fveri\u015f merkezinde olacaklar. Kad\u0131n elinden \u00fcretimi desteklemek isteyen herkesi al\u0131\u015fveri\u015f merkezine bekliyoruz&#8221;<\/strong>&nbsp;ifadelerine yer verdi.&nbsp;<\/p>\n\n\n\n<p><strong>T\u00fcrky\u0131lmaz: &#8220;B\u00fcy\u00fck\u015fehir&#8217;le i\u015f birli\u011fi i\u00e7erisinde kad\u0131n elinden \u00fcretimi destekliyoruz&#8221;&nbsp;&nbsp;&nbsp;&nbsp;&nbsp;&nbsp;&nbsp;&nbsp;&nbsp;&nbsp;&nbsp;&nbsp;&nbsp;&nbsp;&nbsp;&nbsp;&nbsp;&nbsp;&nbsp;&nbsp;&nbsp;&nbsp;&nbsp;&nbsp;&nbsp;&nbsp;&nbsp;&nbsp;&nbsp;&nbsp;&nbsp;&nbsp;&nbsp;&nbsp;&nbsp;&nbsp;&nbsp;<\/strong><\/p>\n\n\n\n<p>Sayapark AVM Kurumsal \u0130leti\u015fim ve Pazarlama M\u00fcd\u00fcr\u00fc Engin T\u00fcrky\u0131lmaz, kad\u0131n elinden \u00fcretimi desteklemek i\u00e7in B\u00fcy\u00fck\u015fehir Belediyesi ile i\u015f birli\u011fi i\u00e7erisinde olduklar\u0131n\u0131 kaydederek&nbsp;<strong>&#8220;K\u0131ymetli Ba\u015fkan\u0131m\u0131z Vahap Se\u00e7er&#8217;in \u00f6nderli\u011finde;&nbsp;<em>&#8216;Yeni Y\u0131l&#8217;, &#8216;Kad\u0131nlar G\u00fcn\u00fc&#8217;, Anneler G\u00fcn\u00fc&#8217;<\/em>&nbsp;gibi her \u00f6zel g\u00fcnde \u00fcretici kad\u0131n stantlar\u0131na yer vermek bizler i\u00e7in mutluluk verici. 1 hafta boyunca \u00fcretici kad\u0131n stantlar\u0131m\u0131z, Mersinlilerin ziyaretine a\u00e7\u0131k olacak&#8221;<\/strong>&nbsp;dedi.<\/p>\n\n\n\n<p><strong>Y\u0131lba\u015f\u0131 konseptli \u00fcretici kad\u0131n stantlar\u0131 vatanda\u015flardan yo\u011fun ilgi g\u00f6r\u00fcyor<\/strong><\/p>\n\n\n\n<p>Seramik \u00fcreticisi Derya Terzili ilk defa b\u00f6yle bir organizasyonda yer ald\u0131\u011f\u0131n\u0131 ve normalde evde sat\u0131\u015f yapt\u0131\u011f\u0131n\u0131 anlatarak,&nbsp;<strong>&#8220;Evde sat\u0131\u015f yaparken daha az ki\u015fiye ula\u015fabiliyoruz, ama burada daha \u00e7ok insana hitap edip daha geni\u015f bir kitleyle bulu\u015fabiliyoruz. Bunun i\u00e7in \u00e7ok avantajl\u0131 ve \u00e7ok g\u00fczel bir duygu. Herkesi stantlar\u0131m\u0131z\u0131 ziyarete bekleriz&#8221;<\/strong>&nbsp;diye konu\u015ftu.<\/p>\n\n\n\n<p>\u0130lk defa \u00fcretici kad\u0131n stantlar\u0131nda yer alan bir ba\u015fka \u00fcretici Hande \u015eahin,&nbsp;<strong>&#8220;Normal zamanda evde \u00fcretim yap\u0131p, sosyal medyadan sat\u0131\u015f yap\u0131yorum. Daha \u00e7ok insana ula\u015fmak anlam\u0131nda b\u00f6yle bir avantaja sahip olmak bizler i\u00e7in \u00e7ok k\u0131ymetli. B\u00fcy\u00fck\u015fehir, sosyal anlamda \u00e7ok g\u00fczel ad\u0131mlar atan ve vatanda\u015flara \u00e7ok de\u011fer veren bir belediye. Bu sunmu\u015f oldu\u011fu f\u0131rsatlar, vatanda\u015flar i\u00e7in de \u00e7ok k\u0131ymetli. Evde oturdu\u011fumda b\u00f6yle bir imkana sahip olamayabilirdim, ama B\u00fcy\u00fck\u015fehir sayesinde daha \u00e7ok tan\u0131n\u0131p daha \u00e7ok sat\u0131\u015f yapabilece\u011fiz&#8221;&nbsp;<\/strong>ifadelerini kulland\u0131.<\/p>\n\n\n\n<p>\u00dcretici kad\u0131n stantlar\u0131n\u0131 ziyaret eden T\u00fclay Ok\u015fan \u00c7avdar ise,&nbsp;<strong>&#8220;Stantlar\u0131 gezdi\u011finde, almadan ge\u00e7emiyorsun. Daha \u00f6nce b\u00f6yle bir organizasyon sahilde de yap\u0131lm\u0131\u015ft\u0131. Oraya da ailecek u\u011frad\u0131k ve \u00e7ok be\u011fendik. Kad\u0131nlar\u0131n kendi yapt\u0131\u011f\u0131 el emeklerini satmas\u0131 ve bunu kazanca d\u00f6n\u00fc\u015ft\u00fcrmesi de \u00e7ok g\u00fczel bir \u015fey&#8221;<\/strong>&nbsp;dedi.<\/p>\n","protected":false},"excerpt":{"rendered":"<p>Mersin B\u00fcy\u00fck\u015fehir Belediyesi&#8217;nin sosyal projelerinden biri olan, kad\u0131nlar\u0131n \u00fcretim yapmalar\u0131n\u0131 te\u015fvik etti\u011fi ve kendi yapt\u0131\u011f\u0131 \u00fcr\u00fcnleri daha geni\u015f kitlelerle bulu\u015fturmalar\u0131n\u0131 sa\u011flad\u0131\u011f\u0131 \u00fcretici stantlar\u0131 bu kez yeni y\u0131l temas\u0131yla kuruldu. Kad\u0131n ve Aile Hizmetleri Dairesi Ba\u015fkanl\u0131\u011f\u0131 taraf\u0131ndan evde \u00fcretim yapan kad\u0131nlara mali kaynak yaratmak amac\u0131yla kentin d\u00f6rt bir yan\u0131nda kurdu\u011fu \u00fcretici kad\u0131n stantlar\u0131, Sayapark AVM&#8217;de yer [&hellip;]<\/p>\n","protected":false},"author":2,"featured_media":37802,"comment_status":"closed","ping_status":"closed","sticky":false,"template":"","format":"standard","meta":{"footnotes":""},"categories":[3,5],"tags":[],"class_list":["post-37801","post","type-post","status-publish","format-standard","has-post-thumbnail","hentry","category-manset","category-mersin"],"views":5,"_links":{"self":[{"href":"https:\/\/mersinkadingazetesi.com\/index.php?rest_route=\/wp\/v2\/posts\/37801"}],"collection":[{"href":"https:\/\/mersinkadingazetesi.com\/index.php?rest_route=\/wp\/v2\/posts"}],"about":[{"href":"https:\/\/mersinkadingazetesi.com\/index.php?rest_route=\/wp\/v2\/types\/post"}],"author":[{"embeddable":true,"href":"https:\/\/mersinkadingazetesi.com\/index.php?rest_route=\/wp\/v2\/users\/2"}],"replies":[{"embeddable":true,"href":"https:\/\/mersinkadingazetesi.com\/index.php?rest_route=%2Fwp%2Fv2%2Fcomments&post=37801"}],"version-history":[{"count":1,"href":"https:\/\/mersinkadingazetesi.com\/index.php?rest_route=\/wp\/v2\/posts\/37801\/revisions"}],"predecessor-version":[{"id":37803,"href":"https:\/\/mersinkadingazetesi.com\/index.php?rest_route=\/wp\/v2\/posts\/37801\/revisions\/37803"}],"wp:featuredmedia":[{"embeddable":true,"href":"https:\/\/mersinkadingazetesi.com\/index.php?rest_route=\/wp\/v2\/media\/37802"}],"wp:attachment":[{"href":"https:\/\/mersinkadingazetesi.com\/index.php?rest_route=%2Fwp%2Fv2%2Fmedia&parent=37801"}],"wp:term":[{"taxonomy":"category","embeddable":true,"href":"https:\/\/mersinkadingazetesi.com\/index.php?rest_route=%2Fwp%2Fv2%2Fcategories&post=37801"},{"taxonomy":"post_tag","embeddable":true,"href":"https:\/\/mersinkadingazetesi.com\/index.php?rest_route=%2Fwp%2Fv2%2Ftags&post=37801"}],"curies":[{"name":"wp","href":"https:\/\/api.w.org\/{rel}","templated":true}]}}