{"id":37804,"date":"2024-12-13T11:45:38","date_gmt":"2024-12-13T08:45:38","guid":{"rendered":"https:\/\/mersinkadingazetesi.com\/?p=37804"},"modified":"2024-12-13T11:45:39","modified_gmt":"2024-12-13T08:45:39","slug":"kenyali-maraton-kosuculari-doganin-icinde-antrenman-yapti","status":"publish","type":"post","link":"https:\/\/mersinkadingazetesi.com\/?p=37804","title":{"rendered":"KENYALI MARATON KO\u015eUCULARI DO\u011eANIN \u0130\u00c7\u0130NDE ANTRENMAN YAPTI"},"content":{"rendered":"\n<p>Mersin B\u00fcy\u00fck\u015fehir Belediyesi&#8217;nin&nbsp;<strong><em>&#8216;Rekorlar \u015eehrinde, Rekorlara Ko\u015fuyoruz&#8217;<\/em><\/strong>&nbsp;mottosuyla bu y\u0131l 6.&#8217;s\u0131 ger\u00e7ekle\u015ftirilecek olan&nbsp;<strong>&#8216;Uluslararas\u0131 Mersin Maratonu&#8217;<\/strong>&nbsp;i\u00e7in geri say\u0131m ba\u015flad\u0131. B\u00fcy\u00fck\u015fehir Belediyesi Gen\u00e7lik ve Spor Hizmetleri Dairesi Ba\u015fkanl\u0131\u011f\u0131 \u00f6nc\u00fcl\u00fc\u011f\u00fcnde 15 Aral\u0131k&#8217;ta d\u00fczenlenecek maratonda, yerli ve yabanc\u0131 \u00e7ok say\u0131da sporcu yer alacak. Maratonda ko\u015facak yabanc\u0131 sporcular, Dar\u0131sekisi \u00d6rnek K\u00f6y\u00fc&#8217;nde antrenman yapt\u0131.&nbsp;&nbsp;Sporcular\u0131n terc\u00fcmanl\u0131klar\u0131n\u0131 ise Sosyal Hizmetler Dairesi Ba\u015fkanl\u0131\u011f\u0131&#8217;n\u0131n&nbsp;<strong>&#8216;Hello Mersin&#8217;<\/strong>&nbsp;projesinden yararlanan kursiyerler yapt\u0131.<\/p>\n\n\n\n<p><strong>Do\u011fan\u0131n i\u00e7inde antrenman yapt\u0131lar<\/strong><\/p>\n\n\n\n<p>D\u00fcnya Atletizm Birli\u011fi taraf\u0131ndan&nbsp;<em><strong>&#8216;Elite Label&#8217;<\/strong><\/em>&nbsp;kategorisine al\u0131nan&nbsp;<em><strong>&#8216;Uluslararas\u0131 Mersin Maratonu&#8217;&nbsp;<\/strong><\/em>\u00f6ncesi haz\u0131rl\u0131klar\u0131n\u0131 s\u00fcrd\u00fcren yabanc\u0131 sporcular, do\u011fan\u0131n i\u00e7inde antrenman yapt\u0131. Dar\u0131sekisi&#8217;nde ger\u00e7ekle\u015ftirilen antrenman, sporculara hem mental hem de fiziksel a\u00e7\u0131dan katk\u0131 sa\u011flad\u0131. Do\u011fa manzaras\u0131 e\u015fli\u011finde sporcular ilk olarak \u0131s\u0131nma hareketleri yapt\u0131 ve ard\u0131ndan do\u011fan\u0131n i\u00e7inde ko\u015ftu. Maraton \u00f6ncesi yap\u0131lan bu antrenmanlar sporcular\u0131n motivasyonunu y\u00fckseltirken, \u015fehrin tan\u0131t\u0131m\u0131na da katk\u0131 sa\u011fl\u0131yor. Sporculara, Sosyal Hizmetler Dairesi Ba\u015fkanl\u0131\u011f\u0131<strong>&nbsp;&#8216;Hello Mersin&#8217;<\/strong>&nbsp;kursiyerleri de e\u015flik etti. Kursiyerler, maraton boyunca sporculara hem terc\u00fcmanl\u0131k hem de mihmandarl\u0131k yapacak.<\/p>\n\n\n\n<p><strong>Kiptoo:<\/strong>&nbsp;<strong>&#8220;Buras\u0131 benim i\u00e7in do\u011fal bir spor salonu gibi&#8221;<\/strong><\/p>\n\n\n\n<p>2013 y\u0131l\u0131ndan bu yana maraton ko\u015fan ve d\u00fcnya \u00e7ap\u0131nda bir\u00e7ok ba\u015far\u0131s\u0131 olan Mark Kosgey Kiptoo,&nbsp;<strong>&#8220;Burada olmaktan \u00e7ok memnunum.<\/strong>&nbsp;<strong>Mersin \u00e7ok g\u00fczel bir yer. Yar\u0131\u015f i\u00e7in b\u00fcy\u00fck beklentilerim var.<\/strong>&nbsp;<strong>D\u00fcn medyada g\u00f6rd\u00fcm. Ko\u015faca\u011f\u0131m\u0131z alan d\u00fcz. Umar\u0131m hava ko\u015fullar\u0131 iyi olur. \u0130yi ko\u015fmaya \u00e7al\u0131\u015faca\u011f\u0131m. Ana hedefim kendi rekorumu geli\u015ftirmek.<\/strong>&nbsp;<strong>Yak\u0131n zamanda Avusturya&#8217;da 2 saat 9 dakikada ko\u015ftum, ama ana rekorum 2 saat 6 dakika. Mersin d\u00fcz bir alan oldu\u011fu i\u00e7in, bu rekorumu k\u0131rmak istiyorum. Buras\u0131 \u00e7ok g\u00fczel. A\u011fa\u00e7lar, temiz hava, tepeler&#8230; Buras\u0131 benim i\u00e7in do\u011fal bir spor salonu gibi&#8221;&nbsp;<\/strong>dedi.<\/p>\n\n\n\n<p><strong>Chepchirchir: &#8220;Kendi rekorumu ge\u00e7mek i\u00e7in elimden geleni yapaca\u011f\u0131m&#8221;<\/strong><\/p>\n\n\n\n<p>2016 y\u0131l\u0131ndan bu yana maraton ko\u015fucusu olan Kenyal\u0131 Truphena Chepchirchir de maratonu heyecanla bekledi\u011fini ve iyi haz\u0131rland\u0131\u011f\u0131n\u0131 kaydederek,&nbsp;<strong>&#8220;Uluslararas\u0131 Mersin Maratonu&#8217;nda daha \u00f6nce de ko\u015ftum ve 2 saat 28 dakikayla birinci oldum.&nbsp;&nbsp;Bu seferki e\u011fitimim iyiydi. Maratona iyi bir \u015fekilde \u00e7al\u0131\u015ft\u0131m. Rekorumu ge\u00e7ebilirim, elimden geleni yapaca\u011f\u0131m. Buras\u0131 y\u00fcksek yerle\u015fim yeri oldu\u011fu i\u00e7in \u00e7ok g\u00fczel bir yer. Burada antrenman yapt\u0131\u011f\u0131m i\u00e7in de memnunum&#8221;<\/strong>&nbsp;diye konu\u015ftu.&nbsp;&nbsp;<\/p>\n","protected":false},"excerpt":{"rendered":"<p>Mersin B\u00fcy\u00fck\u015fehir Belediyesi&#8217;nin&nbsp;&#8216;Rekorlar \u015eehrinde, Rekorlara Ko\u015fuyoruz&#8217;&nbsp;mottosuyla bu y\u0131l 6.&#8217;s\u0131 ger\u00e7ekle\u015ftirilecek olan&nbsp;&#8216;Uluslararas\u0131 Mersin Maratonu&#8217;&nbsp;i\u00e7in geri say\u0131m ba\u015flad\u0131. B\u00fcy\u00fck\u015fehir Belediyesi Gen\u00e7lik ve Spor Hizmetleri Dairesi Ba\u015fkanl\u0131\u011f\u0131 \u00f6nc\u00fcl\u00fc\u011f\u00fcnde 15 Aral\u0131k&#8217;ta d\u00fczenlenecek maratonda, yerli ve yabanc\u0131 \u00e7ok say\u0131da sporcu yer alacak. Maratonda ko\u015facak yabanc\u0131 sporcular, Dar\u0131sekisi \u00d6rnek K\u00f6y\u00fc&#8217;nde antrenman yapt\u0131.&nbsp;&nbsp;Sporcular\u0131n terc\u00fcmanl\u0131klar\u0131n\u0131 ise Sosyal Hizmetler Dairesi Ba\u015fkanl\u0131\u011f\u0131&#8217;n\u0131n&nbsp;&#8216;Hello Mersin&#8217;&nbsp;projesinden yararlanan kursiyerler [&hellip;]<\/p>\n","protected":false},"author":2,"featured_media":37805,"comment_status":"closed","ping_status":"closed","sticky":false,"template":"","format":"standard","meta":{"footnotes":""},"categories":[3,10],"tags":[],"class_list":["post-37804","post","type-post","status-publish","format-standard","has-post-thumbnail","hentry","category-manset","category-spor"],"views":7,"_links":{"self":[{"href":"https:\/\/mersinkadingazetesi.com\/index.php?rest_route=\/wp\/v2\/posts\/37804"}],"collection":[{"href":"https:\/\/mersinkadingazetesi.com\/index.php?rest_route=\/wp\/v2\/posts"}],"about":[{"href":"https:\/\/mersinkadingazetesi.com\/index.php?rest_route=\/wp\/v2\/types\/post"}],"author":[{"embeddable":true,"href":"https:\/\/mersinkadingazetesi.com\/index.php?rest_route=\/wp\/v2\/users\/2"}],"replies":[{"embeddable":true,"href":"https:\/\/mersinkadingazetesi.com\/index.php?rest_route=%2Fwp%2Fv2%2Fcomments&post=37804"}],"version-history":[{"count":1,"href":"https:\/\/mersinkadingazetesi.com\/index.php?rest_route=\/wp\/v2\/posts\/37804\/revisions"}],"predecessor-version":[{"id":37806,"href":"https:\/\/mersinkadingazetesi.com\/index.php?rest_route=\/wp\/v2\/posts\/37804\/revisions\/37806"}],"wp:featuredmedia":[{"embeddable":true,"href":"https:\/\/mersinkadingazetesi.com\/index.php?rest_route=\/wp\/v2\/media\/37805"}],"wp:attachment":[{"href":"https:\/\/mersinkadingazetesi.com\/index.php?rest_route=%2Fwp%2Fv2%2Fmedia&parent=37804"}],"wp:term":[{"taxonomy":"category","embeddable":true,"href":"https:\/\/mersinkadingazetesi.com\/index.php?rest_route=%2Fwp%2Fv2%2Fcategories&post=37804"},{"taxonomy":"post_tag","embeddable":true,"href":"https:\/\/mersinkadingazetesi.com\/index.php?rest_route=%2Fwp%2Fv2%2Ftags&post=37804"}],"curies":[{"name":"wp","href":"https:\/\/api.w.org\/{rel}","templated":true}]}}