{"id":37813,"date":"2024-12-13T11:50:30","date_gmt":"2024-12-13T08:50:30","guid":{"rendered":"https:\/\/mersinkadingazetesi.com\/?p=37813"},"modified":"2024-12-13T11:50:30","modified_gmt":"2024-12-13T08:50:30","slug":"baskan-tuncer-her-daim-halkimizin-yanindayiz","status":"publish","type":"post","link":"https:\/\/mersinkadingazetesi.com\/?p=37813","title":{"rendered":"BA\u015eKAN TUNCER, &#8221;HER DA\u0130M HALKIMIZIN YANINDAYIZ&#8221;"},"content":{"rendered":"\n<p>Mezitli Belediyesi, sosyal belediyecili\u011fin en g\u00fczel \u00f6rneklerini sergileyerek vatanda\u015flar\u0131n ihtiya\u00e7lar\u0131na y\u00f6nelik hizmetlerini aral\u0131ks\u0131z s\u00fcrd\u00fcrmeye devam ediyor. Mezitli Belediye Ba\u015fkan\u0131 Ahmet Serkan Tuncer&#8217;in dayan\u0131\u015fma ve e\u015fitlik anlay\u0131\u015f\u0131n\u0131 temel alan \u00e7al\u0131\u015fmalar\u0131, her kesimden vatanda\u015f\u0131n takdirini topluyor.<\/p>\n\n\n\n<p>Mezitli Belediyesi, &#8216;insan odakl\u0131, sosyal belediyecilik&#8217; \u00e7al\u0131\u015fmalar\u0131yla \u00f6rnek olmaya devam ediyor. Mezitli Belediye Ba\u015fkan\u0131 Ahmet Serkan Tuncer, sosyal belediyecilik \u00e7al\u0131\u015fmalar\u0131nda \u00f6rnek olarak ihtiya\u00e7 sahibi, bak\u0131ma muhta\u00e7, kimsesiz, ya\u015fl\u0131 ve engelli vatanda\u015flar\u0131n yan\u0131nda olmaya devam ediyor. Sosyal belediyecilik anlay\u0131\u015f\u0131 ile g\u0131dadan giyime, ayakkab\u0131dan ilaca, erzaktan s\u0131cak yeme\u011fe, k\u0131rtasiye malzemesinden ev e\u015fyas\u0131na kadar bir\u00e7ok farkl\u0131 alanda yard\u0131mlar\u0131n\u0131 s\u00fcrd\u00fcr\u00fcyor. Ba\u015fkan Tuncer, \u00fccretsiz s\u0131cak \u00e7orba da\u011f\u0131t\u0131m\u0131, \u00fccretsiz berber arac\u0131, \u00fccretsiz psikolog ve hukuki destek, \u00fccretsiz kurslar, kent lokantas\u0131, a\u015f evi ve dayan\u0131\u015fma evi hizmetleriyle halk\u0131n g\u00f6nl\u00fcne dokunuyor.&nbsp;<\/p>\n\n\n\n<p><strong>\u00dcCRETS\u0130Z \u00c7ORBA DA\u011eITIMIYLA MEZ\u0130TL\u0130 HALKI G\u00dcNE MUTLU BA\u015eLIYOR<\/strong><strong><\/strong><\/p>\n\n\n\n<p>So\u011fuk k\u0131\u015f g\u00fcnlerinde vatanda\u015flar\u0131n i\u00e7ini \u0131s\u0131tan \u00fccretsiz \u00e7orba da\u011f\u0131t\u0131m\u0131, her sabah Mezitli sokaklar\u0131nda halkla bulu\u015fuyor. \u0130\u015fe ya da okula gidenlerin yo\u011fun ilgi g\u00f6sterdi\u011fi bu hizmet sosyal belediyecili\u011fe \u00f6rnek oluyor.&nbsp;<\/p>\n\n\n\n<p><strong>MOB\u0130L KUAF\u00d6R ARACI YO\u011eUN \u0130LG\u0130 G\u00d6R\u00dcYOR<\/strong><strong><\/strong><\/p>\n\n\n\n<p>Mezitli Belediyesi, vatanda\u015flar\u0131n temel ihtiya\u00e7lar\u0131n\u0131 gidermek amac\u0131yla bir yenili\u011fi daha hayata ge\u00e7iriyor. \u00dccretsiz kuaf\u00f6r arac\u0131, \u00f6zellikle k\u00f6ylerde ve mahallelerde ya\u015fayan 65 ya\u015f \u00fcst\u00fc ve engelli vatanda\u015flara ula\u015farak ki\u015fisel bak\u0131m hizmeti sunuyor.<\/p>\n\n\n\n<p><strong>A\u015eEV\u0130NDEN SICACIK YEMEKLER VATANDA\u015eLARA ULA\u015eIYOR<\/strong><\/p>\n\n\n\n<p>\u0130htiya\u00e7 sahiplerinin her g\u00fcn s\u0131cak yemekle bulu\u015ftu\u011fu a\u015fevi ile vatanda\u015flara destek eli Mezitli Belediyesi&#8217;nden geliyor. Ba\u015fkan Tuncer g\u00f6reve geldi\u011fi ilk g\u00fcnden itibaren a\u015f evi hizmetini art\u0131rarak s\u00fcrd\u00fcr\u00fcyor.&nbsp;<\/p>\n\n\n\n<p><strong>DAYANI\u015eMA EV\u0130 \u0130LE YARDIMLAR ADRES\u0130NE ULA\u015eIYOR<\/strong><\/p>\n\n\n\n<p>Ba\u011f\u0131\u015f\u00e7\u0131lar\u0131n katk\u0131lar\u0131yla faaliyet g\u00f6steren Dayan\u0131\u015fma Evi, ihtiya\u00e7 sahipleriyle destek\u00e7ileri bulu\u015fturuyor. G\u0131da, giysi ve e\u015fya yard\u0131mlar\u0131, bu merkez arac\u0131l\u0131\u011f\u0131yla ihtiya\u00e7 sahiplerine ula\u015ft\u0131r\u0131l\u0131yor. Ba\u015fkan Tuncer&#8217;in talimatlar\u0131 do\u011frultusunda sosyal destekler art\u0131r\u0131larak devam ediyor<\/p>\n\n\n\n<p><strong>KENT LOKANTASI UYGUN F\u0130YATLI YEMEKLERLE HALKA DOKUNUYOR<\/strong><\/p>\n\n\n\n<p>Ge\u00e7ti\u011fimiz g\u00fcnlerde a\u00e7\u0131l\u0131\u015f\u0131 yap\u0131lan Kent Lokantas\u0131, kaliteli ve uygun fiyatl\u0131 yemekleriyle halk\u0131n takdirini topluyor. \u00d6zellikle dar gelirli vatanda\u015flar, emekli, \u00f6\u011frenci ve esnaflar i\u00e7in i\u00e7in b\u00fcy\u00fck bir destek olan lokanta, sosyal belediyecilikte Mezitli&#8217;de en b\u00fcy\u00fck ad\u0131mlardan biri olarak \u00f6ne \u00e7\u0131k\u0131yor.&nbsp;<\/p>\n\n\n\n<p><strong>\u00dcCRETS\u0130Z PS\u0130KOLOJ\u0130K VE HUKUK\u0130 DESTEK SA\u011eLANIYOR<\/strong><\/p>\n\n\n\n<p>Vatanda\u015flar\u0131n ruhsal ve hukuki ihtiya\u00e7lar\u0131na y\u00f6nelik hizmet sunan Mezitli Belediyesi, \u00fccretsiz psikolog ve hukuk dan\u0131\u015fmanl\u0131\u011f\u0131yla her zaman halk\u0131n\u0131n yan\u0131nda. Bu hizmetler, \u00f6zellikle zor zamanlar ge\u00e7iren bireylerin hayat\u0131na dokunuyor.<\/p>\n\n\n\n<p><strong>KURSLAR HALKIN H\u0130ZMET\u0130NDE<\/strong>&nbsp;<\/p>\n\n\n\n<p>K\u00fclt\u00fcr, sanat ve mesleki e\u011fitim alanlar\u0131nda d\u00fczenlenen kurslar, her ya\u015ftan Mezitliliye destek sa\u011fl\u0131yor. Gen\u00e7lik Merkezi&#8217;nden Ki\u015fisel Geli\u015fim Merkezi&#8217;ne kadar bir\u00e7ok alanda a\u00e7\u0131lan kurslar, bireysel geli\u015fime katk\u0131 sa\u011fl\u0131yor.<\/p>\n\n\n\n<p><strong>&#8221;MEZ\u0130TL\u0130, B\u0130RL\u0130KTE G\u00dcZEL&#8221;<\/strong>&nbsp;<\/p>\n\n\n\n<p>Ba\u015fkan Tuncer \u00e7al\u0131\u015fmalar\u0131n artarak devam etti\u011fini belirterek, &#8221; Mezitli&#8217;de hi\u00e7bir vatanda\u015f\u0131m\u0131z\u0131n yaln\u0131z kalmas\u0131na izin vermiyoruz. Dayan\u0131\u015fmay\u0131 g\u00fc\u00e7lendiren her proje bizim i\u00e7in b\u00fcy\u00fck bir mutluluk. Halk\u0131m\u0131zla birlikte daha g\u00fczel bir Mezitli in\u015fa etmeye devam edece\u011fiz.&#8221; dedi.&nbsp;<\/p>\n","protected":false},"excerpt":{"rendered":"<p>Mezitli Belediyesi, sosyal belediyecili\u011fin en g\u00fczel \u00f6rneklerini sergileyerek vatanda\u015flar\u0131n ihtiya\u00e7lar\u0131na y\u00f6nelik hizmetlerini aral\u0131ks\u0131z s\u00fcrd\u00fcrmeye devam ediyor. Mezitli Belediye Ba\u015fkan\u0131 Ahmet Serkan Tuncer&#8217;in dayan\u0131\u015fma ve e\u015fitlik anlay\u0131\u015f\u0131n\u0131 temel alan \u00e7al\u0131\u015fmalar\u0131, her kesimden vatanda\u015f\u0131n takdirini topluyor. Mezitli Belediyesi, &#8216;insan odakl\u0131, sosyal belediyecilik&#8217; \u00e7al\u0131\u015fmalar\u0131yla \u00f6rnek olmaya devam ediyor. Mezitli Belediye Ba\u015fkan\u0131 Ahmet Serkan Tuncer, sosyal belediyecilik \u00e7al\u0131\u015fmalar\u0131nda \u00f6rnek [&hellip;]<\/p>\n","protected":false},"author":2,"featured_media":37814,"comment_status":"closed","ping_status":"closed","sticky":false,"template":"","format":"standard","meta":{"footnotes":""},"categories":[3,5],"tags":[],"class_list":["post-37813","post","type-post","status-publish","format-standard","has-post-thumbnail","hentry","category-manset","category-mersin"],"views":3,"_links":{"self":[{"href":"https:\/\/mersinkadingazetesi.com\/index.php?rest_route=\/wp\/v2\/posts\/37813"}],"collection":[{"href":"https:\/\/mersinkadingazetesi.com\/index.php?rest_route=\/wp\/v2\/posts"}],"about":[{"href":"https:\/\/mersinkadingazetesi.com\/index.php?rest_route=\/wp\/v2\/types\/post"}],"author":[{"embeddable":true,"href":"https:\/\/mersinkadingazetesi.com\/index.php?rest_route=\/wp\/v2\/users\/2"}],"replies":[{"embeddable":true,"href":"https:\/\/mersinkadingazetesi.com\/index.php?rest_route=%2Fwp%2Fv2%2Fcomments&post=37813"}],"version-history":[{"count":1,"href":"https:\/\/mersinkadingazetesi.com\/index.php?rest_route=\/wp\/v2\/posts\/37813\/revisions"}],"predecessor-version":[{"id":37815,"href":"https:\/\/mersinkadingazetesi.com\/index.php?rest_route=\/wp\/v2\/posts\/37813\/revisions\/37815"}],"wp:featuredmedia":[{"embeddable":true,"href":"https:\/\/mersinkadingazetesi.com\/index.php?rest_route=\/wp\/v2\/media\/37814"}],"wp:attachment":[{"href":"https:\/\/mersinkadingazetesi.com\/index.php?rest_route=%2Fwp%2Fv2%2Fmedia&parent=37813"}],"wp:term":[{"taxonomy":"category","embeddable":true,"href":"https:\/\/mersinkadingazetesi.com\/index.php?rest_route=%2Fwp%2Fv2%2Fcategories&post=37813"},{"taxonomy":"post_tag","embeddable":true,"href":"https:\/\/mersinkadingazetesi.com\/index.php?rest_route=%2Fwp%2Fv2%2Ftags&post=37813"}],"curies":[{"name":"wp","href":"https:\/\/api.w.org\/{rel}","templated":true}]}}