{"id":37816,"date":"2024-12-13T12:24:53","date_gmt":"2024-12-13T09:24:53","guid":{"rendered":"https:\/\/mersinkadingazetesi.com\/?p=37816"},"modified":"2024-12-13T12:24:54","modified_gmt":"2024-12-13T09:24:54","slug":"buyuksehir-mersin-tarim-fuarinda-yerini-aldi","status":"publish","type":"post","link":"https:\/\/mersinkadingazetesi.com\/?p=37816","title":{"rendered":"B\u00dcY\u00dcK\u015eEH\u0130R MERS\u0130N TARIM FUARI&#8217;NDA YER\u0130N\u0130 ALDI"},"content":{"rendered":"\n<p>Kentte \u00fcreticilere yapt\u0131\u011f\u0131 tar\u0131msal desteklerle herkesin be\u011fenisini toplayan Mersin B\u00fcy\u00fck\u015fehir Belediyesi Tar\u0131msal Hizmetler Dairesi Ba\u015fkanl\u0131\u011f\u0131,&nbsp;<strong><em>&#8216;Mersin Tar\u0131m Fuar\u0131&#8217;<\/em><\/strong>nda a\u00e7t\u0131\u011f\u0131 stantla da yo\u011fun ilgi g\u00f6rd\u00fc. Tar\u0131m \u015fehri Mersin&#8217;de tar\u0131msal \u00fcr\u00fcnlerin son teknoloji hallerini \u00fcreticilerle ve merakl\u0131lar\u0131yla bulu\u015fturan Medya Trend Fuarc\u0131l\u0131k, Yeni\u015fehir Fuar Merkezi&#8217;nde birbirinden g\u00fczel stantlar ile kap\u0131lar\u0131n\u0131 a\u00e7t\u0131.<\/p>\n\n\n\n<p>Tar\u0131msal \u00fcretim ve teknolojilerindeki son yeniliklerin yer ald\u0131\u011f\u0131 fuarda; tohumdan fideye, sulama teknolojilerinden bah\u00e7ecili\u011fe kadar tar\u0131m\u0131n bir\u00e7ok alan\u0131na hitap eden \u00fcr\u00fcnler, 15 Aral\u0131k tarihine kadar ziyaret\u00e7ilere sergileniyor. Yerli ve yabanc\u0131 bir\u00e7ok firma ile ziyaret\u00e7ileri de a\u011f\u0131rlayan fuar\u0131n a\u00e7\u0131l\u0131\u015f t\u00f6reni, narenciye defilesi ve kurdele kesimi ile ba\u015flad\u0131.<\/p>\n\n\n\n<p><strong>Uyan: &#8220;T\u00fcrkiye tar\u0131mda b\u00fcy\u00fck bir g\u00fcce sahiptir&#8221;<\/strong><\/p>\n\n\n\n<p>A\u00e7\u0131l\u0131\u015fta konu\u015fan Mersin B\u00fcy\u00fck\u015fehir Belediyesi Ba\u015fkan Vekili Ali Uyan,&nbsp;<strong>&#8220;Tar\u0131m, insanl\u0131\u011f\u0131n temel ihtiya\u00e7lar\u0131n\u0131 kar\u015f\u0131layan ve ekonomilerimizi ayakta tutan en \u00f6nemli sekt\u00f6rlerden biridir. G\u0131da \u00fcretiminden istihdama, do\u011fal kaynaklar\u0131n korunmas\u0131ndan ekonomik kalk\u0131nmaya kadar hayat\u0131m\u0131z\u0131n her alan\u0131nda tar\u0131m\u0131n etkisini g\u00f6r\u00fcr\u00fcz&#8221;<\/strong>&nbsp;dedi. T\u00fcrkiye&#8217;nin verimli topraklar\u0131 ve uygun iklimi oldu\u011funa de\u011finen Uyan,&nbsp;<strong>&#8220;T\u00fcrkiye tar\u0131mda b\u00fcy\u00fck bir g\u00fcce sahiptir. Bu g\u00fcc\u00fcn en g\u00fczel \u00f6rneklerinden biri olan Mersin; narenciye, meyve ve sebze \u00fcretiminde \u00fclkemizin \u00f6nde gelen \u015fehirlerinden biridir. \u0130\u015fte bu y\u00fczden Mersin B\u00fcy\u00fck\u015fehir Belediye Ba\u015fkan\u0131m\u0131z Vahap Se\u00e7er&#8217;in liderli\u011finde; tar\u0131m\u0131 sadece bir \u00fcretim faaliyeti olarak de\u011fil, kalk\u0131nman\u0131n ve toplumsal refah\u0131n temel ta\u015f\u0131 olarak g\u00f6ren bir vizyonla ilerliyoruz&#8221;<\/strong>&nbsp;s\u00f6zlerine yer verdi.<\/p>\n\n\n\n<p>B\u00fcy\u00fck\u015fehir&#8217;in yerel \u00fcreticilere \u00e7e\u015fitli destekler sa\u011flad\u0131\u011f\u0131n\u0131 hat\u0131rlatan Uyan,&nbsp;<strong>&#8220;Modern tekniklerin te\u015fviki ve kooperatifle\u015fme \u00e7al\u0131\u015fmalar\u0131, g\u00fc\u00e7l\u00fc tar\u0131m potansiyelimizi daha da ileri ta\u015f\u0131maktad\u0131r. Bug\u00fcn burada d\u00fczenlenen Mersin Tar\u0131m Fuar\u0131, tar\u0131m sekt\u00f6r\u00fcndeki yenilikleri ve geli\u015fmeleri ke\u015ffetmek i\u00e7in \u00f6nemli bir f\u0131rsat sunmaktad\u0131r. Fuar; tar\u0131msal yeniliklerin, modern teknolojilerin ve i\u015f birliklerinin bulu\u015fma noktas\u0131d\u0131r. Bu etkinlik \u00fcreticilerimiz i\u00e7in yeni f\u0131rsatlar yarat\u0131rken, Mersin&#8217;i tar\u0131mda \u00f6nc\u00fc bir \u015fehir olarak konumland\u0131rmaya devam edecektir. Hepimizin ortak amac\u0131, tar\u0131m\u0131n g\u00fcc\u00fcn\u00fc korumak ve gelecek nesillere daha s\u00fcrd\u00fcr\u00fclebilir bir sekt\u00f6r b\u0131rakmakt\u0131r&#8221;<\/strong>&nbsp;diyerek, fuar\u0131n bu ama\u00e7lara katk\u0131 sunmas\u0131n\u0131 temenni etti.<\/p>\n\n\n\n<p><strong>\u015eahuto\u011flu: &#8220;Mersin Tar\u0131m Fuar\u0131&#8217;n\u0131 \u00e7ok \u00f6nemsiyoruz&#8221;<\/strong><\/p>\n\n\n\n<p>Mersin B\u00fcy\u00fck\u015fehir Belediyesi Tar\u0131msal Hizmetler Dairesi Ba\u015fkan\u0131 Sel\u00e7uk \u015eahuto\u011flu, Mersin B\u00fcy\u00fck\u015fehir Belediyesi olarak yapt\u0131klar\u0131 tar\u0131msal destekleri hem vatanda\u015flara hem \u00fcreticilere anlatmak i\u00e7in haz\u0131rl\u0131k yapt\u0131klar\u0131n\u0131 ve Mersin Tar\u0131m Fuar\u0131&#8217;n\u0131 \u00e7ok \u00f6nemsediklerini anlatt\u0131. \u015eahuto\u011flu,&nbsp;&nbsp;<strong>&#8220;Kooperatif\u00e7ili\u011fi destekleyen bir belediye olarak, stantlar\u0131m\u0131zda 6 kooperatifimize yer verdik. Amac\u0131m\u0131z kooperatiflerimizin kendi \u00fcr\u00fcnlerini anlatabilmesi, tan\u0131tabilmesi ve ayn\u0131 zamanda da \u00fcr\u00fcn gamlar\u0131n\u0131 geli\u015ftirebilmeleri ad\u0131na yapm\u0131\u015f olduklar\u0131 \u00e7al\u0131\u015fmalar\u0131 halka anlatabilmeleri. Mersin B\u00fcy\u00fck\u015fehir Belediyesi olarak fuarda yapt\u0131\u011f\u0131m\u0131z \u00e7al\u0131\u015fmalar\u0131 anlat\u0131yor ve ayn\u0131 zamanda \u00fcreticilerimizin taleplerini dinliyoruz. Sivil toplum kurulu\u015flar\u0131, kamu kurulu\u015flar\u0131 ve \u00fcretici birlikleriyle yak\u0131n \u00e7al\u0131\u015fma i\u00e7erisindeyiz. Burada bizi ziyaret ettiklerinde yeni proje fikirleri ile beraber geliyorlar. 2025 y\u0131l\u0131nda yapaca\u011f\u0131m\u0131z \u00e7al\u0131\u015fmalar\u0131 \u00fcreticilerimize anlat\u0131yor, onlar\u0131n sorunlar\u0131n\u0131 dinliyoruz&#8221;<\/strong>&nbsp;dedi.&nbsp;<\/p>\n\n\n\n<p><strong>&#8220;Do\u011frudan \u00fcreticilerle temas halindeyiz&#8221;<\/strong><\/p>\n\n\n\n<p>Mersin&#8217;in deniz seviyesinden 3 bin rak\u0131ma kadar tar\u0131m\u0131n yap\u0131ld\u0131\u011f\u0131, 86 \u00e7e\u015fit \u00fcr\u00fcn\u00fcn yeti\u015fti\u011fi bir tar\u0131m kenti oldu\u011funu s\u00f6zlerine ekleyen&nbsp;\u015eahuto\u011flu,,&nbsp;<strong>&#8220;Tar\u0131m sekt\u00f6r\u00fc hem Mersin ekonomisine, hem de T\u00fcrkiye ekonomisine katk\u0131lar\u0131n oldu\u011fu bir sekt\u00f6r. Bizler yapt\u0131\u011f\u0131m\u0131z i\u015fin s\u00fcrd\u00fcr\u00fclebilir olmas\u0131na dikkat ediyoruz. Tarladan sofraya kadar olan s\u00fcre\u00e7te tar\u0131m\u0131n her koluna, b\u00f6lge ve y\u00f6reye uygun projeler geli\u015ftirerek \u00fcreticilerimizi destekliyoruz. Tar\u0131m Fuar\u0131&#8217;nda en kalabal\u0131k stant Mersin B\u00fcy\u00fck\u015fehir stand\u0131. \u00c7\u00fcnk\u00fc do\u011frudan \u00fcreticilerle temas halindeyiz. Onlar\u0131n ekimden hasada kadar makine ekipman, sulama borusu, fidele fidanlar\u0131na desteklerde bulunuyoruz. Ekipman destekleriyle beraber o \u00fcr\u00fcnleri katma de\u011ferli hale getirmi\u015ftik. Ayn\u0131 zamanda da bu \u00fcr\u00fcnlerin tan\u0131t\u0131lmas\u0131 i\u00e7in co\u011frafi i\u015faretler al\u0131yoruz. Mini \u015fenliklerle beraber de asl\u0131nda bunu \u00f6ncelikle Mersin&#8217;e, sonra da t\u00fcm \u00fclke geneline yay\u0131yoruz&#8221;<\/strong>&nbsp;diye konu\u015ftu.&nbsp;<\/p>\n\n\n\n<p>\u00dcreticilerin Mersin B\u00fcy\u00fck\u015fehir Belediyesi&#8217;nden \u00e7ok memnun olduklar\u0131n\u0131 ve bunun da kendilerine motivasyon kayna\u011f\u0131 yaratt\u0131\u011f\u0131n\u0131 belirten \u015eahuto\u011flu,&nbsp;<strong>&#8220;Bizler 15 Aral\u0131k Pazar g\u00fcn\u00fcne kadar buraday\u0131z. Kat\u0131l\u0131mc\u0131lar\u0131n Tar\u0131m Fuar\u0131&#8217;n\u0131 ziyaret etmelerini istiyoruz. Tar\u0131mla ilgili her alan fuar\u0131m\u0131zda mevcut. Herkesi bekliyoruz&#8221;<\/strong>&nbsp;ifadelerine yer verdi.<\/p>\n\n\n\n<p><strong>Kat\u0131l\u0131mc\u0131lardan Mersin B\u00fcy\u00fck\u015fehir&#8217;in stand\u0131na yo\u011fun ilgi&#8230;<\/strong><\/p>\n\n\n\n<p>Mersin B\u00fcy\u00fck\u015fehir Belediyesi&#8217;nin Tar\u0131msal Hizmetler Dairesi Ba\u015fkanl\u0131\u011f\u0131 stand\u0131n\u0131 ziyaret eden kat\u0131l\u0131mc\u0131lardan Filiz Baysal,&nbsp;<strong>&#8220;Stant, pek \u00e7ok \u00f6zelli\u011fiyle birbirinden ba\u011f\u0131ms\u0131z meyve t\u00fcrlerini bir arada g\u00f6rebilmemizi sa\u011fl\u0131yor. Ayr\u0131ca kad\u0131n giri\u015fimcilerin olu\u015fturdu\u011fu kooperatifler de yer ald\u0131\u011f\u0131 i\u00e7in, kad\u0131n giri\u015fimcilerimizin neler yapt\u0131\u011f\u0131ndan haberdar olduk. Asl\u0131nda \u00e7ok y\u00f6nl\u00fc bir stant&#8221;&nbsp;<\/strong>dedi.<\/p>\n\n\n\n<p>Mersin B\u00fcy\u00fck\u015fehir Belediyesi&#8217;nin tar\u0131msal desteklerini takip etti\u011fini de ifade eden Baysal,<strong>&nbsp;&#8220;Kendim de bu mesle\u011fin i\u00e7erisinde oldu\u011fum i\u00e7in takip ediyorum. Mersin B\u00fcy\u00fck\u015fehir Belediyesi, pek \u00e7ok konuda \u00fcreticinin yan\u0131nda. \u00d6zellikle yaz\u0131n s\u0131cak d\u00f6nemlerde b\u00f6ceklerle, hastal\u0131klarla ve k\u00fcresel iklim de\u011fi\u015fikli\u011fiyle m\u00fccadelede e\u011fitim ve \u00e7al\u0131\u015ftay gibi organizasyonlar yaparak, halk\u0131 s\u00fcrekli bilin\u00e7lendirmeye \u00e7al\u0131\u015f\u0131yor. Herkes mutlaka Mersin B\u00fcy\u00fck\u015fehir Belediyesi&#8217;nin stand\u0131na gelmeli&#8221;&nbsp;<\/strong>diye belirtti.<\/p>\n\n\n\n<p>Kat\u0131l\u0131mc\u0131lardan narenciye \u00fcreticisi Ali Kaya ise,&nbsp;<strong>&#8220;Mersin B\u00fcy\u00fck\u015fehir Belediyesi&#8217;nin bu t\u00fcr \u00e7al\u0131\u015fmalar\u0131n\u0131 \u00e7ok yerinde buldum ve \u00e7ok g\u00fczel. Kendim de istifade ettim. Arkada\u015flar\u0131n da tan\u0131t\u0131mlar\u0131ndan memnun kald\u0131m ve benim i\u00e7in verimli oldu\u011funu d\u00fc\u015f\u00fcn\u00fcyorum&#8221;&nbsp;<\/strong>dedi. Mersin B\u00fcy\u00fck\u015fehir&#8217;in tar\u0131msal destekleri hakk\u0131nda da konu\u015fan Kaya,&nbsp;<strong>&#8220;Arkada\u015flar\u0131n emeklerine sa\u011fl\u0131k. Burada \u00fcretilen \u015feyler halka tan\u0131t\u0131l\u0131yor. Bence \u00fcretilen her \u015fey g\u00fczeldir. Herkesin eme\u011fine sa\u011fl\u0131k&#8221;&nbsp;<\/strong>ifadelerine yer verdi.<\/p>\n","protected":false},"excerpt":{"rendered":"<p>Kentte \u00fcreticilere yapt\u0131\u011f\u0131 tar\u0131msal desteklerle herkesin be\u011fenisini toplayan Mersin B\u00fcy\u00fck\u015fehir Belediyesi Tar\u0131msal Hizmetler Dairesi Ba\u015fkanl\u0131\u011f\u0131,&nbsp;&#8216;Mersin Tar\u0131m Fuar\u0131&#8217;nda a\u00e7t\u0131\u011f\u0131 stantla da yo\u011fun ilgi g\u00f6rd\u00fc. Tar\u0131m \u015fehri Mersin&#8217;de tar\u0131msal \u00fcr\u00fcnlerin son teknoloji hallerini \u00fcreticilerle ve merakl\u0131lar\u0131yla bulu\u015fturan Medya Trend Fuarc\u0131l\u0131k, Yeni\u015fehir Fuar Merkezi&#8217;nde birbirinden g\u00fczel stantlar ile kap\u0131lar\u0131n\u0131 a\u00e7t\u0131. Tar\u0131msal \u00fcretim ve teknolojilerindeki son yeniliklerin yer ald\u0131\u011f\u0131 [&hellip;]<\/p>\n","protected":false},"author":2,"featured_media":37817,"comment_status":"closed","ping_status":"closed","sticky":false,"template":"","format":"standard","meta":{"footnotes":""},"categories":[3],"tags":[],"class_list":["post-37816","post","type-post","status-publish","format-standard","has-post-thumbnail","hentry","category-manset"],"views":9,"_links":{"self":[{"href":"https:\/\/mersinkadingazetesi.com\/index.php?rest_route=\/wp\/v2\/posts\/37816"}],"collection":[{"href":"https:\/\/mersinkadingazetesi.com\/index.php?rest_route=\/wp\/v2\/posts"}],"about":[{"href":"https:\/\/mersinkadingazetesi.com\/index.php?rest_route=\/wp\/v2\/types\/post"}],"author":[{"embeddable":true,"href":"https:\/\/mersinkadingazetesi.com\/index.php?rest_route=\/wp\/v2\/users\/2"}],"replies":[{"embeddable":true,"href":"https:\/\/mersinkadingazetesi.com\/index.php?rest_route=%2Fwp%2Fv2%2Fcomments&post=37816"}],"version-history":[{"count":1,"href":"https:\/\/mersinkadingazetesi.com\/index.php?rest_route=\/wp\/v2\/posts\/37816\/revisions"}],"predecessor-version":[{"id":37818,"href":"https:\/\/mersinkadingazetesi.com\/index.php?rest_route=\/wp\/v2\/posts\/37816\/revisions\/37818"}],"wp:featuredmedia":[{"embeddable":true,"href":"https:\/\/mersinkadingazetesi.com\/index.php?rest_route=\/wp\/v2\/media\/37817"}],"wp:attachment":[{"href":"https:\/\/mersinkadingazetesi.com\/index.php?rest_route=%2Fwp%2Fv2%2Fmedia&parent=37816"}],"wp:term":[{"taxonomy":"category","embeddable":true,"href":"https:\/\/mersinkadingazetesi.com\/index.php?rest_route=%2Fwp%2Fv2%2Fcategories&post=37816"},{"taxonomy":"post_tag","embeddable":true,"href":"https:\/\/mersinkadingazetesi.com\/index.php?rest_route=%2Fwp%2Fv2%2Ftags&post=37816"}],"curies":[{"name":"wp","href":"https:\/\/api.w.org\/{rel}","templated":true}]}}