{"id":37819,"date":"2024-12-13T12:26:20","date_gmt":"2024-12-13T09:26:20","guid":{"rendered":"https:\/\/mersinkadingazetesi.com\/?p=37819"},"modified":"2024-12-13T12:26:20","modified_gmt":"2024-12-13T09:26:20","slug":"baskan-ozyigit-insaati-devam-eden-3-projeyi-yerinde-inceledi","status":"publish","type":"post","link":"https:\/\/mersinkadingazetesi.com\/?p=37819","title":{"rendered":"Ba\u015fkan \u00d6zyi\u011fit, in\u015faat\u0131 devam eden 3 projeyi yerinde inceledi"},"content":{"rendered":"\n<p>Mersin Yeni\u015fehir Belediye Ba\u015fkan\u0131 Abdullah \u00d6zyi\u011fit, A\u011fustos ay\u0131nda temellerini att\u0131klar\u0131 ilkokul, k\u00fct\u00fcphane ve k\u00fclt\u00fcr kompleksi projelerinin in\u015faat \u00e7al\u0131\u015fmalar\u0131n\u0131 yerinde inceledi. Devam eden \u00e7al\u0131\u015fmalar hakk\u0131nda bilgi alan Ba\u015fkan \u00d6zyi\u011fit<strong>, \u201cS\u00f6z verdi\u011fimiz gibi \u00fc\u00e7 projemizi de k\u0131sa s\u00fcrede tamamlayarak hizmete a\u00e7aca\u011f\u0131z\u201d <\/strong>dedi.<\/p>\n\n\n\n<p>Yeni\u015fehir Belediyesi taraf\u0131ndan hay\u0131rsever i\u015f insanlar\u0131n\u0131n deste\u011fiyle A\u011fustos ay\u0131nda temelleri at\u0131lan Yeni\u015fehir Belediyesi B\u00fclent Celal Oktay \u0130lkokulu, Yeni\u015fehir Belediyesi Emine Halil Aydemir K\u00fclt\u00fcr Kompleksi ile Leyla K\u00fcrk Kent K\u00fct\u00fcphanesi ve Sosyal Tesislerinin in\u015faat \u00e7al\u0131\u015fmalar\u0131 devam ediyor.<\/p>\n\n\n\n<p><strong>E\u011fitime de\u011fer katan yeni proje: Yeni\u015fehir Belediyesi B\u00fclent Celal Oktay \u0130lkokulu<\/strong><\/p>\n\n\n\n<p>Projelerin in\u015faat alan\u0131n\u0131 gezen Yeni\u015fehir Belediye Ba\u015fkan\u0131 Abdullah \u00d6zyi\u011fit, ilk olarak Yeni\u015fehir Belediyesi B\u00fclent Celal Oktay \u0130lkokulu\u2019nun in\u015faat\u0131n\u0131 inceledi. Ba\u015fkan \u00d6zyi\u011fit ilkokulun 16 derslikten olu\u015faca\u011f\u0131n\u0131 ve 320 \u00f6\u011frenci kapasiteli oldu\u011funu s\u00f6yledi. &nbsp;Okulda toplamda 165 ki\u015filik bir konferans salonu da yap\u0131laca\u011f\u0131n\u0131 ifade eden Ba\u015fkan Abdullah \u00d6zyi\u011fit, k\u00fct\u00fcphane ve sosyal alanlarla donat\u0131lan okulun ayn\u0131 zamanda \u201cye\u015fil bina\u201d \u00f6zellikleri ta\u015f\u0131d\u0131\u011f\u0131n\u0131 belirtti. Ba\u015fkan \u00d6zyi\u011fit, okulun Yeni\u015fehir Belediyesi\u2019nin e\u011fitime verdi\u011fi \u00f6nemin bir yans\u0131mas\u0131 oldu\u011funu vurgulad\u0131 ve \u015funlar\u0131 s\u00f6yledi: <strong>\u201cA\u011fustos ay\u0131nda temelini att\u0131\u011f\u0131m\u0131z Yeni\u015fehir Belediyesi B\u00fclent Celal Oktay \u0130lkokulumuzun geldi\u011fi a\u015famay\u0131 kontrol ediyoruz, \u00e7al\u0131\u015fmalar h\u0131zla devam ediyor. Burada T\u00fcrkiye\u2019nin en g\u00fczel okulu yap\u0131l\u0131yor. 16 derslikli, her bir derslik 40 metrekare ve toplam 320 \u00f6\u011frenci kapasiteli, 165 ki\u015filik konferans salonundan, k\u00fct\u00fcphanesine ve di\u011fer sosyal alanlar\u0131na kadar her \u015fey d\u00fc\u015f\u00fcn\u00fcld\u00fc. Yeni e\u011fitim ve \u00f6\u011fretim y\u0131l\u0131nda hizmet verecek. \u015eu anda g\u00f6rd\u00fc\u011f\u00fcn\u00fcz gibi, daha 3-3,5 ayl\u0131k bir s\u00fcre\u00e7 ge\u00e7ti. Yar\u0131n son tablam\u0131z at\u0131l\u0131yor. Ondan sonra ince i\u015fler ger\u00e7ekle\u015fecek. \u00c7ok erken de bitecek gibi g\u00f6z\u00fck\u00fcyor. Okulun bir \u00f6zelli\u011fi de ye\u015fil bina olmas\u0131. Yeni\u015fehir Belediyemizin e\u011fitim alan\u0131ndaki anlay\u0131\u015f\u0131 belli. G\u00f6reve ilk geldi\u011fimiz d\u00f6nemde erken \u00e7ocukluk e\u011fitimine vurgu yapt\u0131k. 0-3 ya\u015f aras\u0131 \u00e7ocuklar\u0131 olan anne ve babalara e\u011fitim veriyoruz, beceri temelli e\u011fitim merkezlerimizi kurduk. Burada geldi\u011fimiz nokta \u00e7ok k\u0131ymetli. Bizi son derece mutlu eden sonu\u00e7lar\u0131m\u0131z var. Tabii, bu sonu\u00e7lar\u0131 ilkokul a\u015famas\u0131nda da g\u00f6rmek istiyoruz. Ve kentimize de\u011fer katan b\u00f6yle g\u00fczel bir eseri Levent Bey, k\u0131ymetli babalar\u0131 B\u00fclent Celal Oktay ad\u0131na kentimize hediye ediyor. Kendilerine tekrar te\u015fekk\u00fcr ediyorum. Bu g\u00fczel eser Yeni\u015fehir\u2019imize ve Mersin\u2019imize hay\u0131rl\u0131 olsun.\u201d<\/strong>&nbsp;<\/p>\n\n\n\n<p>Ba\u015fkan \u00d6zyi\u011fit, in\u015faat\u0131 devam eden Yeni\u015fehir Belediyesi Leyla K\u00fcrk Kent K\u00fct\u00fcphanesi ve Sosyal Tesisleri i\u00e7in, <strong>\u201cBu eser, k\u00fclt\u00fcr ve sanat\u0131n ba\u015fkenti Yeni\u015fehir\u2019e de\u011fer katacak.\u201d <\/strong>ifadelerini kulland\u0131. K\u00fct\u00fcphanenin 100 ki\u015fi kapasiteli olaca\u011f\u0131n\u0131 belirten Ba\u015fkan \u00d6zyi\u011fit, burada bir oyuncak m\u00fczesinin de yer alaca\u011f\u0131n\u0131 s\u00f6yledi. \u00d6zyi\u011fit, vatanda\u015flara \u00e7a\u011fr\u0131da bulunarak \u00e7ocukluk d\u00f6nemlerinden kalan, sergilenmeye uygun oyuncaklar\u0131 ba\u011f\u0131\u015flamalar\u0131n\u0131 istedi. K\u00fct\u00fcphanede ders \u00e7al\u0131\u015fan \u00f6\u011frencilere ve ziyaret\u00e7ilere \u00e7ay ve \u00e7orba gibi ikramlar\u0131n \u00fccretsiz olarak sunulaca\u011f\u0131n\u0131 da s\u00f6yleyen Ba\u015fkan Abdullah \u00d6zyi\u011fit, <strong>&nbsp;\u201cBuras\u0131 k\u00fclt\u00fcr ve sanat\u0131n ba\u015fkenti olan Yeni\u015fehir\u2019imize bir art\u0131 daha ekleyecek, de\u011fer katacak k\u00fclt\u00fcr alan\u0131nda bizi geli\u015ftirecek bir eser oluyor. Ve burada \u00e7ocuk k\u00fct\u00fcphanemizin yan\u0131nda , \u00f6zel kitaplar\u0131n yer ald\u0131\u011f\u0131 \u00f6zel bir b\u00f6l\u00fcm olacak. Onun d\u0131\u015f\u0131nda 100 ki\u015fi kapasiteli bir k\u00fct\u00fcphaneden s\u00f6z ediyoruz. Ayr\u0131ca burada bir s\u00fcrprizimiz daha var. Bir oyuncak m\u00fczemiz burada ger\u00e7ekle\u015fecek. \u015eimdi burada vatanda\u015flar\u0131m\u0131za hemen \u00e7a\u011fr\u0131da bulunabiliriz. Onlar\u0131n \u00e7ocuklu\u011fundan kalan orijinal ve sergilenmesine uygun bulduklar\u0131 eserleri ba\u011f\u0131\u015flayacaklar\u0131 bir \u00e7al\u0131\u015fma ba\u015flataca\u011f\u0131z. L\u00fctfen o oyuncaklara iyi bak\u0131n. Onlar\u0131 m\u00fczede sergileyece\u011fiz. Tabi\u00ee ki kentimizde \u00e7ok \u00f6zel k\u00fct\u00fcphaneler var. \u00c7ocuklar\u0131m\u0131z ve gen\u00e7lerimiz bu k\u00fct\u00fcphanelerden faydalanacak. Oralarda bilgiye ula\u015f\u0131yorlar, ders \u00e7al\u0131\u015f\u0131yorlar, tezlerini yaz\u0131yorlar. Bu da onun \u00fczerine eklenecek olan \u00e7ok \u00f6zel bir yer oluyor. Bu k\u00fct\u00fcphanenin bir \u00f6zelli\u011fi var: Buras\u0131 \u00e7ay\u0131n, suyun ve \u00e7orban\u0131n 25 y\u0131l boyunca \u00fccretsiz olarak vatanda\u015f\u0131m\u0131za ula\u015ft\u0131r\u0131laca\u011f\u0131 bir yer. Yani k\u00fct\u00fcphaneye gelip ders \u00e7al\u0131\u015fan \u00e7ocu\u011fumuz, kitab\u0131n\u0131 okuyan sakinimiz orada \u00e7ay\u0131n\u0131 \u00fccretsiz olarak i\u00e7ebilecek. Ondan sonra \u00e7orbas\u0131n\u0131 \u00fccretsiz olarak belli saatlerde i\u00e7ebilecek. De\u011ferli i\u015f insan\u0131 Mehmet K\u00fcrk\u2019e desteklerinden dolay\u0131 te\u015fekk\u00fcr ediyorum. Yeni\u015fehir\u2019imize, Mersin\u2019imize hay\u0131rl\u0131 olsun.\u201d <\/strong>diye konu\u015ftu.<\/p>\n\n\n\n<p><strong>Yeni\u015fehir Belediyesi mahallelere ula\u015f\u0131labilir k\u00fct\u00fcphaneler yapmaya devam ediyor<\/strong><\/p>\n\n\n\n<p>\u0130n\u015faat\u0131 s\u00fcren Yeni\u015fehir Belediyesi Emine-Halil Aydemir K\u00fclt\u00fcr Kompleksi, taziyeevi ve k\u00fct\u00fcphaneyi bir araya getirerek, E\u011fri\u00e7am, Akkent ve Bat\u0131kent mahallelerine hizmet verecek. Ba\u015fkan \u00d6zyi\u011fit, bu t\u00fcr tesislerin dezavantajl\u0131 mahallelerdeki \u00e7ocuklar i\u00e7in f\u0131rsat e\u015fitli\u011fi yaratmay\u0131 hedefledi\u011fini vurgulayarak \u015funlar\u0131 kaydetti: <strong>\u201cEmine- Halil Aydemir K\u00fclt\u00fcr Kompleksimizdeyiz. Buras\u0131 taziyeevi ve k\u00fct\u00fcphaneden olu\u015facak. Sadece E\u011fri\u00e7am\u2019a de\u011fil, Akkent ve Bat\u0131kent mahallelerine de hizmet verebilecek bir lokasyonda. Yeni\u015fehir\u2019de her iki mahalleden birine veya her mahalleye b\u00f6yle kompleksler kazand\u0131rmay\u0131 ama\u00e7l\u0131yoruz. Daha \u00f6nce Mente\u015f Mahallemizde, Kerimo\u011flu K\u00fclt\u00fcr Kompleksimizi in\u015fa ederek, hizmete a\u00e7m\u0131\u015ft\u0131k. Komplekslerimiz taziyeevinin d\u0131\u015f\u0131nda bir de k\u00fct\u00fcphane i\u00e7eriyor. \u00c7ocuklar\u0131m\u0131z\u0131n okuluna haz\u0131rlanmas\u0131, dersini \u00e7al\u0131\u015fmas\u0131 i\u00e7in uygun ortamlar bulmas\u0131 \u00e7ok zor. Gelir seviyesi d\u00fc\u015f\u00fck ailelerimizin \u00e7ocuklar\u0131n\u0131n o f\u0131rsat e\u015fitsizli\u011fini ortadan kald\u0131rmak maksad\u0131yla b\u00f6yle k\u00fct\u00fcphaneleri mahallelerimizde yap\u0131yoruz ki \u00e7ocuklar gelsin, burada rahatl\u0131kla \u00e7al\u0131\u015fabilsin. Bir dan\u0131\u015fman\u0131 olsun ve internet altyap\u0131s\u0131yla bilgisayarlar\u0131yla bilgiye neredeyse an\u0131nda ula\u015fs\u0131n istiyoruz. Dolay\u0131s\u0131yla \u00f6nemli bir hizmet verdi\u011fimizi d\u00fc\u015f\u00fcn\u00fcyoruz. Daha \u00f6nce kurmu\u015f oldu\u011fumuz Yeni\u015fehir Belediyesi Kerimo\u011flu K\u00fclt\u00fcr Kompleksimizde bunu test ettik ve g\u00f6rd\u00fck ki burada \u00e7ocuklar\u0131m\u0131z azmederse, t\u0131p fak\u00fcltesini kazanabiliyor. &nbsp;Bu hizmetin b\u00fct\u00fcn mahallelerimizde devam etmesi i\u00e7in b\u0131kmadan, usanmadan \u00e7al\u0131\u015faca\u011f\u0131z. Bir kentin geli\u015fimi topyek\u00fbn olur. Dolay\u0131s\u0131yla, sadece bir b\u00f6lgenin \u00e7ok iyi olmas\u0131 bize yetmez. Biz istiyoruz ki b\u00fct\u00fcn kentte bir refah, kalk\u0131nma ve ya\u015fam olsun. Bunun i\u00e7in m\u00fccadele ediyoruz. Ve en \u00e7ok da hizmet vermemiz gereken yerler dezavantajl\u0131 mahalleler, gelir seviyesi d\u00fc\u015f\u00fck vatanda\u015flar\u0131m\u0131z\u0131n ya\u015fad\u0131\u011f\u0131 yerler. Bu nedenle, bu b\u00f6lgelerdeki hizmetleri art\u0131rarak yapmaya devam edece\u011fiz. &nbsp;Bu kompleksin yap\u0131m\u0131nda bizlere destek veren i\u015f insan\u0131 Zeynel Aydemir ve ailesine te\u015fekk\u00fcr ediyorum.\u201d<\/strong><\/p>\n","protected":false},"excerpt":{"rendered":"<p>Mersin Yeni\u015fehir Belediye Ba\u015fkan\u0131 Abdullah \u00d6zyi\u011fit, A\u011fustos ay\u0131nda temellerini att\u0131klar\u0131 ilkokul, k\u00fct\u00fcphane ve k\u00fclt\u00fcr kompleksi projelerinin in\u015faat \u00e7al\u0131\u015fmalar\u0131n\u0131 yerinde inceledi. Devam eden \u00e7al\u0131\u015fmalar hakk\u0131nda bilgi alan Ba\u015fkan \u00d6zyi\u011fit, \u201cS\u00f6z verdi\u011fimiz gibi \u00fc\u00e7 projemizi de k\u0131sa s\u00fcrede tamamlayarak hizmete a\u00e7aca\u011f\u0131z\u201d dedi. Yeni\u015fehir Belediyesi taraf\u0131ndan hay\u0131rsever i\u015f insanlar\u0131n\u0131n deste\u011fiyle A\u011fustos ay\u0131nda temelleri at\u0131lan Yeni\u015fehir Belediyesi B\u00fclent Celal [&hellip;]<\/p>\n","protected":false},"author":2,"featured_media":37820,"comment_status":"closed","ping_status":"closed","sticky":false,"template":"","format":"standard","meta":{"footnotes":""},"categories":[3],"tags":[],"class_list":["post-37819","post","type-post","status-publish","format-standard","has-post-thumbnail","hentry","category-manset"],"views":4,"_links":{"self":[{"href":"https:\/\/mersinkadingazetesi.com\/index.php?rest_route=\/wp\/v2\/posts\/37819"}],"collection":[{"href":"https:\/\/mersinkadingazetesi.com\/index.php?rest_route=\/wp\/v2\/posts"}],"about":[{"href":"https:\/\/mersinkadingazetesi.com\/index.php?rest_route=\/wp\/v2\/types\/post"}],"author":[{"embeddable":true,"href":"https:\/\/mersinkadingazetesi.com\/index.php?rest_route=\/wp\/v2\/users\/2"}],"replies":[{"embeddable":true,"href":"https:\/\/mersinkadingazetesi.com\/index.php?rest_route=%2Fwp%2Fv2%2Fcomments&post=37819"}],"version-history":[{"count":1,"href":"https:\/\/mersinkadingazetesi.com\/index.php?rest_route=\/wp\/v2\/posts\/37819\/revisions"}],"predecessor-version":[{"id":37821,"href":"https:\/\/mersinkadingazetesi.com\/index.php?rest_route=\/wp\/v2\/posts\/37819\/revisions\/37821"}],"wp:featuredmedia":[{"embeddable":true,"href":"https:\/\/mersinkadingazetesi.com\/index.php?rest_route=\/wp\/v2\/media\/37820"}],"wp:attachment":[{"href":"https:\/\/mersinkadingazetesi.com\/index.php?rest_route=%2Fwp%2Fv2%2Fmedia&parent=37819"}],"wp:term":[{"taxonomy":"category","embeddable":true,"href":"https:\/\/mersinkadingazetesi.com\/index.php?rest_route=%2Fwp%2Fv2%2Fcategories&post=37819"},{"taxonomy":"post_tag","embeddable":true,"href":"https:\/\/mersinkadingazetesi.com\/index.php?rest_route=%2Fwp%2Fv2%2Ftags&post=37819"}],"curies":[{"name":"wp","href":"https:\/\/api.w.org\/{rel}","templated":true}]}}