{"id":37822,"date":"2024-12-13T16:29:35","date_gmt":"2024-12-13T13:29:35","guid":{"rendered":"https:\/\/mersinkadingazetesi.com\/?p=37822"},"modified":"2024-12-13T16:29:36","modified_gmt":"2024-12-13T13:29:36","slug":"kentimizi-akdeniz-havzasinda-baris-ve-dayanismanin-oncusu-olarak-konumlandiriyoruz","status":"publish","type":"post","link":"https:\/\/mersinkadingazetesi.com\/?p=37822","title":{"rendered":"&#8220;KENT\u0130M\u0130Z\u0130, AKDEN\u0130Z HAVZASINDA BARI\u015e VE DAYANI\u015eMANIN \u00d6NC\u00dcS\u00dc OLARAK KONUMLANDIRIYORUZ&#8221;"},"content":{"rendered":"\n<p>Mersin B\u00fcy\u00fck\u015fehir Belediye Ba\u015fkan\u0131 Vahap Se\u00e7er; \u0130stanbul B\u00fcy\u00fck\u015fehir Belediye Ba\u015fkan\u0131 Ekrem \u0130mamo\u011flu&#8217;nun ev sahipli\u011finde ger\u00e7ekle\u015ftirilen,&nbsp;<strong><em>&#8216;Orta Do\u011fu ve Kuzey Afrika Bar\u0131\u015f ve \u0130\u015f Birli\u011fi Belediye Ba\u015fkanlar\u0131 Toplant\u0131s\u0131&#8217;&nbsp;<\/em><\/strong>&nbsp;program\u0131na kat\u0131ld\u0131. 12-14 Aral\u0131k tarihleri aras\u0131nda d\u00fczenlenen toplant\u0131ya b\u00f6lgenin \u00f6nde gelen \u015fehirlerinin belediye ba\u015fkanlar\u0131 ve valilerini bir araya getirdi.<\/p>\n\n\n\n<p>\u0130stanbul B\u00fcy\u00fck\u015fehir Belediye Ba\u015fkan\u0131 Ekrem \u0130mamo\u011flu&#8217;nun a\u00e7\u0131l\u0131\u015f konu\u015fmas\u0131yla ba\u015flayan toplant\u0131n\u0131n birinci oturumu;&nbsp;<strong><em>&#8216;Bar\u0131\u015f \u0130n\u015fas\u0131nda \u015eehirlerin Rol\u00fc: F\u0131rsatlar ve Zorluklar&#8217;<\/em><\/strong>, ikinci oturumu;&nbsp;<strong><em>&#8216;Bar\u0131\u015f ve \u0130\u015f Birli\u011fi \u0130\u00e7in \u015eehir Diplomasisinde En \u0130yi Uygulamalar&#8217;<\/em><\/strong>, \u00fc\u00e7\u00fcnc\u00fc oturumu ise;&nbsp;<strong><em>&#8216;Kentsel Kalk\u0131nman\u0131n Yerel Y\u00f6netimlerce Te\u015fvik Edilmesi&#8217;<\/em><\/strong>&nbsp;\u015feklinde ger\u00e7ekle\u015fti.<\/p>\n\n\n\n<p>Ger\u00e7ekle\u015ftirilen toplant\u0131 ile Orta Do\u011fu ve Kuzey Afrika \u015fehirleri ile di\u011fer d\u00fcnya \u015fehirleri aras\u0131nda i\u015f birli\u011fi ve bilgi payla\u015f\u0131m\u0131n\u0131 te\u015fvik etmek, uluslararas\u0131 dayan\u0131\u015fmay\u0131 g\u00fc\u00e7lendirmek i\u00e7in yap\u0131lacak hamleler ve yerel y\u00f6netimlerin ulusal h\u00fck\u00fcmetler, uluslararas\u0131 kurulu\u015flar ve sivil toplumla daha etkin i\u015f birli\u011fi yapmalar\u0131n\u0131 sa\u011flayacak stratejilerin geli\u015ftirilmesi hedefleniyor.<\/p>\n\n\n\n<p><strong>Ba\u015fkan Se\u00e7er: &#8220;B\u00f6ylesine zorlu bir ortamda dahi gelece\u011fi i\u015f birli\u011fiyle in\u015fa etmek m\u00fcmk\u00fcn&#8221;<\/strong><\/p>\n\n\n\n<p>Toplant\u0131n\u0131n ikinci oturumu olan&nbsp;<strong><em>&#8216;Bar\u0131\u015f ve \u0130\u015fbirli\u011fi \u0130\u00e7in \u015eehir Diplomasisinde En \u0130yi Uygulamalar&#8217;<\/em><\/strong>&nbsp;oturumunda konu\u015fan Ba\u015fkan Se\u00e7er, t\u00fcm zorlu ko\u015fullara ra\u011fmen i\u015f birli\u011fi i\u00e7erisinde bir gelecek in\u015fa etmenin m\u00fcmk\u00fcn oldu\u011funun alt\u0131n\u0131 \u00e7izdi. Se\u00e7er,&nbsp;<strong>&#8220;Bug\u00fcn burada, Orta Do\u011fu ve Kuzey Afrika&#8217;da ya\u015fanan insani krizlere ve \u00e7at\u0131\u015fmalara bar\u0131\u015f odakl\u0131 bir yakla\u015f\u0131m geli\u015ftirme ihtiyac\u0131ndan hareketle bir araya geldik.&nbsp;&nbsp;B\u00f6lge, ne yaz\u0131k ki uzun y\u0131llard\u0131r sava\u015f, g\u00f6\u00e7, \u00e7evre sorunlar\u0131, afetler, pandemi, ekonomik zorluklar ve toplumsal b\u00f6l\u00fcnmelerle s\u0131nan\u0131yor. Ancak b\u00f6ylesine zorlu bir ortamda dahi bar\u0131\u015f dilini \u00f6n plana \u00e7\u0131karmak, dayan\u0131\u015fmay\u0131 art\u0131rmak ve gelece\u011fi i\u015f birli\u011fiyle in\u015fa etmek m\u00fcmk\u00fcn&#8221;<\/strong>&nbsp;dedi&nbsp;<\/p>\n\n\n\n<p><strong>&#8220;Yerel y\u00f6netimler topluma en yak\u0131n kurumlard\u0131r&#8221;<\/strong><\/p>\n\n\n\n<p>Yerel y\u00f6netimlerin halk ile birebir ileti\u015fim kurma imkan\u0131 ile sorun alanlar\u0131n\u0131n merkezinde \u00e7\u00f6z\u00fcm odakl\u0131 kurumlar olarak yer ald\u0131\u011f\u0131n\u0131 ifade eden Se\u00e7er, yerel y\u00f6netimlerin geni\u015f bir alanda rol oynayabilece\u011fini s\u00f6yledi. Se\u00e7er,&nbsp;<strong>&#8220;Yerel y\u00f6netimler topluma en yak\u0131n kurumlard\u0131r. Yerel y\u00f6netimler \u00e7e\u015fitlili\u011fe dayal\u0131 toplumsal yap\u0131lar\u0131 iyi y\u00f6netme kapasiteleri, h\u0131zl\u0131 \u00e7\u00f6z\u00fcm \u00fcretebilme yetenekleri ve halk\u0131n ihtiya\u00e7lar\u0131n\u0131 do\u011frudan kar\u015f\u0131layan yap\u0131lar olduklar\u0131 i\u00e7in bar\u0131\u015f ve i\u015f birli\u011fi s\u00fcre\u00e7lerinde \u00f6nc\u00fc olabilirler. Bar\u0131\u015f\u0131n in\u015fas\u0131ndan toplumsal diyalog mekanizmalar\u0131n\u0131n kurulmas\u0131na ve kriz y\u00f6netimine kadar geni\u015f bir alanda rol alabilirler&#8221;<\/strong>&nbsp;ifadelerini kulland\u0131.<\/p>\n\n\n\n<p>&#8220;<strong>Kentimizi, Akdeniz havzas\u0131nda bar\u0131\u015f ve dayan\u0131\u015fman\u0131n \u00f6nc\u00fcs\u00fc olarak konumland\u0131r\u0131yoruz&#8221;<\/strong><\/p>\n\n\n\n<p>Mersin B\u00fcy\u00fck\u015fehir Belediyesi olarak at\u0131lan her ad\u0131mda daha kapsay\u0131c\u0131, dayan\u0131kl\u0131 ve bar\u0131\u015f\u00e7\u0131l bir toplum in\u015fa etme vizyonuyla hareket ettiklerini aktaran Se\u00e7er,&nbsp;<strong>&#8220;Mersin B\u00fcy\u00fck\u015fehir Belediyesi olarak, kentimizi sadece bir yerel akt\u00f6r olarak de\u011fil, ayn\u0131 zamanda Akdeniz havzas\u0131nda bar\u0131\u015f ve dayan\u0131\u015fman\u0131n \u00f6nc\u00fcs\u00fc olarak konumland\u0131r\u0131yoruz. Mersin, g\u00f6\u00e7le kurulan bir \u015fehir olman\u0131n sa\u011flad\u0131\u011f\u0131 dinamizmle; ticaretin, k\u00fclt\u00fcrel \u00e7e\u015fitlili\u011fin ve i\u015f birli\u011finin sembol\u00fcd\u00fcr. Bug\u00fcn de bu miras\u0131 gelece\u011fe ta\u015f\u0131mak i\u00e7in \u00e7al\u0131\u015fmalar\u0131m\u0131z\u0131 s\u00fcrd\u00fcr\u00fcyoruz. Her ad\u0131m\u0131m\u0131zda, daha kapsay\u0131c\u0131, dayan\u0131kl\u0131 ve bar\u0131\u015f\u00e7\u0131l bir toplum in\u015fa etme vizyonuyla hareket ediyoruz&#8221;&nbsp;<\/strong>diye konu\u015ftu.<\/p>\n\n\n\n<p>Mersin&#8217;de var olan uygulamalar\u0131n birlik ve beraberlik ortam\u0131 olu\u015fturdu\u011funu da s\u00f6zlerine ekleyen Se\u00e7er,&nbsp;<strong>&#8220;<\/strong><strong>Belediye ba\u015fkan\u0131 oldu\u011fum Mersin de, buradaki ortam gibi \u00e7ok k\u00fclt\u00fcrl\u00fc ve katmanl\u0131 bir \u015fehir. O y\u00fczden Mersin&#8217;de uygulam\u0131\u015f oldu\u011fum kabul edici, kapsay\u0131c\u0131 bir dil kullanman\u0131n ve politika \u00fcretmenin bar\u0131\u015f iklimini korumada ve i\u015f birli\u011fi yapmadaki \u00f6nemini bir kez daha vurgulamak isterim&#8221;&nbsp;<\/strong>s\u00f6zlerine yer verdi.<\/p>\n\n\n\n<p><strong>Se\u00e7er, \u015fehir diplomasisi ve i\u015f birli\u011fi konular\u0131nda da konu\u015ftu<\/strong><\/p>\n\n\n\n<p>\u015eehir diplomasisi ve i\u015f birli\u011fi konular\u0131nda da konu\u015fan Se\u00e7er, \u015fehir diplomasisinin; \u015fehirlerin, belediye y\u00f6netimleri ve liderleri arac\u0131l\u0131\u011f\u0131yla, k\u00fcresel zorluklar\u0131 ele almak ve kar\u015f\u0131l\u0131kl\u0131 anlay\u0131\u015f\u0131 geli\u015ftirmek i\u00e7in uluslararas\u0131 ili\u015fkilerdeki \u00e7abalar\u0131 ifade etti\u011finden s\u00f6z etti. Se\u00e7er,&nbsp;<strong>&#8220;\u015eehir diplomasisi; giderek daha da birbirine ba\u011fl\u0131 bir d\u00fcnyada, \u015fehirler, bar\u0131\u015f in\u015fas\u0131 ve uluslararas\u0131 i\u015f birli\u011finde kritik akt\u00f6rler olarak ortaya \u00e7\u0131kmakta ve geleneksel devlet odakl\u0131 diplomasiyi tamamlamaktad\u0131r. K\u00fcresel n\u00fcfusun 3&#8217;te 2&#8217;sinden fazlas\u0131 art\u0131k k\u00fcresel olarak da birbirine ba\u011fl\u0131 olan kentsel alanlarda ya\u015f\u0131yor. Kentle\u015fme ve k\u00fcreselle\u015fme aras\u0131ndaki bu kar\u015f\u0131l\u0131kl\u0131 ba\u011f\u0131ml\u0131 ili\u015fki, kentsel zorluklar\u0131n y\u00f6netiminin k\u00fcresel boyutta dikkate al\u0131nmas\u0131n\u0131 gerektiren yeni bir zemin yaratm\u0131\u015ft\u0131r&#8221;&nbsp;<\/strong>dedi.<\/p>\n\n\n\n<p><strong>&#8220;Mersin; her zaman zorluklar kar\u015f\u0131s\u0131nda umudu kucaklaman\u0131n ne anlama geldi\u011fini g\u00f6sterdi&#8221;&nbsp;<\/strong><\/p>\n\n\n\n<p>B\u00f6lgenin zorluklarla m\u00fccadele etti\u011fini kaydeden Se\u00e7er, \u015fehirlerin de bu zorluklar\u0131n merkezinde yer ald\u0131\u011f\u0131ndan s\u00f6z etti. Se\u00e7er,&nbsp;<strong>&#8220;Co\u011frafi ve stratejik konumu, kriz b\u00f6lgelerine yak\u0131nl\u0131\u011f\u0131 nedeniyle Mersin de kendi pay\u0131na d\u00fc\u015fen s\u0131k\u0131nt\u0131lar\u0131 zaman i\u00e7erisinde ya\u015fad\u0131. Ancak ekonomik zorluklar, do\u011fal afetler, pandemi gibi t\u00fcm s\u0131k\u0131nt\u0131lara ra\u011fmen, bu \u015fehir her zaman diren\u00e7li olman\u0131n ve zorluklar kar\u015f\u0131s\u0131nda umudu kucaklaman\u0131n ne anlama geldi\u011fini de g\u00f6sterdi.&nbsp;&nbsp;\u0130klim de\u011fi\u015fikli\u011fi ve g\u00f6\u00e7 gibi k\u00fcresel sorunlara y\u00f6nelik di\u011fer yerel y\u00f6netimlerle dayan\u0131\u015fma i\u00e7erisinde y\u00fcr\u00fct\u00fclen projeleri de hayata ge\u00e7irdik ve ge\u00e7irmeye devam ediyoruz&#8221;&nbsp;<\/strong>diye belirtti.<\/p>\n\n\n\n<p><strong>&#8220;Bar\u0131\u015f\u0131 sadece hayal eden de\u011fil, in\u015fa eden akt\u00f6rleriz&#8221;<\/strong><\/p>\n\n\n\n<p>K\u00fcresel bir bar\u0131\u015f hareketinin in\u015fa edilmesinde yerel y\u00f6netimlere de b\u00fcy\u00fck sorumluluklar d\u00fc\u015ft\u00fc\u011f\u00fcn\u00fc dile getiren Se\u00e7er,&nbsp;<strong>&#8220;Yerel y\u00f6netimler olarak bizler; bar\u0131\u015f\u0131 yaln\u0131zca hayal eden de\u011fil, somut ad\u0131mlarla in\u015fa eden akt\u00f6rleriz. \u015eehirlerimizin k\u00fclt\u00fcrel zenginliklerini ve ortak enerjisini birle\u015ftirerek k\u00fcresel bir bar\u0131\u015f hareketine \u00f6nc\u00fcl\u00fck edebiliriz. Kar\u015f\u0131la\u015ft\u0131\u011f\u0131m\u0131z t\u00fcm s\u0131k\u0131nt\u0131lara ra\u011fmen buraday\u0131z ve birlikte ayaktay\u0131z. Etraf\u0131m\u0131za bakt\u0131\u011f\u0131m\u0131zda sadece zorluklar\u0131 de\u011fil ayn\u0131 zamanda f\u0131rsatlar\u0131; zorland\u0131\u011f\u0131m\u0131z yerde yeniden in\u015fa etme f\u0131rsat\u0131n\u0131, m\u00fccadele etti\u011fimiz yerde yenilik yapma \u015fans\u0131n\u0131 ve ayr\u0131l\u0131klar\u0131n oldu\u011fu yerde de bir araya gelme imk\u00e2n\u0131 g\u00f6r\u00fcyoruz&#8221;<\/strong>&nbsp;dedi.<\/p>\n\n\n\n<p>Daha g\u00fc\u00e7l\u00fc bir d\u00fcnya yaratma kararl\u0131l\u0131\u011f\u0131 i\u00e7in i\u015f birli\u011fi i\u00e7erisinde \u00e7al\u0131\u015fman\u0131n \u00f6nemine de\u011finen Se\u00e7er,&nbsp;<strong>&#8220;\u00dclkeler, \u015fehir, insan, proje ve etkinlikler d\u00fczeyinde; \u00e7\u00f6z\u00fcm temelinde birbirini anlama, proje \u00fcretme, bilgi ve deneyim payla\u015f\u0131m\u0131 anlam\u0131nda verimli bir toplant\u0131 oldu\u011funa inan\u0131yor, bu organizasyonlar\u0131n \u00f6nemle devam\u0131n\u0131 diliyorum. Buradan do\u011facak i\u015f birliklerinin sadece b\u00f6lgemize de\u011fil, t\u00fcm d\u00fcnyaya umut \u0131\u015f\u0131\u011f\u0131 olmas\u0131n\u0131 temenni ediyorum&#8221;<\/strong>&nbsp;diyerek konu\u015fmas\u0131n\u0131 sonland\u0131rd\u0131.&nbsp;&nbsp;<\/p>\n\n\n\n<p>2. oturum kapsam\u0131nda ayr\u0131ca; Amman Belediye Ba\u015fkan\u0131 Yousef Shawarbeh, Rabat Belediye Ba\u015fkan\u0131 ve Metropolis Ba\u015fkan Yard\u0131mc\u0131s\u0131 Fatiha El Moudni ile Salfeet Belediye Ba\u015fkan\u0131 ve Filistin Yerel Y\u00f6netimler Birli\u011fi (APLA) Ba\u015fkan\u0131 Abdal Karim Zubaidi de birer konu\u015fma yapt\u0131lar.<\/p>\n\n\n\n<p>Toplant\u0131;&nbsp;<strong><em>&#8216;Uygulanabilir \u00d6neriler ve Gelecek Ad\u0131mlar&#8217;&nbsp;<\/em><\/strong>Kapan\u0131\u015f Genel Oturumunun ard\u0131ndan; \u0130stanbul B\u00fcy\u00fck\u015fehir Belediyesi-Ba\u011fdat Belediyesi \u0130\u015f Birli\u011fi Protokol\u00fc, \u0130stanbul B\u00fcy\u00fck\u015fehir Belediyesi-Amman B\u00fcy\u00fck\u015fehir Belediyesi \u0130\u015f Birli\u011fi Protokol\u00fc ve \u0130stanbul B\u00fcy\u00fck\u015fehir Belediyesi- Ramallah Belediyesi \u0130\u015f Birli\u011fi Protokol\u00fc \u0130mza T\u00f6reni ile sona erdi.<\/p>\n","protected":false},"excerpt":{"rendered":"<p>Mersin B\u00fcy\u00fck\u015fehir Belediye Ba\u015fkan\u0131 Vahap Se\u00e7er; \u0130stanbul B\u00fcy\u00fck\u015fehir Belediye Ba\u015fkan\u0131 Ekrem \u0130mamo\u011flu&#8217;nun ev sahipli\u011finde ger\u00e7ekle\u015ftirilen,&nbsp;&#8216;Orta Do\u011fu ve Kuzey Afrika Bar\u0131\u015f ve \u0130\u015f Birli\u011fi Belediye Ba\u015fkanlar\u0131 Toplant\u0131s\u0131&#8217;&nbsp;&nbsp;program\u0131na kat\u0131ld\u0131. 12-14 Aral\u0131k tarihleri aras\u0131nda d\u00fczenlenen toplant\u0131ya b\u00f6lgenin \u00f6nde gelen \u015fehirlerinin belediye ba\u015fkanlar\u0131 ve valilerini bir araya getirdi. \u0130stanbul B\u00fcy\u00fck\u015fehir Belediye Ba\u015fkan\u0131 Ekrem \u0130mamo\u011flu&#8217;nun a\u00e7\u0131l\u0131\u015f konu\u015fmas\u0131yla ba\u015flayan toplant\u0131n\u0131n birinci [&hellip;]<\/p>\n","protected":false},"author":2,"featured_media":37823,"comment_status":"closed","ping_status":"closed","sticky":false,"template":"","format":"standard","meta":{"footnotes":""},"categories":[7,34,3,5],"tags":[],"class_list":["post-37822","post","type-post","status-publish","format-standard","has-post-thumbnail","hentry","category-dunya","category-flas-haber","category-manset","category-mersin"],"views":4,"_links":{"self":[{"href":"https:\/\/mersinkadingazetesi.com\/index.php?rest_route=\/wp\/v2\/posts\/37822"}],"collection":[{"href":"https:\/\/mersinkadingazetesi.com\/index.php?rest_route=\/wp\/v2\/posts"}],"about":[{"href":"https:\/\/mersinkadingazetesi.com\/index.php?rest_route=\/wp\/v2\/types\/post"}],"author":[{"embeddable":true,"href":"https:\/\/mersinkadingazetesi.com\/index.php?rest_route=\/wp\/v2\/users\/2"}],"replies":[{"embeddable":true,"href":"https:\/\/mersinkadingazetesi.com\/index.php?rest_route=%2Fwp%2Fv2%2Fcomments&post=37822"}],"version-history":[{"count":1,"href":"https:\/\/mersinkadingazetesi.com\/index.php?rest_route=\/wp\/v2\/posts\/37822\/revisions"}],"predecessor-version":[{"id":37824,"href":"https:\/\/mersinkadingazetesi.com\/index.php?rest_route=\/wp\/v2\/posts\/37822\/revisions\/37824"}],"wp:featuredmedia":[{"embeddable":true,"href":"https:\/\/mersinkadingazetesi.com\/index.php?rest_route=\/wp\/v2\/media\/37823"}],"wp:attachment":[{"href":"https:\/\/mersinkadingazetesi.com\/index.php?rest_route=%2Fwp%2Fv2%2Fmedia&parent=37822"}],"wp:term":[{"taxonomy":"category","embeddable":true,"href":"https:\/\/mersinkadingazetesi.com\/index.php?rest_route=%2Fwp%2Fv2%2Fcategories&post=37822"},{"taxonomy":"post_tag","embeddable":true,"href":"https:\/\/mersinkadingazetesi.com\/index.php?rest_route=%2Fwp%2Fv2%2Ftags&post=37822"}],"curies":[{"name":"wp","href":"https:\/\/api.w.org\/{rel}","templated":true}]}}