{"id":37831,"date":"2024-12-15T09:16:50","date_gmt":"2024-12-15T06:16:50","guid":{"rendered":"https:\/\/mersinkadingazetesi.com\/?p=37831"},"modified":"2024-12-15T09:16:50","modified_gmt":"2024-12-15T06:16:50","slug":"kose-bucak-anadolu-konserinde-anadolunun-butun-renkleri-seslendirildi","status":"publish","type":"post","link":"https:\/\/mersinkadingazetesi.com\/?p=37831","title":{"rendered":"&#8216;K\u00d6\u015eE BUCAK ANADOLU&#8217; KONSER\u0130NDE ANADOLU&#8217;NUN B\u00dcT\u00dcN RENKLER\u0130 SESLEND\u0130R\u0130LD\u0130"},"content":{"rendered":"\n<p>Y\u0131l boyunca Anamur&#8217;dan \u00c7aml\u0131yayla&#8217;ya kadar kentin d\u00f6rt bir yan\u0131nda birbirinden farkl\u0131 konseptlerle etkinlikler d\u00fczenleyen Mersin B\u00fcy\u00fck\u015fehir Belediyesi, Mersinlileri k\u00fclt\u00fcr ve sanat faaliyetleri ile bulu\u015fturmaya devam ediyor. K\u00fclt\u00fcr ve Sosyal \u0130\u015fler Dairesi Ba\u015fkanl\u0131\u011f\u0131 koordinesinde d\u00fczenlenen ve her ya\u015ftan yurtta\u015f\u0131n sanat\u0131n keyfini ya\u015fama f\u0131rsat\u0131 buldu\u011fu etkinliklerden biri de,&nbsp;<strong>&#8216;K\u00f6\u015fe Bucak Anadolu&#8217;<\/strong>&nbsp;konseri oldu.<\/p>\n\n\n\n<p>Mezitli Belediyesi K\u00fclt\u00fcr Merkezi&#8217;nde ger\u00e7ekle\u015ftirilen ve B\u00fcy\u00fck\u015fehir Belediyesi T\u00fcrk Halk M\u00fczi\u011fi Toplulu\u011fu taraf\u0131ndan verilen konserde, Akdeniz&#8217;den Ege&#8217;ye Karadeniz&#8217;den Do\u011fu Anadolu&#8217;ya T\u00fcrkiye co\u011frafyas\u0131n\u0131n t\u00fcm renklerini bar\u0131nd\u0131ran t\u00fcrk\u00fcler seslendirildi. Anadolu&#8217;nun k\u00fclt\u00fcr zenginli\u011finin Mersinlilerle bulu\u015fturuldu\u011fu ak\u015famda; A\u015f\u0131k Veysel&#8217;den Mahzuni \u015eerif&#8217;e, Ne\u015fet Erta\u015f&#8217;tan Pir Sultan&#8217;a pek \u00e7ok halk ozan\u0131n\u0131n t\u00fcrk\u00fcs\u00fc yeniden yorumland\u0131. Etkinli\u011fe; Mersin B\u00fcy\u00fck\u015fehir Belediyesi b\u00fcrokratlar\u0131n\u0131n yan\u0131 s\u0131ra, halk m\u00fczi\u011fine g\u00f6n\u00fcl vermi\u015f \u00e7ok say\u0131da sanatsever kat\u0131ld\u0131. Orkestraya s\u0131k s\u0131k alk\u0131\u015flarla e\u015flik eden kat\u0131l\u0131mc\u0131lar, zaman zaman \u00e7al\u0131nan t\u00fcrk\u00fcleri de hep bir a\u011f\u0131zdan seslendirdi.<\/p>\n\n\n\n<p><strong>Ko\u015far: &#8220;Konserimizde, yurdumuzun g\u00fczelliklerini dinleyicilerle bulu\u015fturduk&#8221;<\/strong><\/p>\n\n\n\n<p>Anadolu&#8217;nun d\u00f6rt bir yan\u0131ndan yer alan ezgilerle \u00e7ok g\u00fczel bir konseri geride b\u0131rakt\u0131klar\u0131n\u0131 kaydeden B\u00fcy\u00fck\u015fehir Belediyesi T\u00fcrk Halk M\u00fczi\u011fi Toplulu\u011fu Orkestra \u015eefi Erdal Ko\u015far,&nbsp;<strong>&#8220;\u00c7aml\u0131yayla&#8217;dan Anamur&#8217;a kadar Mersin&#8217;in d\u00f6rt bir yan\u0131nda, yaylalarda ve sahillerde konserler verdik. Gerek orkestralar\u0131m\u0131z, gerekse de tiyatro ekibimizle Mersin&#8217;i kar\u0131\u015f kar\u0131\u015f gezdik. Sanat\u0131n her alanda olmas\u0131 gerekiyor. Vatanda\u015flar\u0131m\u0131z\u0131n konserleri dinleme f\u0131rsat\u0131 olmad\u0131\u011f\u0131 k\u0131rsal b\u00f6lgelere bu hizmeti g\u00f6t\u00fcrmekten dolay\u0131 \u00e7ok mutluyuz. Bu anlamda hem \u00fclkemizin, hem de kentimizin kalk\u0131nmas\u0131 ad\u0131na gelecek nesillere t\u00fcrk\u00fclerimizi ve sanat\u0131m\u0131z\u0131 daha do\u011fru bir \u015fekilde yans\u0131tmak istiyoruz&#8221;<\/strong>&nbsp;ifadelerine yer verdi.<\/p>\n\n\n\n<p><strong>Dinleyiciler, hep bir a\u011f\u0131zdan t\u00fcrk\u00fcler s\u00f6ylerken ezgilere alk\u0131\u015flarla da e\u015flik etti<\/strong><\/p>\n\n\n\n<p>Konseri \u00e7ok be\u011fendi\u011fini s\u00f6yleyen dinleyicilerden Murat Alt\u0131ngeyik, etkinlikle ilgili d\u00fc\u015f\u00fcncelerini;&nbsp;<strong>&#8220;\u00c7ok g\u00fczel ve muhte\u015fem bir ak\u015famd\u0131. B\u00f6yle \u015feyleri \u00f6zlemi\u015ftik. \u00c7ok memnun oldum. Kulaklar\u0131m\u0131z\u0131n pas\u0131 silindi&#8221;&nbsp;<\/strong>diyerek belirtti.<\/p>\n\n\n\n<p>Ba\u015fka bir dinleyici Esra S\u00f6nmez ise,&nbsp;<strong>&#8220;\u00c7ok g\u00fczel ve \u00e7ok b\u00fcy\u00fcleyiciydi. Burada olmaktan dolay\u0131 \u00e7ok mutlu oldum. Orkestra \u00e7ok g\u00fczel haz\u0131rlanm\u0131\u015ft\u0131. Y\u00f6re y\u00f6re gezdik. Harikayd\u0131&#8221;<\/strong>&nbsp;dedi.<\/p>\n\n\n\n<p>E\u015fi ve arkada\u015flar\u0131yla birlikte konseri dinlemeye gelen M\u00fcnire Soyyi\u011fit de&nbsp;<strong>&#8220;\u00c7ok be\u011fendik. Ruhumuz a\u00e7\u0131ld\u0131 diyebilirim. B\u00f6yle g\u00fczel etkinliklere her zaman ihtiyac\u0131m\u0131z var&#8221;&nbsp;<\/strong>ifadelerini kulland\u0131.<\/p>\n","protected":false},"excerpt":{"rendered":"<p>Y\u0131l boyunca Anamur&#8217;dan \u00c7aml\u0131yayla&#8217;ya kadar kentin d\u00f6rt bir yan\u0131nda birbirinden farkl\u0131 konseptlerle etkinlikler d\u00fczenleyen Mersin B\u00fcy\u00fck\u015fehir Belediyesi, Mersinlileri k\u00fclt\u00fcr ve sanat faaliyetleri ile bulu\u015fturmaya devam ediyor. K\u00fclt\u00fcr ve Sosyal \u0130\u015fler Dairesi Ba\u015fkanl\u0131\u011f\u0131 koordinesinde d\u00fczenlenen ve her ya\u015ftan yurtta\u015f\u0131n sanat\u0131n keyfini ya\u015fama f\u0131rsat\u0131 buldu\u011fu etkinliklerden biri de,&nbsp;&#8216;K\u00f6\u015fe Bucak Anadolu&#8217;&nbsp;konseri oldu. Mezitli Belediyesi K\u00fclt\u00fcr Merkezi&#8217;nde ger\u00e7ekle\u015ftirilen ve [&hellip;]<\/p>\n","protected":false},"author":2,"featured_media":37832,"comment_status":"closed","ping_status":"closed","sticky":false,"template":"","format":"standard","meta":{"footnotes":""},"categories":[1],"tags":[],"class_list":["post-37831","post","type-post","status-publish","format-standard","has-post-thumbnail","hentry","category-genel"],"views":4,"_links":{"self":[{"href":"https:\/\/mersinkadingazetesi.com\/index.php?rest_route=\/wp\/v2\/posts\/37831"}],"collection":[{"href":"https:\/\/mersinkadingazetesi.com\/index.php?rest_route=\/wp\/v2\/posts"}],"about":[{"href":"https:\/\/mersinkadingazetesi.com\/index.php?rest_route=\/wp\/v2\/types\/post"}],"author":[{"embeddable":true,"href":"https:\/\/mersinkadingazetesi.com\/index.php?rest_route=\/wp\/v2\/users\/2"}],"replies":[{"embeddable":true,"href":"https:\/\/mersinkadingazetesi.com\/index.php?rest_route=%2Fwp%2Fv2%2Fcomments&post=37831"}],"version-history":[{"count":1,"href":"https:\/\/mersinkadingazetesi.com\/index.php?rest_route=\/wp\/v2\/posts\/37831\/revisions"}],"predecessor-version":[{"id":37833,"href":"https:\/\/mersinkadingazetesi.com\/index.php?rest_route=\/wp\/v2\/posts\/37831\/revisions\/37833"}],"wp:featuredmedia":[{"embeddable":true,"href":"https:\/\/mersinkadingazetesi.com\/index.php?rest_route=\/wp\/v2\/media\/37832"}],"wp:attachment":[{"href":"https:\/\/mersinkadingazetesi.com\/index.php?rest_route=%2Fwp%2Fv2%2Fmedia&parent=37831"}],"wp:term":[{"taxonomy":"category","embeddable":true,"href":"https:\/\/mersinkadingazetesi.com\/index.php?rest_route=%2Fwp%2Fv2%2Fcategories&post=37831"},{"taxonomy":"post_tag","embeddable":true,"href":"https:\/\/mersinkadingazetesi.com\/index.php?rest_route=%2Fwp%2Fv2%2Ftags&post=37831"}],"curies":[{"name":"wp","href":"https:\/\/api.w.org\/{rel}","templated":true}]}}