{"id":37837,"date":"2024-12-15T09:20:43","date_gmt":"2024-12-15T06:20:43","guid":{"rendered":"https:\/\/mersinkadingazetesi.com\/?p=37837"},"modified":"2024-12-15T09:20:44","modified_gmt":"2024-12-15T06:20:44","slug":"deva-partili-ekmen-akademik-personel-ucretlerde-iyilestirme-bekliyor","status":"publish","type":"post","link":"https:\/\/mersinkadingazetesi.com\/?p=37837","title":{"rendered":"DEVA Partili Ekmen: Akademik personel \u00fccretlerde iyile\u015ftirme bekliyor!\u00a0"},"content":{"rendered":"\n<figure class=\"wp-block-table\"><table class=\"has-fixed-layout\"><tbody><tr><td><strong>DEVA Partisi Genel Ba\u015fkan Yard\u0131mc\u0131s\u0131 Mehmet Emin Ekmen, ekonomik krizle birlikte akademik personelin maa\u015f\u0131nda ya\u015fanan de\u011fer kayb\u0131n\u0131,&nbsp;<\/strong><strong>\u00f6<\/strong><strong>zl\u00fck haklar\u0131 ve akademik destek ihtiyac\u0131n\u0131 T\u00fcrkiye B\u00fcy\u00fck Millet Meclisi (TBMM) g\u00fcndemine ta\u015f\u0131d\u0131. Akademik personel maa\u015f\u0131n\u0131<\/strong><strong>n asgari&nbsp;<\/strong><strong>\u00fccret, yoksulluk s\u0131n\u0131r\u0131, dolar paritesi ve emsal maa\u015flara g<\/strong><strong>\u00f6<\/strong><strong>re y\u00fczde 25-40 oran\u0131nda eridi\u011fine dikkat \u00e7eken Ekmen, \u201dakademisyenlerin maa\u015f art\u0131\u015f\u0131, akademik y\u0131l a\u00e7\u0131l\u0131\u015f\u0131nda ek \u00fc<\/strong><strong>cret deste<\/strong><strong>\u011fi, uluslararas\u0131 kongrelere kat\u0131l\u0131m i\u00e7in maddi destek, s\u0131n\u0131rl\u0131 s\u00fcreli de olsa ye\u015fil pasaport verilmesi, ek ders \u00fccretlerinin ve ek g<\/strong><strong>\u00f6<\/strong><strong>stergenin art\u0131r\u0131lmas\u0131 talepleri var\u201d dedi.<\/strong>&nbsp;<br>DEVA Partisi Genel Ba\u015fkan Yard\u0131mc\u0131s\u0131 ve Mersin Milletvekili Mehmet Emin Ekmen, ekonomik krizle birlikte maa\u015flar\u0131 buharla\u015fan akademisyenlerin sorunlar\u0131n\u0131 TBMM g\u00fcndemine getirdi. TBMM\u2019de d\u00fczenledi\u011fi bas\u0131n toplant\u0131s\u0131nda Ekmen, Akademik Dayan\u0131\u015fma Platformu&#8217;nun Aral\u0131k 2024 raporuna dikkati \u00e7ekerek, akademik personelin maa\u015f&nbsp;ve&nbsp;\u00f6zl\u00fck haklar\u0131 hakk\u0131nda beklentileri tek tek s\u0131ralad\u0131.&nbsp;&nbsp;<strong>Son 5 y\u0131lda akademik personel maa\u015flar\u0131 buharla\u015ft\u0131<\/strong>\u00dccretlerin al\u0131m g\u00fcc\u00fcndeki d\u00fc\u015f\u00fc\u015fle, Akademisyenlerin, bilimsel \u00e7al\u0131\u015fma yapmak bir yana temel ya\u015famsal ihtiya\u00e7lar\u0131n\u0131 kar\u015f\u0131lamakta dahi zorland\u0131klar\u0131n\u0131 s\u00f6yleyen Ekmen, 2014 y\u0131l\u0131nda \u00fccretlere yap\u0131lan zamla ekonomik \u015fartlar\u0131n k\u0131smen iyile\u015ftirildi\u011fini hat\u0131rlatarak, iktidar\u0131n uzunca bir s\u00fcredir akademik personeli g\u00f6rmezden geldi\u011fini belirtti. Ekmen,&nbsp;\u201cS\u00fcre\u00e7 i\u00e7erisinde de\u011fi\u015fik meslek gruplar\u0131na yap\u0131lan zamlar nedeniyle akademik personel, maa\u015flar\u0131na denk kabul edilebilecek meslek gruplar\u0131ndan da geriye d\u00fc\u015fm\u00fc\u015flerdir. Ayr\u0131mc\u0131 maa\u015f art\u0131\u015flar\u0131 ve y\u00fcksek enflasyon nedeniyle akademik maa\u015flar \u00e7ok ciddi bir \u015fekilde gerilemi\u015ftir. Denk memur maa\u015flar\u0131, asgari&nbsp;\u00fccret, dolar kuru, yoksulluk s\u0131n\u0131r\u0131 gibi pariteleri baz ald\u0131\u011f\u0131m\u0131zda g\u00f6receli iyi olan akademik personel maa\u015flar\u0131&nbsp;son be\u015f y\u0131lda iyice buharla\u015fm\u0131\u015ft\u0131r\u201d diye konu\u015ftu.&nbsp;&nbsp;<strong>Bir a\u015f\u00e7\u0131 profes\u00f6rden daha fazla maa\u015f al\u0131yor!<\/strong>Ekmen, akademik personel maa\u015flar\u0131n\u0131n asgari&nbsp;\u00fccrete oranla d\u00fc\u015ft\u00fc\u011f\u00fcne dikkati \u00e7ekerek, &#8220;Bir profes\u00f6r\u00fcn maa\u015f\u0131 83 ila 86 bin lira aras\u0131ndad\u0131r. 2014 y\u0131l\u0131 art\u0131\u015f\u0131n\u0131 baz ald\u0131\u011f\u0131m\u0131zda ara\u015ft\u0131rma g\u00f6revlilerinin maa\u015f\u0131&nbsp;3.89 asgari&nbsp;\u00fccret seviyesinde iken, bug\u00fcn 3.21 seviyesine d\u00fc\u015fm\u00fc\u015ft\u00fcr. Bu ne anlama geliyor biliyor musunuz? &#8216;Benim e\u011fitimde g\u00f6z\u00fcm yok. Ben i\u015fimi yapay\u0131m, ailemi iyi ge\u00e7indireyim&#8217; diyen bir duvar ustas\u0131, bir ba\u015f a\u015f\u00e7\u0131, i\u015f makinesi operat\u00f6r\u00fc bug\u00fcn bir profes\u00f6rden daha y\u00fcksek maa\u015f almaktad\u0131r. Ama unutmayal\u0131m ki biz bir duvar ustas\u0131ndan, bir i\u015f makinesi operat\u00f6r\u00fcnden T\u00fcrkiye&#8217;nin yar\u0131nlar\u0131 i\u00e7in \u00e7a\u011f atlatacak bir icat, bir geli\u015fme beklemiyoruz. Bunu bir profes\u00f6rden bekliyoruz. Bir ARGE uzman\u0131ndan bekliyoruz. Bir do\u00e7entten, bir ara\u015ft\u0131rma g\u00f6revlisinden bekliyoruz\u201d ifadelerini kulland\u0131.&nbsp;&nbsp;<strong>Akademisyenlerin birinci talebi maa\u015flar\u0131n\u0131n iyile\u015ftirilmesidir<\/strong>Bu \u00fccretler nedeniyle akademiye ilginin azald\u0131\u011f\u0131n\u0131 dile getiren Ekmen, akademisyen maa\u015flar\u0131n\u0131n dolar kar\u015f\u0131s\u0131nda ciddi bir de\u011fer kayb\u0131 ya\u015fad\u0131\u011f\u0131n\u0131n alt\u0131n\u0131 \u00e7izdi. &nbsp;Ekmen;&nbsp;\u201cMaa\u015flar artmad\u0131\u011f\u0131 zaman, beyin g\u00f6\u00e7\u00fc ya\u015fan\u0131r. Akademiye ilgi azal\u0131r. Dura\u011fanl\u0131k ba\u015flar. Akademisyenlerin birinci talepleri, maa\u015f iyile\u015ftirmesi, akademisyen taban maa\u015f\u0131 olu\u015fmas\u0131 ve bunun en az 2 yoksulluk s\u0131n\u0131r\u0131na denk d\u00fc\u015fmesidir. Akademisyenlere akademik y\u0131l a\u00e7\u0131l\u0131\u015f\u0131nda asgari \u00fccret kadar destek verilmesi, uluslararas\u0131 kongrelere kat\u0131l\u0131m i\u00e7in s\u0131n\u0131rl\u0131 s\u00fcreli de olsa ye\u015fil pasaport verilmesi, ek ders \u00fccretlerinin 5 kat ve ek g\u00f6stergenin 1000 baz puan art\u0131r\u0131lmas\u0131 talepleri var.&#8221;&nbsp;<strong>Profes\u00f6r maa\u015f\u0131 buharla\u015ft\u0131<\/strong>Profes\u00f6rlerin maa\u015flar\u0131nda ya\u015fanan d\u00fc\u015f\u00fc\u015f\u00fc y\u0131lara g\u00f6re rakamlarla a\u00e7\u0131klayan Ekmen,&nbsp;\u201cAsgari&nbsp;\u00fccretle kar\u015f\u0131la\u015ft\u0131r\u0131ld\u0131\u011f\u0131nda 2014 y\u0131l\u0131nda bir profes\u00f6r\u00fcn maa\u015f\u0131&nbsp;6.64 asgari&nbsp;\u00fccret iken bug\u00fcn 4.92\u2019ye d\u00fc\u015ft\u00fc. Asgari&nbsp;\u00fccretle k\u0131yasla y\u00fczde 25&#8217;lik net bir gerileme s\u00f6z konusu. Bug\u00fcn i\u00e7in bir profes\u00f6r\u00fcn 2024 Kas\u0131m ay\u0131 maa\u015f\u0131 83 bin lira 86 bin aras\u0131nda de\u011fi\u015fmektedir. Temmuz 2004&#8217;\u00fc baz ald\u0131\u011f\u0131m\u0131zda 2 bin 787 dolar olan profes\u00f6r maa\u015f\u0131 bug\u00fcn 2 bin 432 dolara d\u00fc\u015fm\u00fc\u015ft\u00fcr. Bu 10 y\u0131lda da Amerika&#8217;da dolar enflasyonu y\u00fczde 15&#8217;in \u00fczerinde seyretmi\u015ftir. Bir ara\u015ft\u0131rma g\u00f6revlisinin maa\u015f\u0131 1630 dolardan 1585 dolara d\u00fc\u015fm\u00fc\u015ft\u00fcr. Dolar enflasyonunu bir kenara koyal\u0131m. T\u00fcrkiye&#8217;de reel enflasyon d\u00f6viz kurunun \u00e7ok&nbsp;\u00fcst\u00fcnde seyretmi\u015ftir ve seyretmektedir. Bu da maalesef sat\u0131n alma g\u00fcc\u00fcnde ciddi gerileme demektir\u201d dedi.&nbsp;&nbsp;<strong>Yoksullukla m\u00fccadele edenden bilim bekleyemeyiz<\/strong>Ara\u015ft\u0131rma g\u00f6revlilerinin maa\u015flar\u0131nda ya\u015fanan reel d\u00fc\u015f\u00fc\u015fe dikkati \u00e7eken Ekmen, \u015f\u00f6yle devam etti;&nbsp;\u201cAra\u015ft\u0131rma g\u00f6revlilerinin maa\u015flar\u0131 2014 y\u0131l\u0131 temmuz ay\u0131ndaki iyile\u015ftirmeyle birlikte 3,89 asgari \u00fccret miktar\u0131na tekab\u00fcl etmekteyken, bug\u00fcn bu oran 3.21&#8217;e d\u00fc\u015fm\u00fc\u015ft\u00fcr. 2019 y\u0131l\u0131 Kas\u0131m ay\u0131n\u0131 baz ald\u0131\u011f\u0131m\u0131zda yoksulluk s\u0131n\u0131r\u0131na oran 0.92. Yani o zaman bile yoksulluk s\u0131n\u0131r\u0131n\u0131n alt\u0131nda maa\u015f al\u0131nm\u0131\u015f. Biz bu arkada\u015flardan bilim \u00fcretmelerini, yenilik yapmalar\u0131n\u0131, icat yapmalar\u0131n\u0131, d\u00fcnyadaki geli\u015fmeleri takip etmelerini, T\u00fcrkiye&#8217;yi bug\u00fcn\u00fcn de\u011fil yar\u0131n\u0131n d\u00fcnyas\u0131yla yar\u0131\u015ft\u0131rmalar\u0131n\u0131 bekliyorken; yoksulluk s\u0131n\u0131r\u0131n\u0131n alt\u0131nda ald\u0131klar\u0131 maa\u015f bug\u00fcn 0.81 oran\u0131na kadar d\u00fc\u015fm\u00fc\u015ft\u00fcr.\u201d&nbsp;<strong>9 bin lira burs bilet paras\u0131<\/strong>Doktora burs \u00fccretlerinin 9 bin liraya \u00e7\u0131kt\u0131\u011f\u0131n\u0131&nbsp;hat\u0131rlatan Ekmen,&nbsp;\u201c9 bin liraya gidi\u015f d\u00f6n\u00fc\u015f \u0130stanbul-Batman bileti alabilirsiniz. 8 bin liraya \u0130stanbul&#8217;a gitti. Nerede yatacak bu arkada\u015f\u0131m\u0131z! Ne yiyip ne i\u00e7ecek! Sadece bir seyahatten bahsediyoruz\u201d \u015feklinde konu\u015ftu.&nbsp;&nbsp;<strong>\u00dcniversiteler dramatik bir d\u00fc\u015f\u00fc\u015fte<\/strong>T\u00fcrkiye\u2019deki \u00fcniversitelerin son d\u00f6nemde dramatik bir \u015fekilde d\u00fcnya standartlar\u0131ndan geriye gitti\u011fini s\u00f6yleyen Ekmen, \u00f6\u011frenci ve mezunlar\u0131n kalitelerinin de d\u00fc\u015ft\u00fc\u011f\u00fcn\u00fc vurgulad\u0131. &nbsp;Ekmen, B\u00fcrokratik i\u015fleyi\u015fler, maa\u015f d\u00fczenlemeleri kariyer yapmay\u0131 te\u015fvik etmiyor. Kariyer yapmak ta pahal\u0131. Mesleki geli\u015fme olmuyor, adam mezun oldu\u011fu yerde kal\u0131yor. 40 y\u0131l&nbsp;\u00f6nceki yerinde kalan meslek mensuplar\u0131yla hepimiz kar\u015f\u0131la\u015fm\u0131\u015f\u0131zd\u0131r\u201d diye konu\u015ftu.&nbsp;<strong>12 bin akademisyen T\u00fcrkiye\u2019yi terk etti<\/strong>Maa\u015flar ve&nbsp;\u00f6zl\u00fck haklar\u0131n\u0131n beyin g\u00f6\u00e7\u00fcn\u00fc artt\u0131rd\u0131\u011f\u0131n\u0131 ifade eden Ekmen, Chicago&nbsp;\u00dcniversitesi Ekonomi B\u00f6l\u00fcm\u00fc\u2019nden Prof. Dr.Ufuk Ak\u00e7i\u011fit&#8217;in yapay zeka destekli olarak 2023 y\u0131l\u0131nda haz\u0131rlad\u0131\u011f\u0131 rapora dikkati \u00e7ekerek,&nbsp;\u201c2023 y\u0131l\u0131nda yap\u0131lan ara\u015ft\u0131rmaya g\u00f6re, en az 12 bin akademisyen T\u00fcrkiye&#8217;yi terk etmi\u015ftir. Bu maa\u015f politikas\u0131 devam ettik\u00e7e bunlar\u0131n T\u00fcrkiye&#8217;ye d\u00f6n\u00fc\u015f\u00fc de s\u00f6z konusu de\u011fildir. Say\u0131n Cumhurba\u015fkan\u0131, Say\u0131n Bakanlar zaman zaman \u00e7a\u011fr\u0131 yap\u0131yorlar ama bu maa\u015flarla, bu imkans\u0131zl\u0131klarla, bu insanlar T\u00fcrkiye&#8217;ye nas\u0131l d\u00f6ns\u00fcnler! Tabii ki T\u00fcrkiye d\u0131\u015f\u0131na \u00e7\u0131kman\u0131n hukuk, demokrasi, adalet ve T\u00fcrkiye&#8217;deki toplam ya\u015fam kalitesizli\u011fi ile ilgili boyutlar\u0131 var ama b\u00f6yle maa\u015flar verirsiniz ki insanlar bu maa\u015flar\u0131n nesine gelsinler?\u201d ifadelerini kulland\u0131.&nbsp;&nbsp;<strong>Akademiye ilgi azal\u0131yor<\/strong>Ekmen son be\u015f y\u0131lda \u00fcniversite ara\u015ft\u0131rma g\u00f6revlisi say\u0131s\u0131n\u0131n %25 azald\u0131\u011f\u0131n\u0131&nbsp;hat\u0131rlatarak&nbsp;\u201cDeva Partisi Genel Ba\u015fkan yard\u0131mc\u0131s\u0131&nbsp;Profes\u00f6r Dr. Ahmet Bur\u00e7in Yereli\u2019nin de derlemi\u015f oldu\u011fu rakamlara g\u00f6re, y\u00fcksek lisans ve doktora seviyesinde e\u011fitime ba\u015fvurularda belirgin bir d\u00fc\u015f\u00fc\u015f ya\u015fanmaktad\u0131r\u201d dedi.&nbsp;&nbsp;<strong>\u0130lk 500\u2019de \u00fcniversitemiz yok!&nbsp;<\/strong>T\u00fcrkiye\u2019nin ARGE, inovasyon faaliyetlerinde de geriledi\u011fini aktaran Ekmen, ODT\u00dc \u00dcniversitesi eski Rekt\u00f6r\u00fc Ural Akbulut\u2019un haz\u0131rlad\u0131\u011f\u0131&nbsp;2024-2025 URAP T\u00fcrkiye s\u0131ralamas\u0131na dikkati \u00e7ekerek,&nbsp;\u201cT\u00fcrkiye\u2019nin d\u00fcnya s\u0131ralamas\u0131nda ilk 1000&#8217;de sadece 9 \u00fcniversitesi var. \u0130lk 500&#8217;de \u00fcniversitemiz yok. 2016&#8217;da ilk 1000\u2019de 18&nbsp;\u00fcniversitemiz vard\u0131. 2011 y\u0131l\u0131nda ise 20 \u00fcniversitemiz ilk 1000\u2019deydi. Yine 2011\u2019de ilk 500\u2019de 3&nbsp;\u00fcniversitemiz vard\u0131. Bug\u00fcn ilk 500&#8217;de hi\u00e7 \u00fcniversite yok maalesef\u2026 \u0130novasyonda Avrupa Komisyonu \u00fcyelerinin 2024 s\u0131ralamas\u0131na g\u00f6re 32 s\u0131raday\u0131z. Bizden geride 9 \u00fclke var. Karada\u011f, Bulgaristan, Makedonya, Arnavutluk, Romanya, Bosna-Hersek, Ukrayna ve Moldova. Biz bu \u00fclkelerin liginde miyiz? N\u00fcfusumuzla, akademik kapasitemizle, bizim bu listenin ba\u015f\u0131nda olan \u0130svi\u00e7re, Danimarka, \u0130sve\u00e7 ve Finlandiya ile yar\u0131\u015famazsak bile \u0130ngiltere ile, Almanya ile, Fransa ile yar\u0131\u015fmam\u0131z gerekmiyor muydu?\u201d diye sordu.&nbsp;&nbsp;<strong>T\u00fcrkiye, AR-GE yat\u0131r\u0131mlar\u0131nda s\u0131n\u0131fta kald\u0131<\/strong>Gayri safi has\u0131laya oranla Avrupa Birli\u011fi \u00fclkelerinin ARGE yat\u0131r\u0131mlar\u0131 s\u0131rlamas\u0131n\u0131 aktaran Ekmen, T\u00fcrkiye\u2019nin s\u00f6z konusu s\u0131ralamada sondan 3\u2019\u00fcnc\u00fc s\u0131rada yer ald\u0131\u011f\u0131n\u0131 ifade &nbsp;ederek,\u015f\u00f6yle devam etti:&nbsp;\u201cT\u00fcrkiye&#8217;nin gerisinde Romanya, Letonya, H\u0131rvatistan var. Liste ba\u015f\u0131nda ise Finlandiya, \u0130sve\u00e7, Danimarka, Avustralya var. Orta yerlerde Fransa, Almanya, \u0130ngiltere, Hollanda, \u0130talya var. Hi\u00e7 olmazsa bu \u00fclkelerle rekabet etmemiz gerekiyordu. Gazeteci Naki Bak\u0131r&#8217;\u0131n yaz\u0131s\u0131nda aktard\u0131\u011f\u0131 veriye g\u00f6re Avrupa Birli\u011fi&#8217;nde ARGE i\u00e7in ki\u015fi ba\u015f\u0131na 276 euro ayr\u0131l\u0131rken T\u00fcrkiye&#8217;de bu rakam 45 eurodur. Biz bu \u015fekilde mi T\u00fcrkiye&#8217;yi muas\u0131r medeniyetler seviyesine \u00e7\u0131kartaca\u011f\u0131z? DEVA Partisi Bal\u0131kesir Milletvekilimiz Burak Dalg\u0131n \u015fu verinin vurgulanmas\u0131 gereken bir veri oldu\u011funu tembihledi. ARGE harcamalar\u0131n\u0131n y\u00fczde 52&#8217;si&nbsp;\u00f6zel sekt\u00f6r, \u00fcniversitelerin pay\u0131 ise y\u00fczde 12.&nbsp;\u00dcniversitelerimiz T\u00fcrk&nbsp;\u00f6zel sekt\u00f6r\u00fcn\u00fcn&nbsp;\u00f6nc\u00fcs\u00fc olmas\u0131 gerekirken gerisinde kalm\u0131\u015f durumda.\u201d&nbsp;<strong>T\u00fcm destekler g\u00fcncellensin<\/strong>\u00dcniversitelerin tabela \u00fcniversitesine d\u00f6n\u00fc\u015ft\u00fc\u011f\u00fcn\u00fcn alt\u0131n\u0131 \u00e7izen Ekmen, akademisyenlerin taleplerini tek tek s\u0131ralayarak,&nbsp;\u201cAkademik personellerin birinci talepleri maa\u015f iyile\u015ftirmesi, akademisyen taban maa\u015f\u0131 olu\u015fturularak, bunun en az iki yoksulluk s\u0131n\u0131r\u0131 \u00fccretine denk d\u00fc\u015fmesi. \u0130kincisi, her akademisyene \u00f6\u011fretim y\u0131l\u0131 a\u00e7\u0131l\u0131\u015f\u0131nda en az bir asgari \u00fccret kadar e\u011fitim-\u00f6\u011fretim y\u0131l\u0131 a\u00e7\u0131l\u0131\u015f \u00f6dene\u011finin verilmesi. \u00dc\u00e7\u00fcnc\u00fcs\u00fc, T\u00dcB\u0130TAK ba\u015fta olmak \u00fczere devlet kurumlar\u0131n\u0131n ve \u00fcniversitelerinin yurt i\u00e7i ve yurt d\u0131\u015f\u0131 konferanslar ve kongreler i\u00e7in ay\u0131rd\u0131klar\u0131 \u00f6deneklerin son 5 y\u0131lda ya\u015fanan ekonomik facia dikkate al\u0131narak g\u00fcncellenmesi. D\u00f6rd\u00fcnc\u00fcs\u00fc uluslararas\u0131 kongrelere kat\u0131l\u0131m i\u00e7in akademisyenlerin gerekirse kongre d\u00f6nemiyle s\u0131n\u0131rl\u0131 bir \u015fekilde ye\u015fil pasaporta eri\u015fiminin kolayla\u015ft\u0131r\u0131lmas\u0131. Avrupa ile ya\u015fanan vize sorunlar\u0131na kar\u015f\u0131 bu talep&nbsp;\u00f6nemlidir. \u201d de\u011ferlendirmesinde bulundu.&nbsp;&nbsp;<strong>&nbsp;<\/strong><strong>&nbsp;<\/strong><strong>Vak\u0131f ve devlet \u00fcniversiteleri \u00fccretlerinin denkli\u011fi, yak\u0131ndan takip edilsin<\/strong>Ara\u015ft\u0131rma, te\u015fvik, geli\u015ftirme&nbsp;\u00f6denekleri, \u00fcniversite&nbsp;\u00f6dene\u011fi, y\u00fcksek \u00f6\u011fretim tazminat\u0131, makam tazminat\u0131, kira ve aile yard\u0131m\u0131, bayram ikramiyesi gibi kalemlerle akademik personelin desteklenmesi gerekti\u011fine vurgu yapan Ekmen, devlet \u00fcniversiteleri ile vak\u0131f&nbsp;\u00fcniversiteleri aras\u0131nda maa\u015flar\u0131n denkle\u015ftirilmesinin yak\u0131ndan takip edilmesi gerekti\u011fini s\u00f6yledi.&nbsp;&nbsp;<strong>100 milyon dolar burstan vazge\u00e7ilsin&nbsp;<\/strong>T\u00fcrkiye\u2019nin yurt d\u0131\u015f\u0131na burslu \u00f6\u011frenci g\u00f6nderdi\u011fini hat\u0131rlatan Ekmen, s\u00f6z konusu \u00f6\u011frencilere verilen bursun daha sonras\u0131nda d\u00f6viz bazl\u0131 geri al\u0131nd\u0131\u011f\u0131n\u0131 belirterek, \u015funlar\u0131 kaydetti;&nbsp;\u201cD\u00f6viz kurlar\u0131ndaki son be\u015f y\u0131lda ya\u015fanan on-oniki katl\u0131k art\u0131\u015flar\u0131 g\u00f6z&nbsp;\u00f6n\u00fcne ald\u0131\u011f\u0131m\u0131zda bu arkada\u015flar b\u00fcy\u00fck bir ma\u011fduriyet ya\u015fad\u0131lar. Yurt d\u0131\u015f\u0131 bursiyerlerin alm\u0131\u015f olduklar\u0131 burslar T\u00fcrkiye&#8217;deki gelirlerine uygun bir \u015fekilde denkle\u015ftirilmeli. M\u00fcmk\u00fcnse de devlet b\u00fct\u00e7esi i\u00e7erisinde 100 milyon dolarl\u0131k bu kalemden uygun form\u00fcllerle mesela kamu hizmeti taahh\u00fcd\u00fc kar\u015f\u0131l\u0131\u011f\u0131nda vazge\u00e7ilmeli.\u201d&nbsp;<strong>Yetkililere seslendi: Akademisyenlerin \u00e7\u0131\u011fl\u0131\u011f\u0131n\u0131 duyun<\/strong>Ekmen, konu\u015fmas\u0131n\u0131n devam\u0131nda Cumhurba\u015fkan\u0131 Yard\u0131mc\u0131s\u0131 Cevdet Y\u0131lmaz, Hazine ve Maliye Bakan\u0131 Mehmet \u015eim\u015fek, Milli E\u011fitim Bakan\u0131 Prof. Dr. Yusuf Tekin, \u00c7al\u0131\u015fma Bakan\u0131 Prof. Dr. Vedat I\u015f\u0131khan, Y\u00d6K Ba\u015fkan\u0131 Erol \u00d6zvar, Cumhurba\u015fkanl\u0131\u011f\u0131 \u0130nsan Kaynaklar\u0131 Ofisi Ba\u015fkan\u0131 Do\u00e7. Dr. \u015eahin Atay&#8217;a seslenerek,&nbsp;\u201cAkademisyenlerin \u00e7\u0131\u011fl\u0131\u011f\u0131n\u0131 duyun, taleplerini hayata ge\u00e7irin.&nbsp;\u00dcniversiteler bitmi\u015f vaziyette. Bu gidi\u015fle e\u011fitim, T\u00fcrkiye&#8217;nin istihdam, inovasyon, yenilik ve \u00e7a\u011f\u0131n gereklerini gereklerinin zorunlu olarak ihtiya\u00e7lar\u0131n\u0131 kar\u015f\u0131layamayacak bir e\u011fitime d\u00f6n\u00fc\u015fecektir\u201d de\u011ferlendirmesinde bulundu.<\/td><\/tr><\/tbody><\/table><\/figure>\n","protected":false},"excerpt":{"rendered":"<p>DEVA Partisi Genel Ba\u015fkan Yard\u0131mc\u0131s\u0131 Mehmet Emin Ekmen, ekonomik krizle birlikte akademik personelin maa\u015f\u0131nda ya\u015fanan de\u011fer kayb\u0131n\u0131,&nbsp;\u00f6zl\u00fck haklar\u0131 ve akademik destek ihtiyac\u0131n\u0131 T\u00fcrkiye B\u00fcy\u00fck Millet Meclisi (TBMM) g\u00fcndemine ta\u015f\u0131d\u0131. Akademik personel maa\u015f\u0131n\u0131n asgari&nbsp;\u00fccret, yoksulluk s\u0131n\u0131r\u0131, dolar paritesi ve emsal maa\u015flara g\u00f6re y\u00fczde 25-40 oran\u0131nda eridi\u011fine dikkat \u00e7eken Ekmen, \u201dakademisyenlerin maa\u015f art\u0131\u015f\u0131, akademik y\u0131l a\u00e7\u0131l\u0131\u015f\u0131nda ek [&hellip;]<\/p>\n","protected":false},"author":2,"featured_media":37838,"comment_status":"closed","ping_status":"closed","sticky":false,"template":"","format":"standard","meta":{"footnotes":""},"categories":[3],"tags":[],"class_list":["post-37837","post","type-post","status-publish","format-standard","has-post-thumbnail","hentry","category-manset"],"views":10,"_links":{"self":[{"href":"https:\/\/mersinkadingazetesi.com\/index.php?rest_route=\/wp\/v2\/posts\/37837"}],"collection":[{"href":"https:\/\/mersinkadingazetesi.com\/index.php?rest_route=\/wp\/v2\/posts"}],"about":[{"href":"https:\/\/mersinkadingazetesi.com\/index.php?rest_route=\/wp\/v2\/types\/post"}],"author":[{"embeddable":true,"href":"https:\/\/mersinkadingazetesi.com\/index.php?rest_route=\/wp\/v2\/users\/2"}],"replies":[{"embeddable":true,"href":"https:\/\/mersinkadingazetesi.com\/index.php?rest_route=%2Fwp%2Fv2%2Fcomments&post=37837"}],"version-history":[{"count":1,"href":"https:\/\/mersinkadingazetesi.com\/index.php?rest_route=\/wp\/v2\/posts\/37837\/revisions"}],"predecessor-version":[{"id":37839,"href":"https:\/\/mersinkadingazetesi.com\/index.php?rest_route=\/wp\/v2\/posts\/37837\/revisions\/37839"}],"wp:featuredmedia":[{"embeddable":true,"href":"https:\/\/mersinkadingazetesi.com\/index.php?rest_route=\/wp\/v2\/media\/37838"}],"wp:attachment":[{"href":"https:\/\/mersinkadingazetesi.com\/index.php?rest_route=%2Fwp%2Fv2%2Fmedia&parent=37837"}],"wp:term":[{"taxonomy":"category","embeddable":true,"href":"https:\/\/mersinkadingazetesi.com\/index.php?rest_route=%2Fwp%2Fv2%2Fcategories&post=37837"},{"taxonomy":"post_tag","embeddable":true,"href":"https:\/\/mersinkadingazetesi.com\/index.php?rest_route=%2Fwp%2Fv2%2Ftags&post=37837"}],"curies":[{"name":"wp","href":"https:\/\/api.w.org\/{rel}","templated":true}]}}