{"id":37840,"date":"2024-12-15T09:23:02","date_gmt":"2024-12-15T06:23:02","guid":{"rendered":"https:\/\/mersinkadingazetesi.com\/?p=37840"},"modified":"2024-12-15T09:23:03","modified_gmt":"2024-12-15T06:23:03","slug":"akkuyu-nukleer-a-s-nin-duzenledigi-ulusal-cocuk-resim-yarismasi-basliyor","status":"publish","type":"post","link":"https:\/\/mersinkadingazetesi.com\/?p=37840","title":{"rendered":"AKKUYU N\u00dcKLEER A.\u015e.\u2019nin D\u00fczenledi\u011fi Ulusal \u00c7ocuk Resim Yar\u0131\u015fmas\u0131 Ba\u015fl\u0131yor"},"content":{"rendered":"\n<p>AKKUYU N\u00dcKLEER A.\u015e. 5-14 ya\u015f aras\u0131ndaki \u00e7ocuklar i\u00e7in resim yar\u0131\u015fmas\u0131 d\u00fczenliyor. T\u00fcrkiye&#8217;nin d\u00f6rt bir yan\u0131ndan \u00e7ocuklar ve gen\u00e7ler, ulusal seviyede d\u00fczenlenen yar\u0131\u015fmaya kat\u0131labilecek.<\/p>\n\n\n\n<p>Bu y\u0131lki yar\u0131\u015fman\u0131n temas\u0131 \u201cNGS \u0130n\u015faat\u00e7\u0131lar\u0131 \u015eehri\u201d olarak belirlendi. Kat\u0131l\u0131mc\u0131lar, \u00e7al\u0131\u015fmalar\u0131nda N\u00fckleer G\u00fc\u00e7 Santrali (NGS) in\u015faat\u00e7\u0131lar\u0131n\u0131n ya\u015fad\u0131\u011f\u0131 y\u00fcksek teknolojiye sahip, iyi tasarlanm\u0131\u015f bir \u015fehri tasvir etmeye davet ediliyor.<\/p>\n\n\n\n<p>Yar\u0131\u015fma kat\u0131l\u0131mc\u0131lar\u0131n g\u00fcvenli n\u00fckleer teknolojilerin hem elektrik \u00fcretiminde hem de t\u0131p, tar\u0131m ve ekoloji gibi alanlarda kullan\u0131ld\u0131\u011f\u0131 gelece\u011fin \u015fehrini nas\u0131l hayal ettikleri \u00fczerinde duracak. X-\u0131\u015f\u0131nlar\u0131, tohumlar\u0131n ve t\u0131bbi aletlerin dezenfeksiyonu ile tren istasyonlar\u0131 ve havaalanlar\u0131ndaki taray\u0131c\u0131lar gibi pek \u00e7ok alanda uzun zamand\u0131r g\u00fcnl\u00fck insan ya\u015fam\u0131n\u0131n bir par\u00e7as\u0131 haline gelen n\u00fckleer teknolojiler, bu resimlerde \u00e7ocuklar\u0131n hayal g\u00fcc\u00fc ile birle\u015fecek.<\/p>\n\n\n\n<p>Yar\u0131\u015fma 5 ila 8 ya\u015f, 9 ila 12 ya\u015f ve 12 ila 14 ya\u015f kategorilerinde yap\u0131lacak. Her ya\u015f grubu i\u00e7in \u201cEn Yarat\u0131c\u0131 Eser\u201d \u00f6zel adayl\u0131\u011f\u0131 da bulunacak. Profesyonel bir j\u00fcri, kat\u0131l\u0131mc\u0131lar\u0131n eserlerini uygulama tekni\u011fi, fikrin \u00f6zg\u00fcnl\u00fc\u011f\u00fc ve yar\u0131\u015fma temas\u0131na uygunluk a\u00e7\u0131s\u0131ndan de\u011ferlendirecek. \u00dc\u00e7 kategoride d\u00fczenlenecek yar\u0131\u015fmada, her kategoride kazanan 3 ki\u015fi ve her ya\u015f kategorisinde \u201cEn Yarat\u0131c\u0131 Eser\u201d adayl\u0131\u011f\u0131nda kazananlar \u00e7e\u015fitli hediyelerle \u00f6d\u00fcllendirilecek.<\/p>\n\n\n\n<p>Kat\u0131l\u0131mc\u0131lar, resimlerin taranm\u0131\u015f halini veya foto\u011fraf\u0131n\u0131, ba\u015fvuru formunu, ki\u015fisel verilerin i\u015flenmesine ili\u015fkin muvafakat beyan\u0131n\u0131 ve ayd\u0131nlatma metnini doldurup 20 Aral\u0131k 2024 tarihine kadar &nbsp;<a href=\"https:\/\/akkuyu.com\/upload\/communications@akkuyu.com\">communications@akkuyu.com<\/a>&nbsp;adresine, \u201cAKKUYU N\u00dcKLEER Resim Yar\u0131\u015fmas\u0131\u201d konu ba\u015fl\u0131\u011f\u0131yla g\u00f6ndererek yar\u0131\u015fmaya ba\u015fvurabilecek.&nbsp;<\/p>\n\n\n\n<p>Yar\u0131\u015fman\u0131n kazananlar\u0131, Aral\u0131k 2024 sonuna kadar a\u00e7\u0131klanacak.<\/p>\n\n\n\n<p>AKKUYU N\u00dcKLEER A.\u015e., Ulusal \u00c7ocuk Resim Yar\u0131\u015fmas\u0131\u2019n\u0131 2020 y\u0131l\u0131ndan bu yana her y\u0131l d\u00fczenliyor. \u00c7evrim i\u00e7i yar\u0131\u015fma ilk kez Rossotrudnichestvo T\u00fcrkiye Cumhuriyeti Temsilcili\u011fi arac\u0131l\u0131\u011f\u0131yla d\u00fczenlenmi\u015fti. Ge\u00e7en y\u0131l da \u00e7evrim i\u00e7i olarak d\u00fczenlenen yar\u0131\u015fmaya, \u0130stanbul, Ankara, Bursa, \u0130zmir, Antalya, Adana, Manisa, Gaziantep, Konya, Mersin ve di\u011fer iller olmak \u00fczere T\u00fcrkiye&#8217;nin d\u00f6rt bir yan\u0131ndan 100&#8217;den fazla ki\u015fi kat\u0131lm\u0131\u015ft\u0131.<\/p>\n","protected":false},"excerpt":{"rendered":"<p>AKKUYU N\u00dcKLEER A.\u015e. 5-14 ya\u015f aras\u0131ndaki \u00e7ocuklar i\u00e7in resim yar\u0131\u015fmas\u0131 d\u00fczenliyor. T\u00fcrkiye&#8217;nin d\u00f6rt bir yan\u0131ndan \u00e7ocuklar ve gen\u00e7ler, ulusal seviyede d\u00fczenlenen yar\u0131\u015fmaya kat\u0131labilecek. Bu y\u0131lki yar\u0131\u015fman\u0131n temas\u0131 \u201cNGS \u0130n\u015faat\u00e7\u0131lar\u0131 \u015eehri\u201d olarak belirlendi. Kat\u0131l\u0131mc\u0131lar, \u00e7al\u0131\u015fmalar\u0131nda N\u00fckleer G\u00fc\u00e7 Santrali (NGS) in\u015faat\u00e7\u0131lar\u0131n\u0131n ya\u015fad\u0131\u011f\u0131 y\u00fcksek teknolojiye sahip, iyi tasarlanm\u0131\u015f bir \u015fehri tasvir etmeye davet ediliyor. Yar\u0131\u015fma kat\u0131l\u0131mc\u0131lar\u0131n g\u00fcvenli n\u00fckleer [&hellip;]<\/p>\n","protected":false},"author":2,"featured_media":37841,"comment_status":"closed","ping_status":"closed","sticky":false,"template":"","format":"standard","meta":{"footnotes":""},"categories":[3,11],"tags":[],"class_list":["post-37840","post","type-post","status-publish","format-standard","has-post-thumbnail","hentry","category-manset","category-teknoloji"],"views":3,"_links":{"self":[{"href":"https:\/\/mersinkadingazetesi.com\/index.php?rest_route=\/wp\/v2\/posts\/37840"}],"collection":[{"href":"https:\/\/mersinkadingazetesi.com\/index.php?rest_route=\/wp\/v2\/posts"}],"about":[{"href":"https:\/\/mersinkadingazetesi.com\/index.php?rest_route=\/wp\/v2\/types\/post"}],"author":[{"embeddable":true,"href":"https:\/\/mersinkadingazetesi.com\/index.php?rest_route=\/wp\/v2\/users\/2"}],"replies":[{"embeddable":true,"href":"https:\/\/mersinkadingazetesi.com\/index.php?rest_route=%2Fwp%2Fv2%2Fcomments&post=37840"}],"version-history":[{"count":1,"href":"https:\/\/mersinkadingazetesi.com\/index.php?rest_route=\/wp\/v2\/posts\/37840\/revisions"}],"predecessor-version":[{"id":37842,"href":"https:\/\/mersinkadingazetesi.com\/index.php?rest_route=\/wp\/v2\/posts\/37840\/revisions\/37842"}],"wp:featuredmedia":[{"embeddable":true,"href":"https:\/\/mersinkadingazetesi.com\/index.php?rest_route=\/wp\/v2\/media\/37841"}],"wp:attachment":[{"href":"https:\/\/mersinkadingazetesi.com\/index.php?rest_route=%2Fwp%2Fv2%2Fmedia&parent=37840"}],"wp:term":[{"taxonomy":"category","embeddable":true,"href":"https:\/\/mersinkadingazetesi.com\/index.php?rest_route=%2Fwp%2Fv2%2Fcategories&post=37840"},{"taxonomy":"post_tag","embeddable":true,"href":"https:\/\/mersinkadingazetesi.com\/index.php?rest_route=%2Fwp%2Fv2%2Ftags&post=37840"}],"curies":[{"name":"wp","href":"https:\/\/api.w.org\/{rel}","templated":true}]}}