{"id":37843,"date":"2024-12-15T09:24:19","date_gmt":"2024-12-15T06:24:19","guid":{"rendered":"https:\/\/mersinkadingazetesi.com\/?p=37843"},"modified":"2024-12-15T09:24:20","modified_gmt":"2024-12-15T06:24:20","slug":"dogru-isler-yapmak-bizim-iktidarimiza-nasip-olacak","status":"publish","type":"post","link":"https:\/\/mersinkadingazetesi.com\/?p=37843","title":{"rendered":"&#8220;DO\u011eRU \u0130\u015eLER YAPMAK B\u0130Z\u0130M \u0130KT\u0130DARIMIZA NAS\u0130P OLACAK&#8221;"},"content":{"rendered":"\n<p>Mersin B\u00fcy\u00fck\u015fehir Belediye Ba\u015fkan\u0131 Vahap Se\u00e7er ve Mersinden Kad\u0131n Kooperatifi Ba\u015fkan\u0131 Meral Se\u00e7er, Yeni\u015fehir Fuar Merkezi&#8217;nde 12 Aral\u0131k&#8217;ta ziyaret\u00e7ilerine kap\u0131lar\u0131n\u0131 a\u00e7an&nbsp;<strong>&#8216;Mersin Tar\u0131m Fuar\u0131&#8217;<\/strong>n\u0131 ziyaret ederek, fuarda yer alan stantlar\u0131 gezdi. Ba\u015fkan Se\u00e7er ve Meral Se\u00e7er, tar\u0131m sekt\u00f6r\u00fcn\u00fcn en \u00f6nemli bulu\u015fmalar\u0131ndan biri olan Mersin Tar\u0131m Fuar\u0131&#8217;nda fuar ziyaret\u00e7ileri ve stant sahipleri ile bir araya geldi.<\/p>\n\n\n\n<p>Ba\u015fkan Vahap Se\u00e7er ve Meral Se\u00e7er, ziyaret ettikleri stantlarda ilgi ile kar\u015f\u0131lan\u0131rken, stantlar hakk\u0131nda da detayl\u0131 bilgiler edindi. Ba\u015fkan Se\u00e7er, fuar ziyareti esnas\u0131nda vatanda\u015flardan gelen talepleri de dinleyip, \u00e7al\u0131\u015fma arkada\u015flar\u0131na not ald\u0131r\u0131rd\u0131. Ba\u015fkan Se\u00e7er, fuarda yeni teknoloji tar\u0131m aletlerini de inceleme f\u0131rsat\u0131 buldu.<\/p>\n\n\n\n<p>Mersin B\u00fcy\u00fck\u015fehir Belediyesi&#8217;nin alan\u0131nda fuar boyunca Mersinden Kad\u0131n Kooperatifi&#8217;nin stand\u0131 da olmak \u00fczere toplam 7 kooperatifin stand\u0131 yer al\u0131yor.<\/p>\n\n\n\n<p><strong>Fuar; tar\u0131m\u0131n bir\u00e7ok alan\u0131na hitap ediyor<\/strong><\/p>\n\n\n\n<p>Tar\u0131msal \u00fcretim ve teknolojilerindeki son yeniliklerin yer ald\u0131\u011f\u0131 fuarda; tohumdan fideye, sulama teknolojilerinden bah\u00e7ecili\u011fe kadar tar\u0131m\u0131n bir\u00e7ok alan\u0131na hitap eden \u00fcr\u00fcnler sergileniyor. Yerli ve yabanc\u0131 bir\u00e7ok firma ile ziyaret\u00e7ilerini a\u011f\u0131rlayan fuar 15 Aral\u0131k tarihine kadar a\u00e7\u0131k. Medya Trend Fuarc\u0131l\u0131k taraf\u0131ndan d\u00fczenlenen fuar, tohumdan fideye, sulama teknolojilerinden bah\u00e7ecili\u011fe kadar tar\u0131m\u0131n bir\u00e7ok alan\u0131na hitap ediyor.<\/p>\n\n\n\n<p><strong>Ba\u015fkan Se\u00e7er: &#8220;\u00dcreticimiz i\u00e7in de firmalar i\u00e7in de son derece yararl\u0131 bir fuar&#8221;<\/strong><\/p>\n\n\n\n<p>Fuar\u0131n olduk\u00e7a yo\u011fun ve g\u00fczel ge\u00e7ti\u011fini ifade eden Ba\u015fkan Se\u00e7er,&nbsp;<strong>&#8220;B\u00f6yle bir enerjiyi ilk kez g\u00f6r\u00fcyorum. Buras\u0131 tar\u0131m b\u00f6lgesi, tam da yerine uygun bir fuar. Burada, b\u00fct\u00fcn il\u00e7elerimizden ve T\u00fcrkiye&#8217;nin farkl\u0131 b\u00f6lgelerinden gelen \u00fcreticileri g\u00f6rd\u00fcm. Bu da sevindirici. Tar\u0131m, g\u0131da, sera konusunda faaliyet g\u00f6steren \u00e7ok say\u0131da \u00f6nemli firma burada \u00e7ok g\u00fczel stantlar a\u00e7m\u0131\u015f. \u00dcreticimiz i\u00e7in de tar\u0131msal alet, ekipman, girdi satan firmalar i\u00e7in de son derece g\u00fczel bir organizasyon. Bu fuar; daha efektif, daha kaliteli ve daha g\u00fczel \u00fcretimler yapmak, karl\u0131l\u0131klar\u0131n\u0131 daha da art\u0131rmak i\u00e7in her iki tarafa da \u00f6nemli bir f\u0131rsat sunuyor&#8221;<\/strong>&nbsp;dedi.<\/p>\n\n\n\n<p><strong>&#8220;Mersin B\u00fcy\u00fck\u015fehir olarak tar\u0131ma \u00e7ok \u00f6nemli destekler sunuyoruz&#8221;<\/strong><\/p>\n\n\n\n<p>Tar\u0131m\u0131n; T\u00fcrkiye i\u00e7in \u00f6nemine de\u011finen Ba\u015fkan Se\u00e7er, toplam istihdam\u0131n 4&#8217;te 1&#8217;inin tar\u0131m sekt\u00f6r\u00fcnde oldu\u011funu vurgulad\u0131.&nbsp;&nbsp;Tar\u0131m\u0131n istihdam konusundaki sorunlar\u0131n \u00e7\u00f6z\u00fcm\u00fcnde \u00f6nemli yeri oldu\u011funu s\u00f6yleyen Ba\u015fkan Se\u00e7er,&nbsp;&nbsp;&#8216;bacas\u0131z fabrika&#8217; deyiminin tar\u0131m i\u00e7in de ge\u00e7erli oldu\u011funu s\u00f6zlerine ekledi. T\u00fcm bunlar d\u00fc\u015f\u00fcn\u00fcld\u00fc\u011f\u00fcnde tar\u0131ma \u00e7ok daha fazla \u00f6nem verilmesi gerekti\u011fini belirterek konu\u015fmas\u0131n\u0131 s\u00fcrd\u00fcren Ba\u015fkan Se\u00e7er,&nbsp;<strong>&#8220;Hep onun i\u00e7in; &#8216;tar\u0131ma de\u011fer verin, \u00f6nem verin&#8217; diyoruz. Mersin B\u00fcy\u00fck\u015fehir Belediyesi olarak hem tar\u0131ma hem hayvanc\u0131l\u0131\u011fa \u00e7ok \u00f6nemli, \u00e7ok de\u011ferli destekler sunuyoruz. Kad\u0131n \u00fcreticiler ba\u015fta olmak \u00fczere bizim birinci derece hedef kitlemiz k\u00fc\u00e7\u00fck \u00fcreticiler. Biz, insanlar \u00fcretsin istiyoruz. \u00d6zellikle k\u00f6yde ya\u015fayan kad\u0131nlar \u00e7al\u0131\u015fmak ve \u00fcretmek istiyor. O enerjisi ve niyeti var ama destek gerekiyor. Biz de B\u00fcy\u00fck\u015fehir Belediyesi olarak gerekli destekleri yapma gayreti i\u00e7erisindeyiz&#8221;&nbsp;<\/strong>ifadelerine yer verdi.<\/p>\n\n\n\n<p><strong>&#8220;&#8216;Tar\u0131mda \u00e7ok iyi geli\u015fmeler oldu&#8217; diyemem&#8221;<\/strong><\/p>\n\n\n\n<p>Tar\u0131ma, devletin ilgili kurumlar\u0131n\u0131n da gerekli destekleri vermesi gerekti\u011finin alt\u0131n\u0131 \u00e7izen Se\u00e7er, bununla ilgili makro anlamda ilerleme kaydedilmedi\u011fine vurgu yapt\u0131. Se\u00e7er, \u015funlar\u0131 s\u00f6yledi:<\/p>\n\n\n\n<p><strong>&#8220;Tar\u0131m Bakanl\u0131\u011f\u0131, T\u00fcrkiye genelinde makro anlamda bu konuda projeleri haz\u0131rlayan, b\u00fcy\u00fck b\u00fct\u00e7eler kullanan bakanl\u0131k. \u00c7eyrek as\u0131rd\u0131r ayn\u0131 irade T\u00fcrkiye&#8217;yi y\u00f6netiyor. Tar\u0131m konusunda &#8216;\u00e7ok iyi geli\u015fmeler oldu&#8217; diyemiyorum. Hatta geri gidi\u015f oldu. D\u00fcnyaya ayak uyduram\u0131yoruz, geri kal\u0131yoruz. Bug\u00fcn, enerji kadar tar\u0131m da \u00f6nemli. Tar\u0131msal \u00fcretim olmazsa insan ya\u015fam\u0131 olmaz, g\u0131da olmaz. Belki de \u00f6n\u00fcm\u00fczdeki s\u00fcre\u00e7te en b\u00fcy\u00fck m\u00fccadeleler su ve g\u0131da \u00fczerine olacak. \u015eimdiden bunu hayk\u0131r\u0131yoruz; \u00fclkeyi y\u00f6netenlerin art\u0131k bu do\u011frultuda karar vermesi laz\u0131m ama mevcut iktidardan hi\u00e7bir umudum yok. \u00c7eyrek as\u0131rd\u0131r yapamad\u0131\u011f\u0131n\u0131 iktidarlar\u0131n\u0131n bitmesine bir-iki sene kalm\u0131\u015fken mi yapacaklar?.&#8221;<\/strong><\/p>\n\n\n\n<p><strong>&#8220;Do\u011fru i\u015fler yapmak bizim iktidar\u0131m\u0131za nasip olacak&#8221;<\/strong><\/p>\n\n\n\n<p>Se\u00e7er, iktidar olduklar\u0131nda tar\u0131m konusunda da \u00f6nemli i\u015fler yapacaklar\u0131n\u0131 s\u00f6zlerine ekleyerek,&nbsp;<strong>&#8220;Do\u011fru i\u015fler yapmak bizim iktidar\u0131m\u0131za nasip olacak. Bunu gayet de g\u00fczel yapaca\u011f\u0131z. Mersin&#8217;de tar\u0131ma nas\u0131l s\u0131ra d\u0131\u015f\u0131 i\u015fler yap\u0131yor ve ilkleri ger\u00e7ekle\u015ftiriyorsak T\u00fcrkiye&#8217;yi y\u00f6netirken de bunu yapacak birikimdeyiz, bilin\u00e7teyiz. Fuar\u0131m\u0131z\u0131n herkese yararl\u0131 olmas\u0131n\u0131 diliyorum. Eme\u011fi ge\u00e7en herkese \u00e7ok te\u015fekk\u00fcr ediyorum&#8221;&nbsp;<\/strong>dedi.<\/p>\n\n\n\n<p><strong>Meral Se\u00e7er: &#8220;Tar\u0131m politikalar\u0131n\u0131n \u00e7ok ciddi bi\u00e7imde ele al\u0131nmas\u0131 gerekiyor&#8221;<\/strong><\/p>\n\n\n\n<p>Mersinden Kad\u0131n Kooperatifi Ba\u015fkan\u0131 Meral Se\u00e7er de fuar\u0131n hem \u00fcretici i\u00e7in hem de firmalar\u0131n i\u015f birli\u011fi i\u00e7in \u00f6nemli oldu\u011funu vurgulad\u0131. Meral Se\u00e7er,&nbsp;<strong>&#8220;Biz de Mersinden Kad\u0131n Kooperatifi olarak; Mersin B\u00fcy\u00fck\u015fehir Belediyesi stand\u0131nda yer ald\u0131k. Fuara ilginin \u00e7ok olmas\u0131 bizim de tan\u0131n\u0131rl\u0131\u011f\u0131m\u0131za katk\u0131 sundu. Tar\u0131m; insanlar\u0131n ya\u015fam kayna\u011f\u0131nda en \u00f6nemli unsur. Tar\u0131m\u0131n geli\u015ftirilmesi, desteklenmesi, yok olmamas\u0131 i\u00e7in fuar \u00f6nemli bir etkinliktir ama bunun yan\u0131nda tar\u0131m politikalar\u0131n\u0131n da \u00e7ok ciddi \u015fekilde ele al\u0131n\u0131p, bizler ve gelece\u011fimiz i\u00e7in planlanmas\u0131 gerekiyor&#8221;&nbsp;<\/strong>ifadelerini kulland\u0131.<\/p>\n\n\n\n<p><strong>Fuar&#8217;da, Mersin B\u00fcy\u00fck\u015fehir a\u00e7t\u0131\u011f\u0131 stant ile yo\u011fun ilgi g\u00f6r\u00fcyor<\/strong><\/p>\n\n\n\n<p>Mersin B\u00fcy\u00fck\u015fehir Belediyesi Tar\u0131msal Hizmetler Dairesi Ba\u015fkanl\u0131\u011f\u0131 stand\u0131nda; fuar boyunca kendi \u00fcr\u00fcnlerini anlatabilmeleri, tan\u0131tabilmeleri ve \u00fcr\u00fcn gamlar\u0131n\u0131 geli\u015ftirebilmeleri ad\u0131na yapm\u0131\u015f olduklar\u0131 \u00e7al\u0131\u015fmalar\u0131 vatanda\u015flara anlatabilmeleri i\u00e7in 7 kooperatife yer veriyor.<\/p>\n\n\n\n<p>Mersin B\u00fcy\u00fck\u015fehir Belediyesi ekipleri, stantlar\u0131n\u0131 ziyaret eden kat\u0131l\u0131mc\u0131lara tar\u0131msal alanda yapt\u0131klar\u0131 \u00e7al\u0131\u015fmalar\u0131 anlat\u0131rken, ayn\u0131 zamanda \u00fcreticilerin de taleplerini dinliyor. Gelen misafirlere; projelerin gerek g\u00f6rsellerle gerekse de kitap\u00e7\u0131klarla anlat\u0131m\u0131 sa\u011flan\u0131yor. Fuar boyunca Distilasyon Cihaz\u0131 ile de \u00e7e\u015fitli bitkilerin ya\u011flar\u0131n\u0131n \u00e7\u0131kar\u0131lma i\u015flemi ger\u00e7ekle\u015ftirilerek tan\u0131t\u0131m\u0131 yap\u0131l\u0131yor.<\/p>\n\n\n\n<p>Mersin B\u00fcy\u00fck\u015fehir Belediyesi taraf\u0131ndan; S. S. Mersin Kad\u0131n Giri\u015fim \u00dcretme ve \u0130\u015fletme Kooperatifi, S. S. Mezitli \u00dcretici Kad\u0131n Giri\u015fimi \u00dcretim ve \u0130\u015fletme Kooperatifi, S. S. Anamur Tropikal Meyve \u00dcretim ve Pazarlama Kooperatifi, S. S. Anamur Kad\u0131n Giri\u015fimi \u00dcretim ve \u0130\u015fletme Kooperatifi, S. S. Akdeniz Renklieller Kad\u0131n \u00dcretim ve \u0130\u015fletme Kooperatifi, S. S. Tarsus Eshab-\u0131 Kehf Kalk\u0131nma Kooperatifi ile&nbsp; S.S. \u00c7alt\u0131bozk\u0131r \u00dcretim ve Pazarlama Kooperatifi&#8217;ne destek verildi.<\/p>\n","protected":false},"excerpt":{"rendered":"<p>Mersin B\u00fcy\u00fck\u015fehir Belediye Ba\u015fkan\u0131 Vahap Se\u00e7er ve Mersinden Kad\u0131n Kooperatifi Ba\u015fkan\u0131 Meral Se\u00e7er, Yeni\u015fehir Fuar Merkezi&#8217;nde 12 Aral\u0131k&#8217;ta ziyaret\u00e7ilerine kap\u0131lar\u0131n\u0131 a\u00e7an&nbsp;&#8216;Mersin Tar\u0131m Fuar\u0131&#8217;n\u0131 ziyaret ederek, fuarda yer alan stantlar\u0131 gezdi. Ba\u015fkan Se\u00e7er ve Meral Se\u00e7er, tar\u0131m sekt\u00f6r\u00fcn\u00fcn en \u00f6nemli bulu\u015fmalar\u0131ndan biri olan Mersin Tar\u0131m Fuar\u0131&#8217;nda fuar ziyaret\u00e7ileri ve stant sahipleri ile bir araya geldi. Ba\u015fkan [&hellip;]<\/p>\n","protected":false},"author":2,"featured_media":37844,"comment_status":"closed","ping_status":"closed","sticky":false,"template":"","format":"standard","meta":{"footnotes":""},"categories":[3],"tags":[],"class_list":["post-37843","post","type-post","status-publish","format-standard","has-post-thumbnail","hentry","category-manset"],"views":6,"_links":{"self":[{"href":"https:\/\/mersinkadingazetesi.com\/index.php?rest_route=\/wp\/v2\/posts\/37843"}],"collection":[{"href":"https:\/\/mersinkadingazetesi.com\/index.php?rest_route=\/wp\/v2\/posts"}],"about":[{"href":"https:\/\/mersinkadingazetesi.com\/index.php?rest_route=\/wp\/v2\/types\/post"}],"author":[{"embeddable":true,"href":"https:\/\/mersinkadingazetesi.com\/index.php?rest_route=\/wp\/v2\/users\/2"}],"replies":[{"embeddable":true,"href":"https:\/\/mersinkadingazetesi.com\/index.php?rest_route=%2Fwp%2Fv2%2Fcomments&post=37843"}],"version-history":[{"count":1,"href":"https:\/\/mersinkadingazetesi.com\/index.php?rest_route=\/wp\/v2\/posts\/37843\/revisions"}],"predecessor-version":[{"id":37845,"href":"https:\/\/mersinkadingazetesi.com\/index.php?rest_route=\/wp\/v2\/posts\/37843\/revisions\/37845"}],"wp:featuredmedia":[{"embeddable":true,"href":"https:\/\/mersinkadingazetesi.com\/index.php?rest_route=\/wp\/v2\/media\/37844"}],"wp:attachment":[{"href":"https:\/\/mersinkadingazetesi.com\/index.php?rest_route=%2Fwp%2Fv2%2Fmedia&parent=37843"}],"wp:term":[{"taxonomy":"category","embeddable":true,"href":"https:\/\/mersinkadingazetesi.com\/index.php?rest_route=%2Fwp%2Fv2%2Fcategories&post=37843"},{"taxonomy":"post_tag","embeddable":true,"href":"https:\/\/mersinkadingazetesi.com\/index.php?rest_route=%2Fwp%2Fv2%2Ftags&post=37843"}],"curies":[{"name":"wp","href":"https:\/\/api.w.org\/{rel}","templated":true}]}}