{"id":37849,"date":"2024-12-15T09:28:47","date_gmt":"2024-12-15T06:28:47","guid":{"rendered":"https:\/\/mersinkadingazetesi.com\/?p=37849"},"modified":"2024-12-15T09:28:48","modified_gmt":"2024-12-15T06:28:48","slug":"27nci-ucan-supurge-kadin-filmleri-festivali-mersinde","status":"publish","type":"post","link":"https:\/\/mersinkadingazetesi.com\/?p=37849","title":{"rendered":"27&#8217;NC\u0130 U\u00c7AN S\u00dcP\u00dcRGE KADIN F\u0130LMLER\u0130 FEST\u0130VAL\u0130 MERS\u0130N&#8217;DE"},"content":{"rendered":"\n<p>27&#8217;nci U\u00e7an S\u00fcp\u00fcrge Kad\u0131n Filmleri Festivali; Mersin B\u00fcy\u00fck\u015fehir Belediyesi Sinema Ofisi, U\u00e7an S\u00fcp\u00fcrge Vakf\u0131, Kad\u0131n Gazeteciler Derne\u011fi (KGD) ve Kad\u0131ndan Haber i\u015f birli\u011finde Mersin&#8217;de ilk kez yap\u0131ld\u0131. Mersin&#8217;de ilk g\u00f6sterimini d\u00fcn gece yap\u0131lan gala ile ba\u015flayan festivale vatanda\u015flar yo\u011fun ilgi g\u00f6sterdi. Kongre ve Sergi Saray\u0131&#8217;nda yap\u0131lan festivalin ilk filmi&nbsp;<strong>&#8216;Yolda&#8217;<\/strong>&nbsp;oldu.<\/p>\n\n\n\n<p><strong>G\u00fcner:<\/strong>&nbsp;<strong>&#8220;Bu festivaller ve filmler anlatamad\u0131klar\u0131m\u0131z\u0131 anlatma y\u00f6ntemidir&#8217;<\/strong><\/p>\n\n\n\n<p>Daha sonra s\u00f6z alan U\u00e7an S\u00fcp\u00fcrge Vakf\u0131 Ba\u015fkan\u0131 Halime G\u00fcner, festivalin Mersin g\u00f6sterimi i\u00e7in b\u00fcy\u00fck \u00e7abalar sarf edildi\u011fine dikkat \u00e7ekerken bu s\u00fcre\u00e7te \u00e7ok farkl\u0131 ya\u015f aral\u0131klar\u0131ndaki kad\u0131nlarla \u00e7al\u0131\u015f\u0131ld\u0131\u011f\u0131n\u0131 s\u00f6yledi. G\u00fcner,&nbsp;<strong>&#8220;Bu festivaller, bu filmler, bizi sineman\u0131n i\u00e7indeki kad\u0131nlar\u0131n rolleriyle anlatamad\u0131klar\u0131m\u0131z\u0131 anlatma y\u00f6ntemidir. Her filmin ard\u0131ndan bir s\u00f6yle\u015fi var. \u00c7\u00fcnk\u00fc biz ya\u015fad\u0131klar\u0131m\u0131z\u0131 konu\u015farak payla\u015fmay\u0131 ve bu yolla g\u00fc\u00e7lenmeyi seviyoruz. Biz buradan ileti\u015fimi, i\u015f birli\u011finin daha \u00e7ok art\u0131r\u0131lmas\u0131 i\u00e7in bir el verdik. Bu eli al\u0131p g\u00f6t\u00fcrecek, ta\u015f\u0131yacak olan kar\u015f\u0131da g\u00f6rd\u00fc\u011f\u00fcn\u00fcz \u00e7al\u0131\u015fma ekibidir. Festivalimiz hay\u0131rl\u0131 olsun biz her zaman var\u0131z&#8221;&nbsp;<\/strong>diye konu\u015ftu.<\/p>\n\n\n\n<p><strong>&#8220;Ya\u015fas\u0131n setler, diziler, filimler, insan olmay\u0131 bilenler&#8221;<\/strong><\/p>\n\n\n\n<p>Festivale konuk olarak kat\u0131lan, U\u00e7an S\u00fcp\u00fcrge Bilge Olga\u00e7 Ba\u015far\u0131 \u00d6d\u00fcl\u00fc Sahibi oyuncu Meltem Cumbul da \u00f6nemli mesajlar verdi\u011fi bir konu\u015fma yapt\u0131. Oyuncular Sendikas\u0131 Ba\u015fkanl\u0131\u011f\u0131 yapt\u0131\u011f\u0131 d\u00f6neminde akademik bir \u00e7al\u0131\u015fma yap\u0131ld\u0131\u011f\u0131n\u0131 s\u00f6yleyen Cumbul, bu \u00e7al\u0131\u015fma sonucunda oyunculuk alan\u0131ndaki en b\u00fcy\u00fck sorununun etik, istismar ve mobbing olarak ortaya \u00e7\u0131kt\u0131\u011f\u0131n\u0131 s\u00f6yledi.&nbsp;&nbsp;Oyunculuk alan\u0131nda m\u00fccadele y\u00fcr\u00fcten kad\u0131nlar\u0131n pek \u00e7ok sorunla kar\u015f\u0131la\u015ft\u0131\u011f\u0131n\u0131 s\u00f6yleyen Cumbul,&nbsp;<strong>&#8220;Ankete kat\u0131lan bir kad\u0131n, &#8216;bu sette \u00e7ocuk var adl\u0131 kampanya gere\u011fince ald\u0131rd\u0131\u011f\u0131m\u0131z bir karar olmas\u0131na ra\u011fmen y\u00f6netmelik hala \u00e7\u0131kmad\u0131, ald\u0131rd\u0131\u011f\u0131m\u0131z karar uygulanmad\u0131.&nbsp;&nbsp;Oyuncu olarak yer ald\u0131\u011f\u0131m diziyle ilk b\u00f6l\u00fcm\u00fc \u00e7ekilmeden yollar\u0131m\u0131z\u0131 ay\u0131r\u0131rken, 10 y\u0131l kadar i\u015fsiz b\u0131rak\u0131ld\u0131m&#8217; diyor.&nbsp;&nbsp;40 ya\u015f \u00fczeri kad\u0131nlar\u0131n yaln\u0131zca anne rollerinde yer al\u0131rken, a\u00e7\u0131k sa\u00e7\u0131k giyinmemesi, kendinden ya\u015f\u00e7a k\u00fc\u00e7\u00fck erkeklerle birlikte olmamas\u0131, menajerleri taraf\u0131ndan yasaklar getirilmesi s\u00f6z konusu. Kad\u0131n oyuncular bu gibi nedenlerle menajerleriyle yollar\u0131n\u0131 ay\u0131r\u0131yor. &#8216;Kad\u0131n oyuncularla \u00e7al\u0131\u015fmak zor. Erkek oyuncularla \u00e7al\u0131\u015fmak daha kolay&#8217; diyen menajerler konu kad\u0131n oldu\u011funda daha kolay s\u00f6z s\u00f6yleyebilir. Ya\u015fas\u0131n setler, ya\u015fas\u0131n sahne, ya\u015fas\u0131n diziler, ya\u015fas\u0131n filmler, ya\u015fas\u0131n insan olmay\u0131 bilenler&#8221;&nbsp;<\/strong>ifadelerine yer verdi.<\/p>\n\n\n\n<p><strong>Sar\u0131kaya: &#8216;K\u0131v\u0131lc\u0131m\u0131n temelinde m\u00fccadele ve kad\u0131nlar\u0131n direni\u015fi var&#8217;<\/strong><\/p>\n\n\n\n<p>Festivalin a\u00e7\u0131l\u0131\u015f konu\u015fmas\u0131n\u0131 yapan Kad\u0131n Gazeteciler Derne\u011fi Ba\u015fkan\u0131 Fato\u015f Sar\u0131kaya, 27 y\u0131ld\u0131r kad\u0131n hikayelerini, emeklerini ve dayan\u0131\u015fmay\u0131 ilke edinerek canl\u0131 bir tarih haline gelen U\u00e7an S\u00fcp\u00fcrge Filmleri Festivali&#8217;ni Mersin&#8217;de ya\u015fat\u0131yor olman\u0131n heyecan\u0131n\u0131 ta\u015f\u0131d\u0131klar\u0131n\u0131 s\u00f6yledi.&nbsp;<strong>&#8220;Eril medyaya kar\u015f\u0131 feminist bas\u0131n&#8221;<\/strong>&nbsp;anlay\u0131\u015f\u0131yla cinsiyet e\u015fitsizliklerini ve bask\u0131lar\u0131 g\u00f6r\u00fcn\u00fcr k\u0131lmaya \u00e7al\u0131\u015ft\u0131klar\u0131n\u0131 vurgulayan Sar\u0131kaya, Kad\u0131n Gazeteciler Derne\u011fi&#8217;nin kurulu\u015f ama\u00e7lar\u0131n\u0131 anlatt\u0131. Sar\u0131kaya,&nbsp;<strong>&#8220;Bu k\u0131v\u0131lc\u0131m\u0131n temelinde feminist m\u00fccadele ve kad\u0131nlar\u0131n direni\u015fi var&#8221;<\/strong>&nbsp;derken, festivalle ilgili de,&nbsp;<strong>&#8220;Bizler kad\u0131n hareketinin miras\u0131n\u0131n fark\u0131nda olan kad\u0131nlar olarak, bug\u00fcn ilk kez ba\u015flad\u0131\u011f\u0131m\u0131z film festivalinin bizden sonra da Mersin&#8217;e miras kals\u0131n istiyoruz. Festivalde, \u00e7e\u015fitli s\u00f6yle\u015filerle kad\u0131nlar\u0131n eme\u011fini, hikayelerini ve dayan\u0131\u015fmas\u0131n\u0131 daha yak\u0131ndan g\u00f6rme f\u0131rsat\u0131 bulaca\u011f\u0131z. Bu organizasyonu Mersin&#8217;de hayata ge\u00e7irmek i\u00e7in emek veren herkese te\u015fekk\u00fcr ediyoruz.&nbsp;<\/strong>Bu festival, yaln\u0131zca bir bulu\u015fma de\u011fil; kad\u0131nlar\u0131n eme\u011fi, m\u00fccadelesi ve direnciyle \u00f6r\u00fclm\u00fc\u015f bir yolculuk&#8221; ifadelerini kulland\u0131.<\/p>\n\n\n\n<p><strong>\u00d6zy\u00fcrek: &#8216;Yaln\u0131zl\u0131k hissim kalabal\u0131k kad\u0131nlarla yok oldu&#8217;<\/strong><\/p>\n\n\n\n<p>Daha sonra s\u00f6z alan Gen\u00e7 Cad\u0131 \u00d6d\u00fcl\u00fcn\u00fcn sahibi \u00d6yk\u00fc Su \u00d6zy\u00fcrek, 2023 y\u0131l\u0131nda yaln\u0131z hissetti\u011fi bir d\u00f6nemde U\u00e7an S\u00fcp\u00fcrge ile tan\u0131\u015ft\u0131\u011f\u0131n\u0131 ve yine b\u00f6yle bir kalabal\u0131kta, k\u0131z karde\u015flik ba\u011f\u0131 olan kad\u0131nlarla birlikte yaln\u0131zl\u0131k hissinin yok oldu\u011funu s\u00f6yledi. \u00d6zy\u00fcrek,&nbsp;<strong>&#8220;B\u00f6yle i\u015flerin olmas\u0131 \u00e7\u0131rak bir oyuncu i\u00e7in \u00e7ok \u00f6nemli \u015feyler. Bana burada g\u00fc\u00e7 verdi\u011finiz i\u00e7in \u00e7ok te\u015fekk\u00fcr ederim&#8221;<\/strong>&nbsp;dedi.<\/p>\n\n\n\n<p>Konu\u015fmalar\u0131n ard\u0131ndan Y\u00f6netmenli\u011fini \u00d6zge U\u00e7ar&#8217;\u0131n yapt\u0131\u011f\u0131 &#8220;Yolda&#8221; isimli filim g\u00f6sterildi. Ard\u0131ndan festivale kat\u0131lan oyunculara ve y\u00f6netmelere plaket takdim edildi.&nbsp;&nbsp;Film g\u00f6steriminin ard\u0131ndan festival kokteyl ile devam etti. Etkinlikler Pazar g\u00fcn\u00fc film g\u00f6sterimleri ve kad\u0131n y\u00f6netmenler ile oyuncular\u0131n s\u00f6yle\u015fileri ile devam edecek.<\/p>\n","protected":false},"excerpt":{"rendered":"<p>27&#8217;nci U\u00e7an S\u00fcp\u00fcrge Kad\u0131n Filmleri Festivali; Mersin B\u00fcy\u00fck\u015fehir Belediyesi Sinema Ofisi, U\u00e7an S\u00fcp\u00fcrge Vakf\u0131, Kad\u0131n Gazeteciler Derne\u011fi (KGD) ve Kad\u0131ndan Haber i\u015f birli\u011finde Mersin&#8217;de ilk kez yap\u0131ld\u0131. Mersin&#8217;de ilk g\u00f6sterimini d\u00fcn gece yap\u0131lan gala ile ba\u015flayan festivale vatanda\u015flar yo\u011fun ilgi g\u00f6sterdi. Kongre ve Sergi Saray\u0131&#8217;nda yap\u0131lan festivalin ilk filmi&nbsp;&#8216;Yolda&#8217;&nbsp;oldu. G\u00fcner:&nbsp;&#8220;Bu festivaller ve filmler anlatamad\u0131klar\u0131m\u0131z\u0131 anlatma [&hellip;]<\/p>\n","protected":false},"author":2,"featured_media":37850,"comment_status":"closed","ping_status":"closed","sticky":false,"template":"","format":"standard","meta":{"footnotes":""},"categories":[34,3],"tags":[],"class_list":["post-37849","post","type-post","status-publish","format-standard","has-post-thumbnail","hentry","category-flas-haber","category-manset"],"views":7,"_links":{"self":[{"href":"https:\/\/mersinkadingazetesi.com\/index.php?rest_route=\/wp\/v2\/posts\/37849"}],"collection":[{"href":"https:\/\/mersinkadingazetesi.com\/index.php?rest_route=\/wp\/v2\/posts"}],"about":[{"href":"https:\/\/mersinkadingazetesi.com\/index.php?rest_route=\/wp\/v2\/types\/post"}],"author":[{"embeddable":true,"href":"https:\/\/mersinkadingazetesi.com\/index.php?rest_route=\/wp\/v2\/users\/2"}],"replies":[{"embeddable":true,"href":"https:\/\/mersinkadingazetesi.com\/index.php?rest_route=%2Fwp%2Fv2%2Fcomments&post=37849"}],"version-history":[{"count":1,"href":"https:\/\/mersinkadingazetesi.com\/index.php?rest_route=\/wp\/v2\/posts\/37849\/revisions"}],"predecessor-version":[{"id":37851,"href":"https:\/\/mersinkadingazetesi.com\/index.php?rest_route=\/wp\/v2\/posts\/37849\/revisions\/37851"}],"wp:featuredmedia":[{"embeddable":true,"href":"https:\/\/mersinkadingazetesi.com\/index.php?rest_route=\/wp\/v2\/media\/37850"}],"wp:attachment":[{"href":"https:\/\/mersinkadingazetesi.com\/index.php?rest_route=%2Fwp%2Fv2%2Fmedia&parent=37849"}],"wp:term":[{"taxonomy":"category","embeddable":true,"href":"https:\/\/mersinkadingazetesi.com\/index.php?rest_route=%2Fwp%2Fv2%2Fcategories&post=37849"},{"taxonomy":"post_tag","embeddable":true,"href":"https:\/\/mersinkadingazetesi.com\/index.php?rest_route=%2Fwp%2Fv2%2Ftags&post=37849"}],"curies":[{"name":"wp","href":"https:\/\/api.w.org\/{rel}","templated":true}]}}