{"id":37852,"date":"2024-12-15T09:32:03","date_gmt":"2024-12-15T06:32:03","guid":{"rendered":"https:\/\/mersinkadingazetesi.com\/?p=37852"},"modified":"2024-12-15T09:32:03","modified_gmt":"2024-12-15T06:32:03","slug":"ucan-supurge-kadin-filmleri-festivali-2nci-gununde-soylesilerle-devam-etti","status":"publish","type":"post","link":"https:\/\/mersinkadingazetesi.com\/?p=37852","title":{"rendered":"U\u00e7an S\u00fcp\u00fcrge Kad\u0131n Filmleri Festivali 2&#8217;nci G\u00fcn\u00fcnde S\u00f6yle\u015filerle Devam Etti"},"content":{"rendered":"\n<p>27&#8217;nci U\u00e7an S\u00fcp\u00fcrge Film Festivali&#8217;nin Mersin&#8217;de d\u00fczenlenen ilk g\u00f6sterimi, 2&#8217;nci g\u00fcn\u00fcnde. G\u00fcn boyunca s\u00f6yle\u015filer ve film g\u00f6sterimleri ile devam eden festival yo\u011fun bir kat\u0131l\u0131m ile sona erdi.<\/p>\n\n\n\n<p>U\u00e7an S\u00fcp\u00fcrge Vakf\u0131, Kad\u0131n Gazeteciler Derne\u011fi, Kad\u0131ndan Haber ve Mersin Sinema Ofisi ortakl\u0131\u011f\u0131nda d\u00fczenlenen U\u00e7an S\u00fcp\u00fcrge Kad\u0131n Filmleri Festivali&#8217;nin 2&#8217;nci g\u00fcn\u00fc yo\u011fun kat\u0131l\u0131mla devam etti. Mersin&#8217;li sinemaseverlerin yo\u011fun kat\u0131l\u0131m sa\u011flad\u0131\u011f\u0131 festivalde salon t\u0131kl\u0131m t\u0131kl\u0131m dolarken, &#8220;Kim Mihri&#8221;, &#8220;Ma\u015fallah&#8221;, &#8220;Onun Kalesinde&#8221;, &#8220;Ruj&#8221;, &#8220;Zarafet ve \u015eiddet Aras\u0131nda&#8221;, &#8220;Darge\u00e7it&#8221;, &#8220;Eve D\u00f6n\u00fc\u015f&#8221;, &#8220;Yaz Tatili&#8221;, &#8220;Ya\u011fmurlar Ya\u011fd\u0131\u011f\u0131 Zaman&#8221;, Kara Elmas&#8221; gibi pek \u00e7ok filim g\u00f6sterime sunuldu.<\/p>\n\n\n\n<p>&#8216;Sette Anneysen ve Kad\u0131nsan \u00c7ok B\u00fcy\u00fck Sorumluluklar Y\u00fckleniyor&#8217;<\/p>\n\n\n\n<p>&nbsp;Festivalin 2&#8217;nci g\u00fcn\u00fc Prof. Senem Duruel Erk\u0131l\u0131\u00e7&#8217;\u0131n moderat\u00f6rl\u00fc\u011f\u00fcn\u00fc yapt\u0131\u011f\u0131 ve Yap\u0131m Tasar\u0131mc\u0131s\u0131 Natali Yeres&#8217;in konu\u015fmac\u0131 oldu\u011fu &#8220;Sinema Sekt\u00f6r\u00fcnde Kad\u0131n \u0130\u015fg\u00fcc\u00fc ba\u015fl\u0131kl\u0131 s\u00f6yle\u015fisi ile ba\u015flad\u0131. Kad\u0131nlar\u0131n sinema sekt\u00f6r\u00fcnde daha \u00e7ok sanat alan\u0131na y\u00f6nlendirildi\u011fine i\u015faret etti. Yeres, &#8220;Yap\u0131mc\u0131lar bak\u0131yor, g\u00fczel giyiniyorsan &#8216;hadi seni sanat departman\u0131na alal\u0131m&#8217; diyor. Set dedi\u011fimiz ortam \u00e7ok vah\u015fi olabiliyor. \u00c7ocu\u011fun, hayvan\u0131n, insan\u0131n sanki d\u00fcnyay\u0131 kurtar\u0131yormu\u015f\u00e7as\u0131na g\u00f6z ard\u0131 edildi\u011fi bir alan. Biz daha buralar\u0131 \u00e7\u00f6zemedik.&nbsp; Birde orda anneysen, kad\u0131nsan ve sette \u00e7al\u0131\u015f\u0131yorsan sana \u00e7ok b\u00fcy\u00fck sorumluluklar y\u00fckleniyor. Bir set \u00e7al\u0131\u015fan\u0131 baba oldu\u011funda benzer beklentiler olmuyor ama kad\u0131nlar ya bir s\u00fcreli\u011fine i\u015finden ayr\u0131labiliyor. Yani anneyse annelik sorumlulu\u011funu yerine getirmelidir, sette \u00e7ok uzun s\u00fcre bulunamaz. Buralar\u0131n \u00e7ok ilkel kald\u0131\u011f\u0131n\u0131 ve genelde bir set sorunundan bahsedeceksek bunun \u00e7ok temelden ba\u015flad\u0131\u011f\u0131n\u0131 ve hiyerar\u015fik olarak \u015fekillendi\u011fini g\u00f6r\u00fcr\u00fcz&#8221; diye konu\u015ftu. &nbsp;<\/p>\n\n\n\n<p>&#8216;Kameras\u0131n\u0131 Al\u0131p Filim \u00c7eken Kad\u0131n Y\u00f6netmenler \u00c7o\u011fald\u0131&#8217;<\/p>\n\n\n\n<p>Hiyerar\u015finin olmas\u0131 gerekti\u011fi durumlar\u0131n \u00f6tesinde, bir g\u00fc\u00e7 olarak dayat\u0131ld\u0131\u011f\u0131n\u0131 belirten Yeres, bunun umutsuzlu\u011fa yol a\u00e7t\u0131\u011f\u0131n\u0131 dile getirdi. Yeres, internetin yayg\u0131nla\u015fmas\u0131yla beraber sinemada demokratikle\u015fme tart\u0131\u015fmalar\u0131na da dikkat \u00e7ekti. Yeres, \u015f\u00f6yle konu\u015ftu: &#8220;Demokratikle\u015fmeyi sa\u011flad\u0131 m\u0131 \u00e7ok emin de\u011finelim ama art\u0131k cep telefonu ile bile filmler \u00e7ekiliyor. Kameras\u0131n\u0131 al\u0131p filmini \u00e7eken bir \u00e7ok kad\u0131n y\u00f6netmenimiz oldu. B\u00f6yle bir rahatl\u0131\u011f\u0131 var ama o dijital mesele \u00e7ok ba\u015fka yerlere gidip, \u00e7ok tehlikeli boyutlara ula\u015fabiliyor. Kad\u0131nlar a\u00e7\u0131s\u0131ndan festivaller, baz\u0131 formlar baz\u0131 kap\u0131lar a\u00e7t\u0131. O kap\u0131lar\u0131 a\u00e7an desteklerin hayata ge\u00e7mesi daha kolayla\u015ft\u0131. Dijitalle bir \u015fey yap\u0131yor olmak hareket alan\u0131n\u0131n geni\u015fletti\u011fi i\u00e7in verimimizi daha da artt\u0131rd\u0131 ve kad\u0131n y\u00f6netmenleri daha \u00e7ok duymaya ba\u015flad\u0131k.&nbsp; Feminist hareketin de daha aktif ve y\u00f6nlendirici hale gelmesiyle kad\u0131n y\u00f6netmenlerimiz \u00e7o\u011fald\u0131. Ancak T\u00fcrkiye&#8217;de kad\u0131n olarak bir \u015fey yap\u0131yorsan\u0131z &#8220;ra\u011fmen&#8221; yap\u0131yorsunuzdur. Bir i\u015fte bir erkek ve bir kad\u0131n varsa, erkek y\u00f6netmen daha iyi yapar gibi bir alg\u0131 var. Bunu bir m\u00fccadele haline d\u00f6n\u00fc\u015fmesi insan\u0131n i\u00e7ini s\u0131zlatan \u00e7ok daha bilin\u00e7li ve destek olarak ivmeyi y\u00fckseltece\u011fi bir alan olarak g\u00f6r\u00fcyorum&#8221;<\/p>\n\n\n\n<p>&#8216;Mihri Trajik De\u011fil Hayat\u0131n\u0131 Dolu Dolu Ya\u015fam\u0131\u015f Bir Kad\u0131n\u0131n \u00d6yk\u00fcs\u00fc&#8217;<\/p>\n\n\n\n<p>Festivalin birinci seans\u0131 &#8220;Kim Mihri&#8221; filminin g\u00f6sterimi ve Moderat\u00f6rl\u00fc\u011f\u00fcn\u00fc Ay\u015fenur \u00d6nal&#8217;\u0131n yapt\u0131\u011f\u0131 filmin y\u00f6netmeni Berna Gen\u00e7alp ile oyuncusu Feride \u00c7etin&#8217;in konuk oldu\u011fu s\u00f6yle\u015fiyle devam etti.<\/p>\n\n\n\n<p>Osmanl\u0131 d\u00f6neminde ilk \u00e7a\u011fda\u015f resim \u00e7al\u0131\u015fmalar\u0131n\u0131 ba\u015flatan kad\u0131n ressam Mihri M\u00fc\u015ffik&#8217;in hikayesini anlatan belgesel filminin \u00e7ekim s\u00fcrecine dair konu\u015fan Gen\u00e7alp, &#8220;\u00c7o\u011fu yerde Mihri&#8217;den \u00e7ok olumsuz bir havada bahsediliyordu. Hayat\u0131 trajik bir hikayeydi. Ama bana \u00f6yle gelmiyordu. Bana g\u00f6re, hayat\u0131n\u0131 doya doya ya\u015fam\u0131\u015f, yetene\u011fini heba etmemi\u015f bir kad\u0131nd\u0131&#8221; dedi.<\/p>\n\n\n\n<p>&#8216;Mihri \u0130le Birlikte Di\u011fer Kad\u0131nlar\u0131n Da An\u0131lmas\u0131n\u0131 Umut Ediyoruz&#8217;<\/p>\n\n\n\n<p>Film yapman\u0131n zor bir i\u015f oldu\u011funu s\u00f6yleyen Gen\u00e7alp, &#8220;Ben Mihri&#8221;nin Festival yolculu\u011fu ve ald\u0131\u011f\u0131 \u00f6d\u00fcller ile izleyiciye ula\u015fabildi\u011fini s\u00f6yledi. &#8220;\u00d6zel g\u00f6sterimler ve festival g\u00f6sterimleriyle 85 milyonluk \u00fclkede 3 bin ki\u015fiye ula\u015fmak \u00e7ok da bir \u015fey de\u011fil ama buna ula\u015famayanlarda var&#8221; diyen Gen\u00e7alp, \u015f\u00f6yle devam etti: &#8220;Ba\u011f\u0131ms\u0131z filimler devlet kanallar\u0131 g\u00f6steriyor mu? Ulusal kanallar g\u00f6steriyor mu? Dijital platformlar baz\u0131 filmler g\u00f6steriyor. Bir etkisinin olabilmesi i\u00e7in bizim daha \u00e7ok ki\u015fiye ula\u015f\u0131yor olmam\u0131z laz\u0131m ama ula\u015fabildi\u011fimiz kadar ki\u015fiye ula\u015f\u0131p onlarda fark\u0131ndal\u0131k yaratmay\u0131 da istiyoruz. Ula\u015ft\u0131\u011f\u0131m\u0131z ki\u015filerden de \u00e7ok olumlu d\u00f6n\u00fctler al\u0131yoruz. Ben bu filmin sadece bir Mihri filmi olmamas\u0131na dikkat ettim. Filmde bu ara\u015ft\u0131rmay\u0131 yapan akademisyenler, sanat\u00e7\u0131lar, yap\u0131mc\u0131lar, bu filmin \u00e7ok \u00e7e\u015fitli noktalar\u0131nda kad\u0131nlar var. Kad\u0131nlarla erkeklerin birlikte \u00e7al\u0131\u015ft\u0131klar\u0131 ama kilit noktalar\u0131n \u00e7o\u011funda kad\u0131nlar\u0131n oldu\u011fu bir film bu. Umut ediyorum ki ilerde &#8216;ya \u015fu sanat tarih\u00e7i de nas\u0131ld\u0131, \u015fu kad\u0131n da ne g\u00fczel ara\u015ft\u0131rm\u0131\u015f&#8217; diye di\u011fer kad\u0131nlar\u0131n emeklerinin de dahil edilmesini ve filmden \u00e7\u0131karken sadece Mihri ile de\u011fil de onunla birlikte di\u011fer herkesin an\u0131lmas\u0131n\u0131 isteriz.&#8221;<\/p>\n\n\n\n<p>&#8216;Filmde Mihri&#8217;yi \u00d6\u011frendik&#8217;<\/p>\n\n\n\n<p>Daha sonra s\u00f6z alan Feride \u00c7etin, Mihri ile k\u00fc\u00e7\u00fck ya\u015flar\u0131nda k\u00fct\u00fcphanelerde tan\u0131\u015ft\u0131\u011f\u0131n\u0131 dile getirirken, Gazeteci Murat Bardak\u00e7\u0131 gibi tarih\u00e7iler ve gazetecilerin Mihri hakk\u0131ndaki olumsuz g\u00f6r\u00fc\u015flerine dikkat \u00e7ekti. &#8220;Bak\u0131n Mihri gibi olursan\u0131z sonunuz korkun\u00e7. Kimsesizler mezarl\u0131\u011f\u0131 sizi bekliyor&#8221; gibi s\u00f6ylemlerin yayg\u0131n oldu\u011funa i\u015faret eden \u00c7etin, &#8220;Mihri hi\u00e7 de bahsedildi\u011fi gibi korkun\u00e7, kimsesiz bir kad\u0131n de\u011fildi. Yonca Ert\u00fcrk bana filmden bahsedince &#8216;l\u00fctfen beni de yan\u0131n\u0131za al\u0131n. Kablo falan ta\u015f\u0131r\u0131m&#8217; dedim ve yolculu\u011fumuz ba\u015flad\u0131. Benim k\u00fct\u00fcphanede edindi\u011fim bilgi ile \u00e7ok yetersizdi. Bu filmde yonca bir kaz\u0131c\u0131l\u0131k yapt\u0131. Ad\u0131m ad\u0131m Mihri&#8217;nin izini s\u00fcrd\u00fcler ve filmde Mihri&#8217;yi \u00f6\u011frendik. Ba\u015flad\u0131\u011f\u0131m\u0131zda tan\u0131d\u0131\u011f\u0131m\u0131z mihri ile canland\u0131rd\u0131\u011f\u0131m\u0131z Mihri bamba\u015fka ki\u015filerdi.<\/p>\n\n\n\n<p>&#8216;\u0130ster Kahramanl\u0131k \u0130ster S\u0131radan Olsun Kad\u0131nlar\u0131n Hikayeleri Anlat\u0131lmal\u0131&#8217;<\/p>\n\n\n\n<p>Festivalin 2&#8217;nci seans\u0131 ise moderat\u00f6rl\u00fc\u011f\u00fcn\u00fc Arzu G\u00f6rg\u00fcl\u00fc &#8216;n\u00fcn yapt\u0131\u011f\u0131, Y\u00f6netmen Ezgi Ay&#8217;\u0131n &#8220;Ma\u015fallah&#8221; ve Y\u00f6netmen \u015eirin Bahar Demirel&#8217;in &#8220;Zarafet ve \u015eiddet Aras\u0131nda&#8221; filmlerinin s\u00f6yle\u015fileri ile devam etti.<\/p>\n\n\n\n<p>Ya\u015fad\u0131\u011f\u0131 \u015feyi anlatmak zorunda hissetti\u011fini s\u00f6yleyen Demirel, kad\u0131nlar\u0131n hikayesinin anlat\u0131lmad\u0131\u011f\u0131 i\u00e7in yok oldu\u011funu s\u00f6yledi. Yok say\u0131lman\u0131n psikolojik ve fiziksel \u015fiddetin temelini olu\u015fturdu\u011funu s\u00f6yleyen Demirel, &#8220;Buna ailemden ba\u015flamak istedim. Anneannemin \u015eiddet g\u00f6rd\u00fc\u011f\u00fcn\u00fc, ak\u0131l hastanelerinde yatt\u0131\u011f\u0131n\u0131 hi\u00e7birimiz konu\u015fmuyoruz, yok say\u0131yorduk. Kar\u015f\u0131la\u015ft\u0131\u011f\u0131m\u0131z hikayeler beni bu i\u015fi yapmaya itti. Kad\u0131nlar\u0131n kaybolan hikayelerinin anlat\u0131lmas\u0131 gerekti\u011fini d\u00fc\u015f\u00fcn\u00fcyorum. \u0130ster kahramanl\u0131k ister s\u0131radan bir hikayesi olsun, kad\u0131nlar\u0131n hikayelerinin anlat\u0131lmas\u0131 gerekti\u011fini d\u00fc\u015f\u00fcn\u00fcyorum&#8221; diye konu\u015ftu. &nbsp;&nbsp;<\/p>\n\n\n\n<p>&#8216;Tabuydu Ama Konu\u015fulmas\u0131 Gerekiyordu&#8217;<\/p>\n\n\n\n<p>Demirel \u015f\u00f6yle devam etti: &#8220;Anneannemin ya\u015fad\u0131\u011f\u0131 \u015fiddet kimsenin bahsetmedi\u011fi, k\u00fc\u00e7\u00fck k\u00fc\u00e7\u00fck hikayelerin i\u00e7inde bir c\u00fcmle ile ge\u00e7irilen \u015feylerdi. Neden, nas\u0131l, ne zaman oldu sorular\u0131yla bir hikaye kuram\u0131yordum. Kimse konu\u015fmuyor, sorabilece\u011fim insan yok. Biraz kulaktan dolma bilgiler vard\u0131. Annem de anlatm\u0131yordu \u00e7\u00fcnk\u00fc utand\u0131\u011f\u0131 bir \u015feydi. \u00c7ok tabu bir konuydu ve iyile\u015ftirilmesi \u00e7ok zorluydu. Ben de kendi buldu\u011fum par\u00e7alardan kendi hikayemi yaratmay\u0131 tercih ettim. Anneannem ve dedem hayatta de\u011fildi. Ama konu\u015fmamam\u0131z gerekti\u011finden de emindim. Bence benim i\u00e7in rahatlatan ve anneannemin hikayesini en az\u0131ndan o bulutun i\u00e7erisinden \u00e7\u0131kart\u0131p &#8216;b\u00f6yle bir insan vard\u0131&#8217; demek benim i\u00e7in \u00f6nemliydi.<\/p>\n\n\n\n<p>&#8216;Ma\u015fallah Gard\u0131robun \u00d6n\u00fcnde Ge\u00e7en An\u0131n 40 Rengi&#8217;<\/p>\n\n\n\n<p>Ezgi Ay, kad\u0131nlar\u0131n evden \u00e7\u0131karken dahi yolda u\u011frayabilece\u011fi pek \u00e7ok \u015fiddet bi\u00e7imini d\u00fc\u015f\u00fcnerek hayat\u0131n\u0131 \u015fekillendirdi\u011fini vurgulayan Ay, \u015f\u00f6yle konu\u015ftu: &#8220;Asl\u0131nda bazen paranoya bile yapabiliyoruz ama bu ya\u015fad\u0131\u011f\u0131m\u0131z boyutun ba\u015fka bir boyutu da akl\u0131nla oynuyor olmas\u0131d\u0131r. Seni s\u00fcrekli bir otokontrole itiyor. O ilk laf atmayla birlikte bir ne yapaca\u011f\u0131n\u0131 bilememe hali koyal\u0131m dedik. Ko\u015farken ete\u011fini kapatmaya \u00e7al\u0131\u015f\u0131rken yanl\u0131\u015fl\u0131kla daha \u00e7ok a\u00e7mas\u0131 ve kamusal alanda daha az g\u00f6r\u00fcn\u00fcr olmaya \u00e7al\u0131\u015fmas\u0131yla ba\u015fl\u0131yor. Yani topuklu ayakkab\u0131 giymeyeyim, ayakkab\u0131m\u0131n sesi \u00e7\u0131kmas\u0131n ve eci\u015f b\u00fcc\u00fc\u015f olma hali ortaya \u00e7\u0131k\u0131yor. Son k\u0131s\u0131mda yer alan &#8220;Annemin duas\u0131&#8221; Ama\u00e7 o eci\u015f b\u00fcc\u00fc\u015fl\u00fckle biraz daha karanl\u0131\u011fa inmeyi ama\u00e7l\u0131yor. Ma\u015fallah gard\u0131robun \u00f6n\u00fcnde durdu\u011fun bir an\u0131 anlat\u0131yor ve o an\u0131n 40 rengi var. Hani hep karanl\u0131k de\u011fil muzip bir taraf\u0131 da var \u00fczerinden anlatmaya \u00e7al\u0131\u015ft\u0131k.&#8221;<\/p>\n\n\n\n<p>S\u00f6yle\u015filerin ard\u0131ndan s\u00f6yle\u015fide konu\u015fan kat\u0131l\u0131mc\u0131lara plaket takdim edilirken, film g\u00f6sterimleri 22.30&#8217;a kadar devam etti.&nbsp;Festival Pazar g\u00fcn\u00fc de film g\u00f6sterimleri, s\u00f6yle\u015filer ve at\u00f6lyeler ile devam edecek.<\/p>\n","protected":false},"excerpt":{"rendered":"<p>27&#8217;nci U\u00e7an S\u00fcp\u00fcrge Film Festivali&#8217;nin Mersin&#8217;de d\u00fczenlenen ilk g\u00f6sterimi, 2&#8217;nci g\u00fcn\u00fcnde. G\u00fcn boyunca s\u00f6yle\u015filer ve film g\u00f6sterimleri ile devam eden festival yo\u011fun bir kat\u0131l\u0131m ile sona erdi. U\u00e7an S\u00fcp\u00fcrge Vakf\u0131, Kad\u0131n Gazeteciler Derne\u011fi, Kad\u0131ndan Haber ve Mersin Sinema Ofisi ortakl\u0131\u011f\u0131nda d\u00fczenlenen U\u00e7an S\u00fcp\u00fcrge Kad\u0131n Filmleri Festivali&#8217;nin 2&#8217;nci g\u00fcn\u00fc yo\u011fun kat\u0131l\u0131mla devam etti. Mersin&#8217;li sinemaseverlerin yo\u011fun [&hellip;]<\/p>\n","protected":false},"author":2,"featured_media":37853,"comment_status":"closed","ping_status":"closed","sticky":false,"template":"","format":"standard","meta":{"footnotes":""},"categories":[3],"tags":[],"class_list":["post-37852","post","type-post","status-publish","format-standard","has-post-thumbnail","hentry","category-manset"],"views":6,"_links":{"self":[{"href":"https:\/\/mersinkadingazetesi.com\/index.php?rest_route=\/wp\/v2\/posts\/37852"}],"collection":[{"href":"https:\/\/mersinkadingazetesi.com\/index.php?rest_route=\/wp\/v2\/posts"}],"about":[{"href":"https:\/\/mersinkadingazetesi.com\/index.php?rest_route=\/wp\/v2\/types\/post"}],"author":[{"embeddable":true,"href":"https:\/\/mersinkadingazetesi.com\/index.php?rest_route=\/wp\/v2\/users\/2"}],"replies":[{"embeddable":true,"href":"https:\/\/mersinkadingazetesi.com\/index.php?rest_route=%2Fwp%2Fv2%2Fcomments&post=37852"}],"version-history":[{"count":1,"href":"https:\/\/mersinkadingazetesi.com\/index.php?rest_route=\/wp\/v2\/posts\/37852\/revisions"}],"predecessor-version":[{"id":37854,"href":"https:\/\/mersinkadingazetesi.com\/index.php?rest_route=\/wp\/v2\/posts\/37852\/revisions\/37854"}],"wp:featuredmedia":[{"embeddable":true,"href":"https:\/\/mersinkadingazetesi.com\/index.php?rest_route=\/wp\/v2\/media\/37853"}],"wp:attachment":[{"href":"https:\/\/mersinkadingazetesi.com\/index.php?rest_route=%2Fwp%2Fv2%2Fmedia&parent=37852"}],"wp:term":[{"taxonomy":"category","embeddable":true,"href":"https:\/\/mersinkadingazetesi.com\/index.php?rest_route=%2Fwp%2Fv2%2Fcategories&post=37852"},{"taxonomy":"post_tag","embeddable":true,"href":"https:\/\/mersinkadingazetesi.com\/index.php?rest_route=%2Fwp%2Fv2%2Ftags&post=37852"}],"curies":[{"name":"wp","href":"https:\/\/api.w.org\/{rel}","templated":true}]}}